{"id":543111,"date":"2025-11-18T19:30:19","date_gmt":"2025-11-18T19:30:19","guid":{"rendered":"https:\/\/www.europesays.com\/fr\/543111\/"},"modified":"2025-11-18T19:30:19","modified_gmt":"2025-11-18T19:30:19","slug":"un-suspect-interpelle-apres-le-meurtre-de-la-victime-de-48-ans-aux-olives","status":"publish","type":"post","link":"https:\/\/www.europesays.com\/fr\/543111\/","title":{"rendered":"un suspect interpell\u00e9 apr\u00e8s le meurtre de la victime de 48 ans aux Olives"},"content":{"rendered":"<p>\u00ab\u00a0Il est mort\u00a0\u00bb, glisse, la mine sombre, un riverain \u00e0 un passant qui connaissait la <a href=\"https:\/\/www.laprovence.com\/article\/faits-divers-justice\/1619112703957914\/un-homme-grievement-blesse-par-balle-aux-olives-dans-le-13e-arrondissement-de-marseille\" target=\"_blank\" rel=\"noopener\">victime<\/a>, ce mardi 18 novembre 2025, peu apr\u00e8s 15h, dans le quartier des Olives, dans le 13e arrondissement de Marseille. Moins d\u2019une heure plus t\u00f4t, alors qu\u2019\u00e0 quelques kilom\u00e8tres de l\u00e0, un imposant dispositif policier \u00e9tait d\u00e9ploy\u00e9 pour s\u00e9curiser les obs\u00e8ques de <a href=\"https:\/\/www.laprovence.com\/article\/region\/37363096212502\/les-obseques-de-mehdi-kessaci-auront-lieu-ce-mardi-une-marche-blanche-organisee-ce-week-end-a-marseille\" target=\"_blank\" rel=\"noopener\">Mehdi Kessaci<\/a>, \u00e0 Frais-Vallon, une fusillade, encore une, a \u00e9clat\u00e9 en plein apr\u00e8s-midi, cette fois dans une petite carrosserie de l\u2019avenue des Poilus.<\/p>\n<p>Pr\u00e9venus par les t\u00e9moins de la sc\u00e8ne, les marins-pompiers ont d\u00e9couvert la victime, un homme de quarante-huit ans en arr\u00eat cardiaque. Atteint notamment \u00e0 la t\u00eate par plusieurs balles tir\u00e9es \u00e0 l\u2019arme de poing de calibre 9mm, le quadrag\u00e9naire, originaire de la cit\u00e9 Fondacle, qui avait possiblement d\u00e9j\u00e0 travaill\u00e9 dans cette carrosserie (l&rsquo;enqu\u00eate devait toutefois encore lepr\u00e9ciser) a finalement succomb\u00e9 \u00e0 ses blessures moins d\u2019une heure apr\u00e8s sa prise en charge par les secours.<\/p>\n<p>Un suspect interpell\u00e9 peu apr\u00e8s<\/p>\n<p>Mais alors que l\u2019\u00e9quipe du Smur tentait encore de ranimer la victime, un \u00e9quipage de la police nationale a interpell\u00e9 un suspect. L\u2019homme arr\u00eat\u00e9, lui-m\u00eame \u00e2g\u00e9 d&rsquo;une quarantaine d&rsquo;ann\u00e9es, est en fait le g\u00e9rant de la carrosserie. Il est suspect\u00e9 d&rsquo;avoir ouvert le feu sur la victime, avant d&rsquo;avoir quitt\u00e9 la sc\u00e8ne de crime.<\/p>\n<p>Bless\u00e9, vraisemblablement \u00e0 la suite d&rsquo;un \u00e9change de coups, peut-\u00eatre avec la victime, le mis en cause a \u00e9t\u00e9 plac\u00e9 en garde \u00e0 vue \u00e0 l&rsquo;h\u00f4tel de police de l&rsquo;Ev\u00each\u00e9, tandis qu&rsquo;une enqu\u00eate pour homicide volontaire \u00e9tait ouverte par le parquet de Marseille, confi\u00e9e \u00e0 la division de la criminalit\u00e9 territoriale (DCT).<\/p>\n<p>Cinq jours apr\u00e8s l&rsquo;assassinat par un commando arm\u00e9 du fr\u00e8re d&rsquo;Amine Kessaci, quasiment \u00e0 la m\u00eame heure, \u00e0 quatre kilom\u00e8tres de l\u00e0, c\u2019est donc cette fois la piste d\u2019un diff\u00e9rend d\u2019ordre priv\u00e9 qui est, \u00e0 ce stade, largement privil\u00e9gi\u00e9e par les enqu\u00eateurs, plut\u00f4t que celle d\u2019une \u00e9ni\u00e8me effervescence sur fond de <a href=\"https:\/\/www.laprovence.com\/article\/faits-divers-justice\/16615486704367\/assassinat-de-mehdi-kessaci-a-marseille-le-narcobanditisme-a-t-il-franchi-un-nouveau-cap\" target=\"_blank\" rel=\"noopener\">narcobanditisme<\/a>. L&rsquo;origine du contentieux demeurait toutefois encore particuli\u00e8rement floue mardi soir.<\/p>\n","protected":false},"excerpt":{"rendered":"\u00ab\u00a0Il est mort\u00a0\u00bb, glisse, la mine sombre, un riverain \u00e0 un passant qui connaissait la victime, ce mardi&hellip;\n","protected":false},"author":2,"featured_media":543112,"comment_status":"","ping_status":"","sticky":false,"template":"","format":"standard","meta":{"footnotes":""},"categories":[2814],"tags":[17,1111,11,6195,1777,674,274,1011,27,4933,9817,884,12,5912,882,25,16022,5911],"class_list":{"0":"post-543111","1":"post","2":"type-post","3":"status-publish","4":"format-standard","5":"has-post-thumbnail","7":"category-marseille","8":"tag-17","9":"tag-actu","10":"tag-actualites","11":"tag-balle","12":"tag-eu","13":"tag-europe","14":"tag-faits-divers-justice","15":"tag-fr","16":"tag-france","17":"tag-homme","18":"tag-interpelle","19":"tag-marseille","20":"tag-news","21":"tag-par","22":"tag-provence-alpes-cote-dazur","23":"tag-republique-francaise","24":"tag-suspect","25":"tag-tue"},"share_on_mastodon":{"url":"https:\/\/pubeurope.com\/@fr\/115572363968304277","error":""},"_links":{"self":[{"href":"https:\/\/www.europesays.com\/fr\/wp-json\/wp\/v2\/posts\/543111","targetHints":{"allow":["GET"]}}],"collection":[{"href":"https:\/\/www.europesays.com\/fr\/wp-json\/wp\/v2\/posts"}],"about":[{"href":"https:\/\/www.europesays.com\/fr\/wp-json\/wp\/v2\/types\/post"}],"author":[{"embeddable":true,"href":"https:\/\/www.europesays.com\/fr\/wp-json\/wp\/v2\/users\/2"}],"replies":[{"embeddable":true,"href":"https:\/\/www.europesays.com\/fr\/wp-json\/wp\/v2\/comments?post=543111"}],"version-history":[{"count":0,"href":"https:\/\/www.europesays.com\/fr\/wp-json\/wp\/v2\/posts\/543111\/revisions"}],"wp:featuredmedia":[{"embeddable":true,"href":"https:\/\/www.europesays.com\/fr\/wp-json\/wp\/v2\/media\/543112"}],"wp:attachment":[{"href":"https:\/\/www.europesays.com\/fr\/wp-json\/wp\/v2\/media?parent=543111"}],"wp:term":[{"taxonomy":"category","embeddable":true,"href":"https:\/\/www.europesays.com\/fr\/wp-json\/wp\/v2\/categories?post=543111"},{"taxonomy":"post_tag","embeddable":true,"href":"https:\/\/www.europesays.com\/fr\/wp-json\/wp\/v2\/tags?post=543111"}],"curies":[{"name":"wp","href":"https:\/\/api.w.org\/{rel}","templated":true}]}}