{"id":543113,"date":"2025-11-18T19:32:14","date_gmt":"2025-11-18T19:32:14","guid":{"rendered":"https:\/\/www.europesays.com\/fr\/543113\/"},"modified":"2025-11-18T19:32:14","modified_gmt":"2025-11-18T19:32:14","slug":"lappel-du-pere-de-mehdi-kessaci-a-emmanuel-macron-et-aux-deputes","status":"publish","type":"post","link":"https:\/\/www.europesays.com\/fr\/543113\/","title":{"rendered":"l&rsquo;appel du p\u00e8re de Mehdi Kessaci \u00e0 Emmanuel Macron et aux d\u00e9put\u00e9s"},"content":{"rendered":"<p class=\"article-p mdl\">\u00ab\u00a0Mon fils de 20 ans est parti pour rien !\u00a0\u00bb. Le p\u00e8re\u00a0de Mehdi Kessaci n&rsquo;a pu contenir sa douleur et ses larmes lors des obs\u00e8ques de son fils, ce mardi 18 novembre, \u00e0 Marseille. Face \u00e0 la cam\u00e9ra de M6, <strong>Ahmed Kessaci a lanc\u00e9 un appel au pr\u00e9sident de la R\u00e9publique<\/strong>, Emmanuel Macron, mais aussi aux parlementaires fran\u00e7ais. \u00ab\u00a0Monsieur le pr\u00e9sident, on en a marre de \u00e7a ! Il faut travailler ensemble\u00a0\u00bb, a-t-il insist\u00e9, en serrant ses mains l&rsquo;une contre l&rsquo;autre.\u00a0<\/p>\n<p class=\"article-p mdl\">Mehdi Kessaci, 20 ans, a \u00e9t\u00e9 abattu par deux personnes qui circulaient \u00e0 scooter, en plein jour, jeudi 13 novembre dernier, \u00e0 Marseille. Ses obs\u00e8ques se d\u00e9roulaient mardi\u00a0<a class=\"link\" href=\"https:\/\/www.rtl.fr\/actu\/justice-faits-divers\/assassinat-de-mehdi-kessaci-des-obseques-sous-haute-surveillance-ce-mardi-a-marseile-7900567661\" target=\"_blank\" rel=\"noopener\">sous tr\u00e8s haute surveillance<\/a>. Ce jeune homme, qui r\u00eavait d&rsquo;int\u00e9grer la police, \u00e9tait le petit fr\u00e8re d&rsquo;<a class=\"link\" href=\"https:\/\/www.rtl.fr\/actu\/justice-faits-divers\/obseques-de-mehdi-kessaci-a-marseille-son-frere-amine-a-porte-un-gilet-pare-balles-pendant-toute-la-ceremonie-7900568131\" target=\"_blank\" rel=\"noopener\">Amine Kessaci, militant tr\u00e8s engag\u00e9 dans la lutte contre le narcotrafic<\/a>\u00a0dans la cit\u00e9 phoc\u00e9enne.\u00a0<\/p>\n<p class=\"article-p mdl\">\u00c0 l&rsquo;issue d&rsquo;une r\u00e9union, organis\u00e9 ce mardi par Emmanuel Macron sur le narcotrafic,\u00a0<a class=\"link\" href=\"https:\/\/www.rtl.fr\/actu\/politique\/assassinat-a-marseille-nu-ez-denonce-un-crime-d-intimidation-qui-constitue-un-point-de-bascule-7900567951\" target=\"_blank\" rel=\"noopener\">Laurent Nu\u00f1ez<\/a>\u00a0a affirm\u00e9 que l&rsquo;assassinat de Mehdi Kessaci \u00e9tait \u00ab\u00a0un crime d&rsquo;intimidation\u00a0\u00bb qui constituait \u00ab\u00a0un point de bascule\u00a0\u00bb.<\/p>\n<\/p>\n<p>\u00ab\u00a0J&rsquo;esp\u00e8re que mon fils sera le dernier\u00a0\u00bb<\/p>\n<p class=\"article-p mdl\">Dans son message,\u00a0Ahmed Kessaci demande aux d\u00e9put\u00e9s d&rsquo;arr\u00eater \u00ab\u00a0de parler pour rien\u00a0\u00bb. \u00ab\u00a0Gauche, droite, gauche, droite, M\u00e9lenchon&#8230; On en a marre de \u00e7a. Il faut recevoir ce message : il faut travailler ensemble\u00a0\u00bb. \u00ab\u00a0On en a marre, mart\u00e8le le p\u00e8re de famille. Marseille est devenue z\u00e9ro ! Z\u00e9ro ! C&rsquo;est une honte !\u00a0\u00bb Puis arrive le moment d&rsquo;\u00e9voquer Mehdi, son fils \u00ab\u00a0parti pour rien !\u00a0\u00bb<\/p>\n<p class=\"article-p mdl\">\u00ab\u00a0Il faut parler de \u00e7a s&rsquo;il vous plait, poursuit Ahmed Kessaci en s&rsquo;adressant aux parlementaires. J&rsquo;esp\u00e8re que mon fils sera le dernier. On en a marre&#8230; Tous les jours\u00a0\u00bb, a-t-il termin\u00e9, en larmes, soutenu par un proche. Six jours apr\u00e8s l&rsquo;assassinat de Mehdi Kessaci,\u00a0le parquet de Paris et la juridiction nationale de lutte contre la criminalit\u00e9 (Junalco) ont \u00e9t\u00e9 saisis de l&rsquo;enqu\u00eate.<\/p>\n<p>    La r\u00e9daction vous recommande<\/p>\n<p class=\"s-newsletter__title\">\n                L\u2019actualit\u00e9 par la r\u00e9daction de RTL dans votre bo\u00eete mail.\n            <\/p>\n<p class=\"s-newsletter__subtitle\">\n                Gr\u00e2ce \u00e0 votre compte RTL abonnez-vous \u00e0 la newsletter RTL info pour suivre toute l&rsquo;actualit\u00e9 au quotidien\n            <\/p>\n<p>\n                                    Lire la suite\n                                <\/p>\n","protected":false},"excerpt":{"rendered":"\u00ab\u00a0Mon fils de 20 ans est parti pour rien !\u00a0\u00bb. Le p\u00e8re\u00a0de Mehdi Kessaci n&rsquo;a pu contenir sa&hellip;\n","protected":false},"author":2,"featured_media":543114,"comment_status":"","ping_status":"","sticky":false,"template":"","format":"standard","meta":{"footnotes":""},"categories":[2814],"tags":[1111,11,6744,1073,1777,674,118,107,1011,27,884,12,1050,882,25],"class_list":{"0":"post-543113","1":"post","2":"type-post","3":"status-publish","4":"format-standard","5":"has-post-thumbnail","7":"category-marseille","8":"tag-actu","9":"tag-actualites","10":"tag-assassinat","11":"tag-emmanuel-macron","12":"tag-eu","13":"tag-europe","14":"tag-faits-divers","15":"tag-fil-info","16":"tag-fr","17":"tag-france","18":"tag-marseille","19":"tag-news","20":"tag-parlement","21":"tag-provence-alpes-cote-dazur","22":"tag-republique-francaise"},"share_on_mastodon":{"url":"https:\/\/pubeurope.com\/@fr\/115572371955671231","error":""},"_links":{"self":[{"href":"https:\/\/www.europesays.com\/fr\/wp-json\/wp\/v2\/posts\/543113","targetHints":{"allow":["GET"]}}],"collection":[{"href":"https:\/\/www.europesays.com\/fr\/wp-json\/wp\/v2\/posts"}],"about":[{"href":"https:\/\/www.europesays.com\/fr\/wp-json\/wp\/v2\/types\/post"}],"author":[{"embeddable":true,"href":"https:\/\/www.europesays.com\/fr\/wp-json\/wp\/v2\/users\/2"}],"replies":[{"embeddable":true,"href":"https:\/\/www.europesays.com\/fr\/wp-json\/wp\/v2\/comments?post=543113"}],"version-history":[{"count":0,"href":"https:\/\/www.europesays.com\/fr\/wp-json\/wp\/v2\/posts\/543113\/revisions"}],"wp:featuredmedia":[{"embeddable":true,"href":"https:\/\/www.europesays.com\/fr\/wp-json\/wp\/v2\/media\/543114"}],"wp:attachment":[{"href":"https:\/\/www.europesays.com\/fr\/wp-json\/wp\/v2\/media?parent=543113"}],"wp:term":[{"taxonomy":"category","embeddable":true,"href":"https:\/\/www.europesays.com\/fr\/wp-json\/wp\/v2\/categories?post=543113"},{"taxonomy":"post_tag","embeddable":true,"href":"https:\/\/www.europesays.com\/fr\/wp-json\/wp\/v2\/tags?post=543113"}],"curies":[{"name":"wp","href":"https:\/\/api.w.org\/{rel}","templated":true}]}}