{"id":543115,"date":"2025-11-18T19:33:16","date_gmt":"2025-11-18T19:33:16","guid":{"rendered":"https:\/\/www.europesays.com\/fr\/543115\/"},"modified":"2025-11-18T19:33:16","modified_gmt":"2025-11-18T19:33:16","slug":"il-vole-des-singes-dans-un-laboratoire-un-homme-interpelle-pres-de-lyon","status":"publish","type":"post","link":"https:\/\/www.europesays.com\/fr\/543115\/","title":{"rendered":"Il vole des singes dans un laboratoire : un homme interpell\u00e9 pr\u00e8s de Lyon"},"content":{"rendered":"<p>Un homme a \u00e9t\u00e9 interpell\u00e9 pr\u00e8s de Lyon. Il est soup\u00e7onn\u00e9 d&rsquo;avoir vol\u00e9 des ouistitis dans un laboratoire du Bas-Rhin.<\/p>\n<p>Un jeune homme a \u00e9t\u00e9 mis en examen et plac\u00e9 en d\u00e9tention provisoire apr\u00e8s <b>le vol de plusieurs ouistitis<\/b> dans un centre de recherche du Bas-Rhin, a-t-on appris mardi de source proche de l&rsquo;enqu\u00eate.<\/p>\n<p>L&rsquo;individu a \u00e9t\u00e9 interpell\u00e9 la semaine derni\u00e8re en r\u00e9gion lyonnaise. Ses motivations seraient purement financi\u00e8res : des traces num\u00e9riques montrent qu&rsquo;il cherchait \u00e0 revendre les primates.\u00a0<\/p>\n<p>Les ouistitis toujours recherch\u00e9s<\/p>\n<p>Les animaux, de <b>petits singes pesant 300 \u00e0 500 grammes \u00e0 l&rsquo;\u00e2ge adulte<\/b>, n&rsquo;ont pas encore \u00e9t\u00e9 retrouv\u00e9s.<\/p>\n<p>Deux autres personnes, initialement interpell\u00e9es, ont \u00e9t\u00e9 \u00e9cart\u00e9es de toute responsabilit\u00e9.<\/p>\n<p>Selon les enqu\u00eateurs, l&rsquo;homme arr\u00eat\u00e9 n&rsquo;aurait pas agi seul. L&rsquo;enqu\u00eate, men\u00e9e par la brigade de recherches de Strasbourg, se poursuit pour identifier d&rsquo;\u00e9ventuels complices.<\/p>\n<p>Une douzaine de primates disparus en septembre<\/p>\n<p>Le <b>vol remonte \u00e0 septembre<\/b>, au centre de primatologie de l&rsquo;Universit\u00e9 de Strasbourg, situ\u00e9 \u00e0 Niederhausbergen.<\/p>\n<p>Une douzaine de primates avaient alors disparu de cet \u00e9tablissement scientifique unique en France, implant\u00e9 sur un ancien fort datant de 1870.<\/p>\n<p>Fond\u00e9 en 1978, le centre s&rsquo;\u00e9tend sur 7 hectares de for\u00eat et abrite pr\u00e8s de 800 animaux, surveill\u00e9s par une trentaine de professionnels.\u00a0<\/p>\n<p>Les primates y sont utilis\u00e9s dans le cadre de recherches biom\u00e9dicales et d&rsquo;\u00e9tudes comportementales.<\/p>\n<p><\/p>\n","protected":false},"excerpt":{"rendered":"Un homme a \u00e9t\u00e9 interpell\u00e9 pr\u00e8s de Lyon. Il est soup\u00e7onn\u00e9 d&rsquo;avoir vol\u00e9 des ouistitis dans un laboratoire&hellip;\n","protected":false},"author":2,"featured_media":543116,"comment_status":"","ping_status":"","sticky":false,"template":"","format":"standard","meta":{"footnotes":""},"categories":[1889],"tags":[1111,11,2430,1777,674,1011,27,2428,12,25,64993,640,2692],"class_list":{"0":"post-543115","1":"post","2":"type-post","3":"status-publish","4":"format-standard","5":"has-post-thumbnail","7":"category-lyon","8":"tag-actu","9":"tag-actualites","10":"tag-auvergne-rhone-alpes","11":"tag-eu","12":"tag-europe","13":"tag-fr","14":"tag-france","15":"tag-lyon","16":"tag-news","17":"tag-republique-francaise","18":"tag-singes","19":"tag-strasbourg","20":"tag-vols"},"share_on_mastodon":{"url":"https:\/\/pubeurope.com\/@fr\/115572375896778448","error":""},"_links":{"self":[{"href":"https:\/\/www.europesays.com\/fr\/wp-json\/wp\/v2\/posts\/543115","targetHints":{"allow":["GET"]}}],"collection":[{"href":"https:\/\/www.europesays.com\/fr\/wp-json\/wp\/v2\/posts"}],"about":[{"href":"https:\/\/www.europesays.com\/fr\/wp-json\/wp\/v2\/types\/post"}],"author":[{"embeddable":true,"href":"https:\/\/www.europesays.com\/fr\/wp-json\/wp\/v2\/users\/2"}],"replies":[{"embeddable":true,"href":"https:\/\/www.europesays.com\/fr\/wp-json\/wp\/v2\/comments?post=543115"}],"version-history":[{"count":0,"href":"https:\/\/www.europesays.com\/fr\/wp-json\/wp\/v2\/posts\/543115\/revisions"}],"wp:featuredmedia":[{"embeddable":true,"href":"https:\/\/www.europesays.com\/fr\/wp-json\/wp\/v2\/media\/543116"}],"wp:attachment":[{"href":"https:\/\/www.europesays.com\/fr\/wp-json\/wp\/v2\/media?parent=543115"}],"wp:term":[{"taxonomy":"category","embeddable":true,"href":"https:\/\/www.europesays.com\/fr\/wp-json\/wp\/v2\/categories?post=543115"},{"taxonomy":"post_tag","embeddable":true,"href":"https:\/\/www.europesays.com\/fr\/wp-json\/wp\/v2\/tags?post=543115"}],"curies":[{"name":"wp","href":"https:\/\/api.w.org\/{rel}","templated":true}]}}