{"id":543117,"date":"2025-11-18T19:34:16","date_gmt":"2025-11-18T19:34:16","guid":{"rendered":"https:\/\/www.europesays.com\/fr\/543117\/"},"modified":"2025-11-18T19:34:16","modified_gmt":"2025-11-18T19:34:16","slug":"metropole-de-lyon-le-religieux-salesien-jean-marie-petitclerc-est-mort-noye","status":"publish","type":"post","link":"https:\/\/www.europesays.com\/fr\/543117\/","title":{"rendered":"M\u00e9tropole de Lyon. Le religieux sal\u00e9sien Jean-Marie Petitclerc est mort noy\u00e9"},"content":{"rendered":"<p>Son corps a \u00e9t\u00e9 retrouv\u00e9 sur une plage normande\u00a0: le p\u00e8re Jean-Marie Petitclerc est mort noy\u00e9 le 17\u00a0novembre. Il \u00e9tait \u00e2g\u00e9 de 72 ans. Grande figure du monde \u00e9ducatif, ce religieux sal\u00e9sien \u00e9tait connu \u00e0 Lyon. Il avait en effet dirig\u00e9 de 2004 \u00e0 2014 Laurenfance, l\u2019antenne de son association Valdocco \u00e0 Tassin la Demi-Lune. Celle-ci a pour vocation d\u2019accueillir des jeunes en difficult\u00e9, dans un centre de jour ou en internat, et les aider \u00e0 se r\u00e9ins\u00e9rer.<\/p>\n<p>\u00ab\u00a0Je r\u00e9sumerai ma carri\u00e8re par une pens\u00e9e de Bergson \u00ab\u00a0Agir en homme de pens\u00e9e et penser en homme d\u2019action\u00a0\u00bb<\/p>\n<p>Mais <a href=\"https:\/\/www.leprogres.fr\/actualite\/2018\/07\/22\/jean-marie-petitclerc\" target=\"_blank\" rel=\"noopener\">ce fils de m\u00e9decin<\/a>, sorti de l\u2019\u00e9cole Polytechnique en 1974, s\u2019\u00e9tait fait aussi conna\u00eetre pour son&#8230;<\/p>\n","protected":false},"excerpt":{"rendered":"Son corps a \u00e9t\u00e9 retrouv\u00e9 sur une plage normande\u00a0: le p\u00e8re Jean-Marie Petitclerc est mort noy\u00e9 le 17\u00a0novembre.&hellip;\n","protected":false},"author":2,"featured_media":543118,"comment_status":"","ping_status":"","sticky":false,"template":"","format":"standard","meta":{"footnotes":""},"categories":[1889],"tags":[1111,11,2430,9223,3153,1777,674,107,1011,27,2428,1391,12,25,2429,104,20283,20284],"class_list":{"0":"post-543117","1":"post","2":"type-post","3":"status-publish","4":"format-standard","5":"has-post-thumbnail","7":"category-lyon","8":"tag-actu","9":"tag-actualites","10":"tag-auvergne-rhone-alpes","11":"tag-carnet-du-jour","12":"tag-edition-ouest-lyonnais","13":"tag-eu","14":"tag-europe","15":"tag-fil-info","16":"tag-fr","17":"tag-france","18":"tag-lyon","19":"tag-necrologie","20":"tag-news","21":"tag-republique-francaise","22":"tag-rhone","23":"tag-societe","24":"tag-tassin-la-demi-lune","25":"tag-tassin-la-demi-lune-bassin"},"share_on_mastodon":{"url":"https:\/\/pubeurope.com\/@fr\/115572379712032147","error":""},"_links":{"self":[{"href":"https:\/\/www.europesays.com\/fr\/wp-json\/wp\/v2\/posts\/543117","targetHints":{"allow":["GET"]}}],"collection":[{"href":"https:\/\/www.europesays.com\/fr\/wp-json\/wp\/v2\/posts"}],"about":[{"href":"https:\/\/www.europesays.com\/fr\/wp-json\/wp\/v2\/types\/post"}],"author":[{"embeddable":true,"href":"https:\/\/www.europesays.com\/fr\/wp-json\/wp\/v2\/users\/2"}],"replies":[{"embeddable":true,"href":"https:\/\/www.europesays.com\/fr\/wp-json\/wp\/v2\/comments?post=543117"}],"version-history":[{"count":0,"href":"https:\/\/www.europesays.com\/fr\/wp-json\/wp\/v2\/posts\/543117\/revisions"}],"wp:featuredmedia":[{"embeddable":true,"href":"https:\/\/www.europesays.com\/fr\/wp-json\/wp\/v2\/media\/543118"}],"wp:attachment":[{"href":"https:\/\/www.europesays.com\/fr\/wp-json\/wp\/v2\/media?parent=543117"}],"wp:term":[{"taxonomy":"category","embeddable":true,"href":"https:\/\/www.europesays.com\/fr\/wp-json\/wp\/v2\/categories?post=543117"},{"taxonomy":"post_tag","embeddable":true,"href":"https:\/\/www.europesays.com\/fr\/wp-json\/wp\/v2\/tags?post=543117"}],"curies":[{"name":"wp","href":"https:\/\/api.w.org\/{rel}","templated":true}]}}