{"id":543119,"date":"2025-11-18T19:36:19","date_gmt":"2025-11-18T19:36:19","guid":{"rendered":"https:\/\/www.europesays.com\/fr\/543119\/"},"modified":"2025-11-18T19:36:19","modified_gmt":"2025-11-18T19:36:19","slug":"refonte-du-rer-c-dans-lessonne-la-grogne-des-elus-a-permis-dobtenir-une-solution-consensuelle","status":"publish","type":"post","link":"https:\/\/www.europesays.com\/fr\/543119\/","title":{"rendered":"Refonte du RER\u00a0C dans l\u2019Essonne\u00a0: \u00ab\u00a0La grogne des \u00e9lus a permis d\u2019obtenir une solution consensuelle\u00a0\u00bb"},"content":{"rendered":"<p class=\"paragraph text_align_left lp-f-body-02\">Il y a plus d\u2019un an, en avril 2024, la r\u00e9organisation du RER C, avec le projet d\u2019un d\u00e9branchement de la ligne en plein centre de Paris, avait suscit\u00e9 une fronde des \u00e9lus du sud de l\u2019Essonne. Ce mardi 18 novembre, Val\u00e9rie P\u00e9cresse, la pr\u00e9sidente de la r\u00e9gion Ile-de-France, confirme au Parisien les modalit\u00e9s de ce futur r\u00e9am\u00e9nagement de la ligne.<\/p>\n<p class=\"paragraph text_align_left lp-f-body-02\">Elle pr\u00e9voit un futur terminus \u00e0 Paris-Austerlitz. La desserte des branches Dourdan et Saint-Martin d\u2019\u00c9tampes serait renomm\u00e9e \u00ab ligne Y \u00bb. Ce nouvel axe semi-direct ne s\u2019arr\u00eatera pas partout entre Br\u00e9tigny et la capitale, offrant des temps de trajets r\u00e9duits. De plus, Val\u00e9rie P\u00e9cresse souhaite enclencher au plus vite une commande de 55 nouveaux trains neufs, affect\u00e9s \u00e0 cette future ligne Y d\u2019ici 2032.<\/p>\n<p class=\"paragraph text_align_left lp-f-body-02\">Autant de propositions qui semblent cette fois satisfaire <a href=\"https:\/\/www.leparisien.fr\/info-paris-ile-de-france-oise\/transports\/rer-c-dans-lessonne-une-nouvelle-ligne-y-et-des-trains-neufs-pour-2032-18-11-2025-DRDVPVZVNFFKDL2YXOSRHAON7E.php\" target=\"_blank\" rel=\"noreferrer noopener\">la majorit\u00e9 des \u00e9lus<\/a> ainsi que les associations d\u2019usagers, joints par le Parisien.<\/p>\n<p>\u00ab Les maires ont depuis chang\u00e9 d\u2019avis \u00bb<\/p>\n<p class=\"paragraph text_align_left lp-f-body-02\">Maryvonne No\u00ebl, pr\u00e9sidente de l\u2019association des usagers du RER C \u00ab Circule \u00bb, assure que cette proposition \u00e9mane de leurs suggestions. \u00ab Aujourd\u2019hui, il n\u2019y a quasiment pas de jours sans trains supprim\u00e9s, <a href=\"https:\/\/www.leparisien.fr\/info-paris-ile-de-france-oise\/transports\/transports-en-ile-de-france-sur-les-rer-b-d-et-c-une-ponctualite-toujours-a-la-peine-17-11-2025-YABLUT6PIFEYXPNODOVTBCOQ7I.php\" target=\"_blank\" rel=\"noreferrer noopener\">ralentis<\/a>\u2026 se d\u00e9sole-t-elle. Cela devenait extr\u00eamement p\u00e9nible pour les Franciliens qui habitent sur la branche Dourdan et \u00c9tampes. Sans parler du mat\u00e9riel roulant v\u00e9tuste. \u00bb<\/p>\n<p class=\"paragraph text_align_left lp-f-body-02\">La pr\u00e9sidente de l\u2019association rappelle avoir fait face \u00e0 l\u2019origine \u00e0 \u00ab une bronca de maires men\u00e9e par celui de Br\u00e9tigny-sur-Orge \u00bb. \u00ab Ils ont depuis pour la plupart chang\u00e9 d\u2019avis en entendant nos arguments, se f\u00e9licite-t-elle. Ce projet est donc une victoire, notamment d\u2019avoir obtenu le d\u00e9branchement avec la branche nord. Seulement 20 % des usagers qui habitent au sud de Br\u00e9tigny se rendent au-del\u00e0 d\u2019Austerlitz. Mais eux aussi b\u00e9n\u00e9ficieront de mat\u00e9riels neufs avec prise USB. \u00bb Le soir, les usagers monteront dans des wagons vides \u00e0 la gare d\u2019Austerlitz. \u00ab Quand on prend le train apr\u00e8s une longue journ\u00e9e, c\u2019est appr\u00e9ciable d\u2019avoir une place assise \u00bb, rel\u00e8ve-t-elle.<\/p>\n<p><img decoding=\"async\" class=\"image \" loading=\"lazy\" src=\"https:\/\/www.europesays.com\/fr\/wp-content\/uploads\/2025\/11\/MEPUNT3ELJDWJOU37UWG6IR6KY.jpg\" alt=\"\" align=\"\" data-rubrique-principale=\"\" data-article-type=\"\" fetchpriority=\"auto\"\/><\/p>\n<p class=\"paragraph text_align_left lp-f-body-02\">L\u2019association \u00ab La Vignette du Respect \u00bb s\u2019\u00e9tait, au d\u00e9part, oppos\u00e9e \u00e0 ce projet. \u00ab On s\u2019\u00e9tait mobilis\u00e9s contre la rupture de charge \u00e0 Paris Austerlitz parce que l\u2019on consid\u00e9rait que les lignes les plus \u00e9loign\u00e9es de Paris \u2013 Saint-Martin d\u2019\u00c9tampes et Dourdan \u2013 ne pouvaient pas subir encore une d\u00e9gradation du service, d\u00e9taille R\u00e9mi Lavenant, le pr\u00e9sident. L\u2019ajout d\u2019une correspondance rajoute souvent une incertitude. \u00bb<\/p>\n<p class=\"paragraph text_align_left lp-f-body-02\">Mais apr\u00e8s avoir constat\u00e9 que la r\u00e9gion semblait \u00ab vouloir aller au bout \u00bb, l\u2019association a demand\u00e9 des garanties. \u00ab On voulait l\u2019ach\u00e8vement des travaux \u00e0 Paris Austerlitz et l\u2019assurance d\u2019un changement quai \u00e0 quai \u00e0 la station biblioth\u00e8que Fran\u00e7ois-Mitterrand. Nous souhaitions aussi obtenir en heure creuse la r\u00e9duction des temps de parcours entre Juvisy et Br\u00e9tigny. Nous avons obtenu tout cela, appr\u00e9cie-t-il. \u00c0 voir si les promesses seront au rendez-vous. \u00bb<\/p>\n<p>\u00ab Ce serait une r\u00e9volution pour le sud de l\u2019Essonne \u00bb<\/p>\n<p class=\"paragraph text_align_left lp-f-body-02\">Paolo de Carvalho, le maire (Renaissance) de Dourdan, concern\u00e9 aussi par l\u2019un des tron\u00e7ons de la future ligne Y estime que la r\u00e9gion \u00ab a bien \u00e9cout\u00e9 \u00bb les requ\u00eates des \u00e9lus.<\/p>\n<p class=\"paragraph text_align_left lp-f-body-02\">\u00ab Il faut continuer ce renforcement des transports avec comme objectif un TER par heure entre 6 heures et 23 heures, ce qui permettrait aux habitants de la banlieue d\u2019acc\u00e9der \u00e0 Paris en moins de quarante minutes. Ce serait une r\u00e9volution pour le sud de l\u2019Essonne, s\u2019enthousiasme-t-il. Cela encouragerait aussi les parisiens \u00e0 venir se promener en for\u00eat de Dourdan, \u00e0 savoir <a href=\"https:\/\/www.leparisien.fr\/culture-loisirs\/sortir-region-parisienne\/voyage-au-bout-du-rer-c-a-dourdan-une-balade-dans-lhistoire-au-fil-de-lorge-29-07-2023-ADIHUZGBBBERBKSHZRHG4OWMNM.php\" target=\"_blank\" rel=\"noreferrer noopener\">le deuxi\u00e8me poumon vert <\/a>de l\u2019\u00cele-de-France. \u00bb<\/p>\n<p class=\"paragraph text_align_left lp-f-body-02\">Il se r\u00e9jouit aussi de la perspective d\u2019une r\u00e9duction des dysfonctionnements. \u00ab Sur le papier, une ligne qui traverse Paris du nord au sud para\u00eet bien mais cela augmente la possibilit\u00e9 de cumuler les retards, note-t-il. Le d\u00e9coupage de la ligne me para\u00eet une bonne chose. \u00bb<\/p>\n<p class=\"paragraph text_align_left lp-f-body-02\">Le maire se f\u00e9licite aussi de la proposition de rajouter des TER sur la ligne Y gr\u00e2ce \u00e0 des accords entre la r\u00e9gion Ile-de-France et le Centre-Val de Loire. \u00ab Nous avons une opportunit\u00e9 entre Ch\u00e2teaudun et Paris d\u2019avoir des arr\u00eats suppl\u00e9mentaires \u00e0 Dourdan, rapporte-t-il. Il faut maintenant renforcer des trajets directs afin que les usagers originaires de banlieue mettent moins d\u2019une heure \u00e0 rejoindre Paris. \u00bb<\/p>\n<p>\u00ab 2032, c\u2019est long pour les usagers \u00bb<\/p>\n<p class=\"paragraph text_align_left lp-f-body-02\">De son c\u00f4t\u00e9, Johann Mittelhausser, le pr\u00e9sident de l\u2019agglom\u00e9ration de l\u2019\u00c9tampois Sud-Essonne consid\u00e8re cette r\u00e9organisation \u00ab beaucoup mieux que la premi\u00e8re copie qui se contentait d\u2019un d\u00e9branchement \u00bb. Il rappelle que le tron\u00e7on central, &#8211; le tunnel \u00e0 Saint-Michel &#8211; ne permettait pas d\u2019utiliser les nouveaux trains sur deux \u00e9tages.<\/p>\n<p class=\"paragraph text_align_left lp-f-body-02\">\u00ab C\u2019\u00e9tait insoluble, s\u2019exclame-t-il. On ne pouvait pas non plus se contenter <a href=\"https:\/\/www.leparisien.fr\/essonne-91\/le-rer-c-est-un-frein-a-lembauche-le-cri-dalarme-des-usagers-de-la-branche-sud-essonne-07-06-2025-LRUVZQW77RHI3BVUURFNQYNRCI.php\" target=\"_blank\" rel=\"noreferrer noopener\">d\u2019un RER C <\/a>avec un seul niveau. Pour que ce tron\u00e7on soit adapt\u00e9, il aurait fallu attendre des travaux majeurs tr\u00e8s co\u00fbteux encore des ann\u00e9es. \u00bb Apr\u00e8s r\u00e9flexion, il se f\u00e9licite : \u00ab Finalement, la grogne des \u00e9lus a permis d\u2019arriver \u00e0 une solution consensuelle \u00bb.<\/p>\n<p class=\"paragraph text_align_left lp-f-body-02\">Seul Franck Marlin, le maire (LR), d\u2019\u00c9tampes semble mitig\u00e9. \u00ab Je suis le seul grognon de la bande, c\u2019est \u00e7a ? \u00bb, ironise-t-il. Car si selon lui, le projet \u00ab est app\u00e9tissant sur le papier \u00bb, l\u2019\u00e9dile s\u2019interroge sur les d\u00e9lais. \u00ab C\u2019est une op\u00e9ration envisag\u00e9e en 2032. C\u2019est long pour les usagers. On est en fin de mandat r\u00e9gional, rappelle-t-il. Il faut donc parier sur le renouvellement du mandat de Madame P\u00e9cresse ? Je trouve que ces am\u00e9liorations auraient pu voir le jour avant \u00e9tant donn\u00e9 que les difficult\u00e9s du RER C durent depuis longtemps. \u00bb<\/p>\n","protected":false},"excerpt":{"rendered":"Il y a plus d\u2019un an, en avril 2024, la r\u00e9organisation du RER C, avec le projet d\u2019un&hellip;\n","protected":false},"author":2,"featured_media":543120,"comment_status":"","ping_status":"","sticky":false,"template":"","format":"standard","meta":{"footnotes":""},"categories":[1592],"tags":[1111,11,1777,674,1011,27,662,1944,12,626,25,2382],"class_list":{"0":"post-543119","1":"post","2":"type-post","3":"status-publish","4":"format-standard","5":"has-post-thumbnail","7":"category-ile-de-france","8":"tag-actu","9":"tag-actualites","10":"tag-eu","11":"tag-europe","12":"tag-fr","13":"tag-france","14":"tag-ile-de-france","15":"tag-ma-ville","16":"tag-news","17":"tag-paris","18":"tag-republique-francaise","19":"tag-transport-idf-oise"},"share_on_mastodon":{"url":"https:\/\/pubeurope.com\/@fr\/115572388399925548","error":""},"_links":{"self":[{"href":"https:\/\/www.europesays.com\/fr\/wp-json\/wp\/v2\/posts\/543119","targetHints":{"allow":["GET"]}}],"collection":[{"href":"https:\/\/www.europesays.com\/fr\/wp-json\/wp\/v2\/posts"}],"about":[{"href":"https:\/\/www.europesays.com\/fr\/wp-json\/wp\/v2\/types\/post"}],"author":[{"embeddable":true,"href":"https:\/\/www.europesays.com\/fr\/wp-json\/wp\/v2\/users\/2"}],"replies":[{"embeddable":true,"href":"https:\/\/www.europesays.com\/fr\/wp-json\/wp\/v2\/comments?post=543119"}],"version-history":[{"count":0,"href":"https:\/\/www.europesays.com\/fr\/wp-json\/wp\/v2\/posts\/543119\/revisions"}],"wp:featuredmedia":[{"embeddable":true,"href":"https:\/\/www.europesays.com\/fr\/wp-json\/wp\/v2\/media\/543120"}],"wp:attachment":[{"href":"https:\/\/www.europesays.com\/fr\/wp-json\/wp\/v2\/media?parent=543119"}],"wp:term":[{"taxonomy":"category","embeddable":true,"href":"https:\/\/www.europesays.com\/fr\/wp-json\/wp\/v2\/categories?post=543119"},{"taxonomy":"post_tag","embeddable":true,"href":"https:\/\/www.europesays.com\/fr\/wp-json\/wp\/v2\/tags?post=543119"}],"curies":[{"name":"wp","href":"https:\/\/api.w.org\/{rel}","templated":true}]}}