{"id":543123,"date":"2025-11-18T19:38:13","date_gmt":"2025-11-18T19:38:13","guid":{"rendered":"https:\/\/www.europesays.com\/fr\/543123\/"},"modified":"2025-11-18T19:38:13","modified_gmt":"2025-11-18T19:38:13","slug":"paris-va-proposer-des-sanctions-europeennes-contre-la-criminalite-organisee-et-le-narcotrafic","status":"publish","type":"post","link":"https:\/\/www.europesays.com\/fr\/543123\/","title":{"rendered":"Paris va proposer des sanctions europ\u00e9ennes contre la criminalit\u00e9 organis\u00e9e et le narcotrafic"},"content":{"rendered":"<p class=\"mb-4 text-lg md:leading-8 break-words\">La France va proposer un r\u00e9gime de sanctions europ\u00e9en sur la criminalit\u00e9 organis\u00e9e, a indiqu\u00e9 le Quai d&rsquo;Orsay ce mardi. Ce plan \u00ab\u00a0transversal\u00a0\u00bb permettra de lutter notamment contre le narcotrafic. Le ministre fran\u00e7ais des Affaires \u00e9trang\u00e8res, Jean-No\u00ebl Barrot, qui s\u2019est rendu r\u00e9cemment en Am\u00e9rique latine pour mobiliser le r\u00e9seau diplomatique contre le trafic de drogue, a annonc\u00e9 qu&rsquo;il soumettra cette proposition de la France lors du Conseil des affaires \u00e9trang\u00e8res jeudi.<\/p>\n<p class=\"mb-4 text-lg md:leading-8 break-words\"><b class=\"c-widget-related__title__text\">Related<\/b><\/p>\n<p>Gel des avoirs et un travel ban<\/p>\n<p class=\"mb-4 text-lg md:leading-8 break-words\">\u00ab\u00a0Ce r\u00e9gime de sanctions pr\u00e9voirait notamment un gel des avoirs et un travel ban, soit une interdiction de voyager dans l\u2019Union europ\u00e9enne\u00a0\u00bb, pr\u00e9cise une source diplomatique, juste apr\u00e8s un sommet \u00e0 l\u2019\u00c9lys\u00e9e concernant la lutte contre le narcotrafic. La proposition pr\u00e9voit aussi l\u2019interdiction des transactions financi\u00e8res.<\/p>\n<p class=\"mb-4 text-lg md:leading-8 break-words\">\u00ab\u00a0Nos objectifs sont bien de viser de grands acteurs du narcotrafic ou de la criminalit\u00e9 organis\u00e9e au niveau international\u00a0\u00bb, ajoute le minist\u00e8re des Affaires \u00e9trang\u00e8res. Au-del\u00e0 du narcotrafic, d\u2019autres types de crimes sont vis\u00e9s comme le trafic d\u2019armes, le trafic de migrants, ou des crimes contre l\u2019environnement.<\/p>\n<p class=\"mb-4 text-lg md:leading-8 break-words\">Le Quai d&rsquo;Orsay a pr\u00e9cis\u00e9 qu\u2019il s\u2019agirait d\u2019un r\u00e9gime de sanctions distinct des d\u00e9signations am\u00e9ricaines. Les Etats-Unis ont d\u00e9sign\u00e9 une douzaine de cartels latino-am\u00e9ricains comme terroristes :\u00a0\u00bbce serait un r\u00e9gime de criminels organis\u00e9 et non pas de terrorisme.\u00a0\u00bb<\/p>\n<p>Un plan d&rsquo;action international<\/p>\n<p class=\"mb-4 text-lg md:leading-8 break-words\">Cette demande de sanctions europ\u00e9ennes s\u2019inscrit dans un contexte d\u2019un plan d\u2019action pour lutter contre les narcotrafics \u00e0 l\u2019\u00e9chelle internationale. Dimanche 9 novembre, le ministre des Affaires \u00e9trang\u00e8res annon\u00e7ait d\u00e9j\u00e0 une <a href=\"https:\/\/www.diplomatie.gouv.fr\/IMG\/pdf\/meae%5Fdp%5Fnarcotrafic%5Fa4v4%5Fcle8eedf4.pdf\" rel=\"nofollow noopener\" target=\"_blank\" data-ylk=\"slk:grande mobilisation;elm:context_link;itc:0;sec:content-canvas\" class=\"link \">grande mobilisation<\/a> des ambassades fran\u00e7aises en Am\u00e9rique latine pour lutter contre le trafic de drogue.<\/p>\n<p class=\"mb-4 text-lg md:leading-8 break-words\">A cette occasion, le minist\u00e8re des Affaires \u00e9trang\u00e8res a \u00e9galement r\u00e9it\u00e9r\u00e9 la d\u00e9termination de Paris \u00e0 \u00ab\u00a0faire \u00e9chec\u00a0\u00bb au trafic de drogue qui \u00ab\u00a0explose\u00a0\u00bb en Europe, notamment en cr\u00e9ant une acad\u00e9mie d\u00e9di\u00e9e en Am\u00e9rique latine. Une semaine plus tard, lors de la r\u00e9union \u00e0 l\u2019\u00c9lys\u00e9e du 18 novembre, Emmanuel Macron a demand\u00e9 \u00ab\u00a0d\u2019amplifier\u00a0\u00bb la lutte contre le trafic de drogues. L\u2019objectif est notamment de \u00ab\u00a0rehausser notre engagement au niveau international.\u00a0\u00bb<\/p>\n<p>Nouveau narchomicide \u00e0 Marseille<\/p>\n<p class=\"mb-4 text-lg md:leading-8 break-words\">La proposition intervient au moment o\u00f9 la France est en proie aux trafics de drogue notamment \u00e0 Marseille. Depuis le d\u00e9but du mois d&rsquo;octobre, la cit\u00e9 phoc\u00e9enne a connu trois homicides en plein jour. L&rsquo;une des victimes \u00e9tait Mehdi Kessaci, le fr\u00e8re d&rsquo;un militant engag\u00e9 contre le narcotrafic, abattu jeudi dernier en d\u00e9but d&rsquo;apr\u00e8s-midi devant une pharmacie.<\/p>\n<p class=\"mb-4 text-lg md:leading-8 break-words\">Emmanuel Macron a organis\u00e9 mardi une r\u00e9union d\u2019urgence pour intensifier la mise en \u0153uvre de la loi r\u00e9cente contre les trafics de drogue apr\u00e8s plusieurs faits criminels dramatiques ces derniers jours.<\/p>\n<p class=\"mb-4 text-lg md:leading-8 break-words\">Mardi, en Belgique, la police belge a par ailleurs arr\u00eat\u00e9 huit suspects dans le milieu du narcotrafic, dans le cadre d\u2019une enqu\u00eate sur un projet d\u2019attentat contre le procureur de Bruxelles, selon le parquet f\u00e9d\u00e9ral belge.<\/p>\n","protected":false},"excerpt":{"rendered":"La France va proposer un r\u00e9gime de sanctions europ\u00e9en sur la criminalit\u00e9 organis\u00e9e, a indiqu\u00e9 le Quai d&rsquo;Orsay&hellip;\n","protected":false},"author":2,"featured_media":543124,"comment_status":"","ping_status":"","sticky":false,"template":"","format":"standard","meta":{"footnotes":""},"categories":[1888],"tags":[1111,1928,11,1927,5002,66123,1777,674,1011,27,9791,261,12,1926,626,1925,25,887],"class_list":{"0":"post-543123","1":"post","2":"type-post","3":"status-publish","4":"format-standard","5":"has-post-thumbnail","7":"category-paris","8":"tag-actu","9":"tag-actu-paris","10":"tag-actualites","11":"tag-actualites-paris","12":"tag-amerique-latine","13":"tag-crimes-contre-lenvironnement","14":"tag-eu","15":"tag-europe","16":"tag-fr","17":"tag-france","18":"tag-la-france","19":"tag-ministere-des-affaires-etrangeres","20":"tag-news","21":"tag-news-paris","22":"tag-paris","23":"tag-paris-news","24":"tag-republique-francaise","25":"tag-trafic-de-drogue"},"share_on_mastodon":{"url":"https:\/\/pubeurope.com\/@fr\/115572395633366116","error":""},"_links":{"self":[{"href":"https:\/\/www.europesays.com\/fr\/wp-json\/wp\/v2\/posts\/543123","targetHints":{"allow":["GET"]}}],"collection":[{"href":"https:\/\/www.europesays.com\/fr\/wp-json\/wp\/v2\/posts"}],"about":[{"href":"https:\/\/www.europesays.com\/fr\/wp-json\/wp\/v2\/types\/post"}],"author":[{"embeddable":true,"href":"https:\/\/www.europesays.com\/fr\/wp-json\/wp\/v2\/users\/2"}],"replies":[{"embeddable":true,"href":"https:\/\/www.europesays.com\/fr\/wp-json\/wp\/v2\/comments?post=543123"}],"version-history":[{"count":0,"href":"https:\/\/www.europesays.com\/fr\/wp-json\/wp\/v2\/posts\/543123\/revisions"}],"wp:featuredmedia":[{"embeddable":true,"href":"https:\/\/www.europesays.com\/fr\/wp-json\/wp\/v2\/media\/543124"}],"wp:attachment":[{"href":"https:\/\/www.europesays.com\/fr\/wp-json\/wp\/v2\/media?parent=543123"}],"wp:term":[{"taxonomy":"category","embeddable":true,"href":"https:\/\/www.europesays.com\/fr\/wp-json\/wp\/v2\/categories?post=543123"},{"taxonomy":"post_tag","embeddable":true,"href":"https:\/\/www.europesays.com\/fr\/wp-json\/wp\/v2\/tags?post=543123"}],"curies":[{"name":"wp","href":"https:\/\/api.w.org\/{rel}","templated":true}]}}