{"id":543127,"date":"2025-11-18T19:40:18","date_gmt":"2025-11-18T19:40:18","guid":{"rendered":"https:\/\/www.europesays.com\/fr\/543127\/"},"modified":"2025-11-18T19:40:18","modified_gmt":"2025-11-18T19:40:18","slug":"de-marseille-a-paris-les-marcheurs-pour-la-palestine-ont-fait-une-halte-a-avignon","status":"publish","type":"post","link":"https:\/\/www.europesays.com\/fr\/543127\/","title":{"rendered":"De Marseille \u00e0 Paris, les marcheurs pour la Palestine ont fait une halte \u00e0 Avignon"},"content":{"rendered":"<p>\u00ab\u00a0On est l\u00e0\u00a0! Merci pour votre patience\u00a0!\u00a0\u00bb s\u2019\u00e9poumone Lenka Bokova, militante active de Pr\u00e9sence palestinienne, \u00e0 17 h 50 sur la place du Palais, ce 18\u00a0novembre \u00e0 Avignon. Emmenant 10 marcheurs, elle vient d\u2019avaler les 24 kilom\u00e8tres depuis Tarascon.<\/p>\n<p>\u00ab\u00a0On est partis vers 11 h. On est pass\u00e9s par la route de Boulbon, le pont d\u2019Aramon et on a suivi la piste cyclable jusqu\u2019au pont de l\u2019Europe\u00a0\u00bb, raconte pleine d\u2019\u00e9nergie la militante, insensible au mistral glacial qui faisait voler les drapeaux palestiniens au pied du <a href=\"https:\/\/www.laprovence.com\/article\/societe\/1940925424478314\/pourquoi-avignon-est-appelee-cite-des-papes\" target=\"_blank\" rel=\"noopener\">Palais des papes<\/a>.<\/p>\n<p>De Marseille \u00e0 Paris pour la Palestine<\/p>\n<p>Michel, 79\u00a0ans, \u00e9tait pr\u00e9sent au grand d\u00e9part de cette marche, ce samedi 15\u00a0novembre, dans les quartiers Nord marseillais. En trois jours, accompagn\u00e9 d\u2019une dizaine de marcheurs, il a ralli\u00e9 Martigues, Port-de-Bouc, Fos-sur-Mer, Tarascon et enfin <a href=\"https:\/\/www.laprovence.com\/vaucluse\/avignon-84007\" target=\"_blank\" rel=\"noopener\">Avignon<\/a>.<\/p>\n<p>\u00ab\u00a0Ensuite, on passera par Mont\u00e9limar, Valence et Lyon. Puis \u00e7a continuera dans la banlieue parisienne\u00a0\u00bb, raconte l\u2019homme, d\u00e9gustant son sandwich soigneusement pr\u00e9par\u00e9 par des soutiens avignonnais venus les accueillir.<\/p>\n<p>L\u2019objectif final\u00a0: Paris et sa manifestation nationale pour la Journ\u00e9e internationale de solidarit\u00e9 avec le peuple palestinien. \u00ab\u00a0<a href=\"https:\/\/www.laprovence.com\/article\/region\/64684008835563\/amine-kessaci-maman-ne-voulait-pas-que-ses-enfants-grandissent-avec-les-murs-du-quartier-comme-seul-horizon\" target=\"_blank\" rel=\"noopener\">Les quartiers Nord de Marseille<\/a> ont quand m\u00eame tenu \u00e0 \u00e9largir cette initiative \u00e0 tous les peuples opprim\u00e9s. Pour nous, c\u2019est une participation symbolique. C\u2019est notre mani\u00e8re de t\u00e9moigner notre soutien\u00a0\u00bb, explique le militant d\u2019Association France Palestine Solidarit\u00e9.<\/p>\n<p>\u00ab\u00a0Je leur ai pr\u00e9par\u00e9 \u00e0 manger toute la journ\u00e9e\u00a0\u00bb<\/p>\n<p>Pour Jacques, 69\u00a0ans, venir soutenir cette initiative partisane \u00e9tait un imp\u00e9ratif. Pr\u00e9sent d\u00e8s 17 h sur la place, il d\u00e9taille\u00a0: \u00ab\u00a0On manifeste, on vient soutenir, parce qu\u2019on se sent impuissants. Ce sentiment d\u2019impuissance, c\u2019est le plus dur dans cette histoire.\u00a0\u00bb<\/p>\n<p>Pour la nuit, les manifestants ont \u00e9t\u00e9 accueillis par certains militants avignonnais. \u00ab\u00a0J\u2019ai pr\u00e9par\u00e9 \u00e0 manger toute la journ\u00e9e. On sera 20 \u00e0 d\u00eener, puis j\u2019accueille sept ou huit personnes \u00e0 dormir\u00a0\u00bb, explique Marie-Dominique, ancienne pharmacienne.<\/p>\n<p>Les guidant \u00e0 v\u00e9lo jusqu\u2019\u00e0 sa maison, le panier plein de caf\u00e9 et de madeleines, elle conclut\u00a0: \u00ab\u00a0Quand on peut, il faut aider. Et puis, il leur faut des forces pour repartir demain contre le vent\u00a0!\u00a0\u00bb<\/p>\n","protected":false},"excerpt":{"rendered":"\u00ab\u00a0On est l\u00e0\u00a0! Merci pour votre patience\u00a0!\u00a0\u00bb s\u2019\u00e9poumone Lenka Bokova, militante active de Pr\u00e9sence palestinienne, \u00e0 17 h&hellip;\n","protected":false},"author":2,"featured_media":543128,"comment_status":"","ping_status":"","sticky":false,"template":"","format":"standard","meta":{"footnotes":""},"categories":[1888],"tags":[17,11,1777,674,1011,27,151,19135,884,12,2537,3518,626,471,25,104],"class_list":{"0":"post-543127","1":"post","2":"type-post","3":"status-publish","4":"format-standard","5":"has-post-thumbnail","7":"category-paris","8":"tag-17","9":"tag-actualites","10":"tag-eu","11":"tag-europe","12":"tag-fr","13":"tag-france","14":"tag-les","15":"tag-marcheurs","16":"tag-marseille","17":"tag-news","18":"tag-ont","19":"tag-palestine","20":"tag-paris","21":"tag-pour","22":"tag-republique-francaise","23":"tag-societe"},"share_on_mastodon":{"url":"https:\/\/pubeurope.com\/@fr\/115572403680877998","error":""},"_links":{"self":[{"href":"https:\/\/www.europesays.com\/fr\/wp-json\/wp\/v2\/posts\/543127","targetHints":{"allow":["GET"]}}],"collection":[{"href":"https:\/\/www.europesays.com\/fr\/wp-json\/wp\/v2\/posts"}],"about":[{"href":"https:\/\/www.europesays.com\/fr\/wp-json\/wp\/v2\/types\/post"}],"author":[{"embeddable":true,"href":"https:\/\/www.europesays.com\/fr\/wp-json\/wp\/v2\/users\/2"}],"replies":[{"embeddable":true,"href":"https:\/\/www.europesays.com\/fr\/wp-json\/wp\/v2\/comments?post=543127"}],"version-history":[{"count":0,"href":"https:\/\/www.europesays.com\/fr\/wp-json\/wp\/v2\/posts\/543127\/revisions"}],"wp:featuredmedia":[{"embeddable":true,"href":"https:\/\/www.europesays.com\/fr\/wp-json\/wp\/v2\/media\/543128"}],"wp:attachment":[{"href":"https:\/\/www.europesays.com\/fr\/wp-json\/wp\/v2\/media?parent=543127"}],"wp:term":[{"taxonomy":"category","embeddable":true,"href":"https:\/\/www.europesays.com\/fr\/wp-json\/wp\/v2\/categories?post=543127"},{"taxonomy":"post_tag","embeddable":true,"href":"https:\/\/www.europesays.com\/fr\/wp-json\/wp\/v2\/tags?post=543127"}],"curies":[{"name":"wp","href":"https:\/\/api.w.org\/{rel}","templated":true}]}}