{"id":543129,"date":"2025-11-18T19:41:28","date_gmt":"2025-11-18T19:41:28","guid":{"rendered":"https:\/\/www.europesays.com\/fr\/543129\/"},"modified":"2025-11-18T19:41:28","modified_gmt":"2025-11-18T19:41:28","slug":"verif-13-novembre-les-commemorations-ciblees-par-une-campagne-de-desinformation-russe","status":"publish","type":"post","link":"https:\/\/www.europesays.com\/fr\/543129\/","title":{"rendered":"V\u00c9RIF&rsquo; &#8211; 13-Novembre : les comm\u00e9morations cibl\u00e9es par une campagne de d\u00e9sinformation russe"},"content":{"rendered":"<ul class=\"jsx-862013697 ArticleChapo__List\">\n<li class=\"jsx-862013697 ArticleChapo__List_Item flex\">De fausses informations ont prolif\u00e9r\u00e9 autour des comm\u00e9morations du 13-Novembre.<\/li>\n<li class=\"jsx-862013697 ArticleChapo__List_Item flex\">Plusieurs vid\u00e9os r\u00e9alistes usurpent l&rsquo;identit\u00e9 de v\u00e9ritables m\u00e9dias fran\u00e7ais.<\/li>\n<li class=\"jsx-862013697 ArticleChapo__List_Item flex\">Il s&rsquo;agit en r\u00e9alit\u00e9 d&rsquo;une op\u00e9ration de d\u00e9sinformation pilot\u00e9e par Moscou.<\/li>\n<\/ul>\n<p><a href=\"https:\/\/www.tf1info.fr\/actualite\/attentats-13-novembre-2015-anniversaire-attaque-terroriste-paris-bataclan-ceremonie-hommage-14393\/\" rel=\"noopener\" class=\"jsx-484472199 Link jsx-1428418400 jsx-609604686\" target=\"_blank\"><\/p>\n<p style=\"font-weight:400\" class=\"jsx-1837267516\">Suivez la couverture compl\u00e8te<\/p>\n<p style=\"font-weight:800\" class=\"jsx-1837267516\">Attentats du 13-Novembre : 10 ans apr\u00e8s, la France se souvient<\/p>\n<p><\/a><\/p>\n<p data-module=\"article-paragraph\" class=\"jsx-3046738180 Paragraph Paragraph__End\">De nombreuses personnes ont <a href=\"https:\/\/www.tf1info.fr\/replay-tf1\/video-l-hommage-des-heros-du-13-novembre-aux-132-victimes-des-attentats-de-2015-2406567.html\" target=\"_blank\" rel=\"noopener\">rendu hommage<\/a> aux victimes \u00e0 Paris, et en ligne, 10 ans apr\u00e8s les <a href=\"https:\/\/www.tf1info.fr\/international\/13-novembre-10-ans-apres-les-attentats-meurtriers-qu-il-avait-revendiques-ou-en-est-daech-2405896.html\" target=\"_blank\" rel=\"noopener\">attentats du 13-Novembre<\/a>. Sur les r\u00e9seaux sociaux, parmi les messages des internautes, plusieurs suppos\u00e9s reportages ont \u00e9t\u00e9 partag\u00e9s. <a href=\"https:\/\/archive.ph\/wCzTG\" target=\"_blank\" rel=\"nofollow noopener\">Cette vid\u00e9o  (nouvelle fen\u00eatre)<\/a>\u00e9voque par exemple un \u00ab\u00a0refus\u00a0\u00bb des proches des victimes \u00ab\u00a0d&rsquo;assister aux comm\u00e9morations si Emmanuel Macron y participait\u00a0\u00bb. <a href=\"https:\/\/archive.ph\/klPTw\" target=\"_blank\" rel=\"nofollow noopener\">D&rsquo;autres (nouvelle fen\u00eatre)<\/a> <a href=\"https:\/\/archive.ph\/aWwlG \" target=\"_blank\" rel=\"nofollow noopener\">clips  (nouvelle fen\u00eatre)<\/a>affirment que les stades sont \u00ab\u00a0les moins s\u00e9curis\u00e9s\u00a0\u00bb d&rsquo;Europe malgr\u00e9 les attentats. En r\u00e9alit\u00e9, un r\u00e9seau de propagande russe est \u00e0 l&rsquo;origine de ces contenus.\u00a0<\/p>\n<p><img decoding=\"async\" src=\"https:\/\/www.europesays.com\/fr\/wp-content\/uploads\/2025\/11\/faux-rfi-cf591b-0@1x.jpeg\" alt=\"Capture d'\u00e9cran \/ Les V\u00e9rificateurs\" loading=\"lazy\" importance=\"low\" fetchpriority=\"low\" class=\"\" data-module=\"article-image\"\/>Capture d&rsquo;\u00e9cran \/ Les V\u00e9rificateurs<\/p>\n<p data-module=\"article-paragraph\" class=\"jsx-3046738180 Paragraph Paragraph__End\">\u00c0 en croire <a href=\"https:\/\/archive.ph\/wCzTG  \" target=\"_blank\" rel=\"nofollow noopener\">cette vid\u00e9o (nouvelle fen\u00eatre)<\/a>, \u00ab\u00a0les proches des victimes et les personnes bless\u00e9es lors des attentats du 13 novembre 2015 ont refus\u00e9 d&rsquo;assister aux comm\u00e9morations si Emmanuel Macron y participait\u00a0\u00bb. Format, logo rouge et blanc du m\u00e9dia RFI&#8230; le contenu ressemble \u00e0 un r\u00e9el clip journalistique. Pourtant, nous ne retrouvons pas cette information sur RFI, ni dans aucun autre m\u00e9dia, agence de presse ou ailleurs sur les r\u00e9seaux sociaux. Si Emmanuel Macron <a href=\"https:\/\/archive.ph\/ss3NF\" target=\"_blank\" rel=\"nofollow noopener\">a bien particip\u00e9  (nouvelle fen\u00eatre)<\/a>aux comm\u00e9morations, il n&rsquo;y a aucune trace de contestation de sa pr\u00e9sence sur les sites des <a href=\"https:\/\/archive.ph\/SRWOA\" target=\"_blank\" rel=\"nofollow noopener\">groupes de victimes et leurs proches (nouvelle fen\u00eatre)<\/a>.\u00a0<\/p>\n<p><img decoding=\"async\" src=\"https:\/\/www.europesays.com\/fr\/wp-content\/uploads\/2025\/11\/faux-france-24-catalina-5ea991-0@1x.jpeg\" alt=\"Capture d'\u00e9cran Les V\u00e9rificateurs\" loading=\"lazy\" importance=\"low\" fetchpriority=\"low\" class=\"\" data-module=\"article-image\"\/>Capture d&rsquo;\u00e9cran Les V\u00e9rificateurs<\/p>\n<p data-module=\"article-paragraph\" class=\"jsx-3046738180 Paragraph\">Un autre <a href=\"https:\/\/archive.ph\/aWwlG \" target=\"_blank\" rel=\"nofollow noopener\">suppos\u00e9 reportage (nouvelle fen\u00eatre)<\/a>, cette fois-ci cens\u00e9 \u00eatre issu du m\u00e9dia Le Monde, affirme que \u00ab\u00a0les stades en France sont les moins s\u00e9curis\u00e9s d&rsquo;Europe malgr\u00e9 les attentats du 13 novembre 2015\u00a0\u00bb. Aucune trace d&rsquo;une telle information sur le site du quotidien. Une vid\u00e9o cens\u00e9e \u00eatre issue de la cha\u00eene France 24 assure aussi que les stades fran\u00e7ais ne sont pas s\u00e9curis\u00e9s, suppos\u00e9e preuve \u00e0 l&rsquo;appui : une journaliste <a href=\"https:\/\/archive.ph\/klPTw\" target=\"_blank\" rel=\"nofollow noopener\">se serait introduite (nouvelle fen\u00eatre)<\/a> au Stade de France et dans quatre autres infrastructures&#8230; avec des explosifs. Une ancienne reporter du groupe, Catalina Marchant de Abreu, est m\u00eame nomm\u00e9e. Mais nous ne retrouvons aucune trace d&rsquo;une telle enqu\u00eate sur le site et les r\u00e9seaux du m\u00e9dia. Et pour cause, il est compl\u00e8tement faux.\u00a0<\/p>\n<p data-module=\"article-paragraph\" class=\"jsx-3046738180 Paragraph Paragraph__End\">\u00ab\u00a0Je n&rsquo;ai absolument pas r\u00e9alis\u00e9 ce reportage\u00a0\u00bb, d\u00e9ment cat\u00e9goriquement la journaliste aupr\u00e8s des V\u00e9rificateurs. \u00ab\u00a0\u00c7a m&rsquo;inqui\u00e8te beaucoup\u00a0\u00bb, d\u00e9plore Catalina Marchant de Abreu, d\u00e9sormais bas\u00e9e \u00e0 Duba\u00ef o\u00f9 elle travaille pour la cha\u00eene Al Arabiya. \u00ab\u00a0Ils essaient de ternir mon nom et ma r\u00e9putation de journaliste avec de fausses informations si grotesques, alors que mon travail consiste pr\u00e9cis\u00e9ment \u00e0 les combattre\u00a0\u00bb, se d\u00e9sole-t-elle. Ce n&rsquo;est <a href=\"https:\/\/archive.ph\/HZRB2\" target=\"_blank\" rel=\"nofollow noopener\">pas la premi\u00e8re fois (nouvelle fen\u00eatre)<\/a> que l&rsquo;identit\u00e9 de la journaliste est ainsi usurp\u00e9e. \u00ab\u00a0J&rsquo;ai ce sentiment d&rsquo;\u00eatre surveill\u00e9e par le syst\u00e8me de d\u00e9sinformation russe depuis plusieurs ann\u00e9es\u00a0\u00bb, explique la reporter, qui esp\u00e8re que les t\u00e9l\u00e9spectateurs et les internautes ne tomberont pas dans le pi\u00e8ge.<\/p>\n<blockquote data-testid=\"EmbedTwitter\" id=\"tweet-1989721113174126608-:Riupd6j979m:\" class=\"jsx-aeff1a1c40f54d7a twitter-tweet flex justify-center items-center\"><p>\ud83e\uddf5Kremlin-aligned Matryoshka bot network is now exploiting the 10th anniversary of 2015 Paris attacks, part of its multi-year effort to cut aid to Ukraine and to undermine trust to Emmanuel Macron. Fake videos impersonated:  @RFI ,  @20Minutes ,  @le_Parisien ,  @France24 ,  @LeMondeFr .  pic.twitter.com\/Umhe1jfGrb \u2014 bot blocker | \u0431\u043b\u043e\u043a\u0438\u0440\u043e\u0432\u0449\u0438\u043a \u0431\u043e\u0442\u043e\u0432 (@antibot4navalny)  November 15, 2025<\/p><\/blockquote>\n<p data-module=\"article-paragraph\" class=\"jsx-3046738180 Paragraph\">Le collectif <a href=\"https:\/\/archive.ph\/WDgww\" target=\"_blank\" rel=\"nofollow noopener\">Antibot4Navalny (nouvelle fen\u00eatre)<\/a>, qui traque les op\u00e9rations de d\u00e9sinformation venues de Russie, a rep\u00e9r\u00e9 une dizaine de vid\u00e9os de ce type. Certaines sont \u00e9galement publi\u00e9es sur le<a href=\"https:\/\/archive.ph\/JaBi8\" target=\"_blank\" rel=\"nofollow noopener\"> r\u00e9seau social Bluesky (nouvelle fen\u00eatre)<\/a>. Elles imitent toutes le style journalistique et usurpent l&rsquo;identit\u00e9 de plusieurs m\u00e9dias fran\u00e7ais bien r\u00e9els, comme RFI, 20 Minutes, Le Monde et France 24. Les comptes les ayant publi\u00e9es ont peu d&rsquo;engagement, et des photos de profil g\u00e9n\u00e9r\u00e9es par intelligence artificielle (IA).\u00a0<\/p>\n<p data-module=\"article-paragraph\" class=\"jsx-3046738180 Paragraph Paragraph__End\">Plusieurs \u00e9l\u00e9ments reviennent r\u00e9guli\u00e8rement : l&rsquo;id\u00e9e que \u00ab\u00a0la France n&rsquo;a tir\u00e9 aucune le\u00e7on de 2015\u00a0\u00bb, que \u00ab\u00a0Macron privil\u00e9gie l&rsquo;aide \u00e0 l&rsquo;Ukraine au d\u00e9triment de la s\u00e9curit\u00e9 int\u00e9rieure\u00a0\u00bb et que \u00ab\u00a0sa politique migratoire accueille favorablement les islamistes radicaux\u00a0\u00bb. Comme le rel\u00e8ve David Colon, historien et chercheur \u00e0 Sciences Po, <a href=\"https:\/\/archive.ph\/1jltb\" target=\"_blank\" rel=\"nofollow noopener\">sur X (nouvelle fen\u00eatre)<\/a>, le but pourrait \u00eatre \u00ab\u00a0de saper le soutien \u00e0 l&rsquo;Ukraine et la confiance dans le chef de l&rsquo;\u00c9tat\u00a0\u00bb.<\/p>\n<p>Op\u00e9ration \u00ab\u00a0Matriochka\u00a0\u00bb<\/p>\n<p data-module=\"article-paragraph\" class=\"jsx-3046738180 Paragraph\">Selon un service de l&rsquo;\u00c9tat proche du dossier consult\u00e9 par TF1info, il s&rsquo;agit du mode de diffusion et des codes de production correspondant \u00e0 l&rsquo;op\u00e9ration <a href=\"https:\/\/www.tf1info.fr\/international\/video-chronique-les-verificateurs-matriochka-comment-fonctionne-cette-redoutable-campagne-de-desinformation-prorusse-2303087.html\" target=\"_blank\" rel=\"noopener\">Matriochka<\/a>. Derri\u00e8re ce nom de code, une redoutable campagne attribu\u00e9e \u00e0 des acteurs pro-russes et qui constitue une \u00ab\u00a0ing\u00e9rence \u00e9trang\u00e8re\u00a0\u00bb, d&rsquo;apr\u00e8s <a href=\"https:\/\/www.defense.gouv.fr\/actualites\/decryptage-matriochka-campagne-pro-russe-desinformation\" target=\"_blank\" rel=\"noopener\">le service (nouvelle fen\u00eatre)<\/a> charg\u00e9 de la vigilance et la protection contre les ing\u00e9rences num\u00e9riques \u00e9trang\u00e8res (Viginum). L&rsquo;objectif de cette op\u00e9ration est \u00ab\u00a0de d\u00e9cr\u00e9dibiliser les m\u00e9dias, personnalit\u00e9s et cellules de fact-checking cibl\u00e9s tout en promouvant des contenus servant les int\u00e9r\u00eats russes\u00a0\u00bb, selon <a href=\"https:\/\/archive.ph\/HhP9S \" target=\"_blank\" rel=\"nofollow noopener\">un rapport  (nouvelle fen\u00eatre)<\/a>\u00e0 ce sujet en 2024.<\/p>\n<p data-module=\"article-paragraph\" class=\"jsx-3046738180 Paragraph Paragraph__End\">La France est r\u00e9guli\u00e8rement vis\u00e9e par des campagnes de d\u00e9sinformation orchestr\u00e9es par Moscou. Les V\u00e9rificateurs avaient par exemple <a href=\"https:\/\/www.tf1info.fr\/international\/verif-le-casse-cambriolage-du-louvre-un-evenement-qui-alimente-les-reseaux-de-desinformation-russes-2402379.html\" target=\"_blank\" rel=\"noopener\">d\u00e9j\u00e0 enqu\u00eat\u00e9  (nouvelle fen\u00eatre)<\/a>sur la d\u00e9sinformation russe autour du cambriolage du Louvre, ou encore de fausses informations cr\u00e9\u00e9es de toutes pi\u00e8ces pr\u00e9tendant que des d\u00e9chets nucl\u00e9aires fran\u00e7ais \u00e9taient<a href=\"https:\/\/www.tf1info.fr\/international\/verif-des-dechets-nucleaires-francais-secretement-envoyes-en-armenie-plongee-dans-une-campagne-de-desinformation-2380203.html\" target=\"_blank\" rel=\"noopener\"> secr\u00e8tement envoy\u00e9s (nouvelle fen\u00eatre)<\/a> en Arm\u00e9nie ou encore sur un <a href=\"https:\/\/www.tf1info.fr\/international\/verif-1-800-euros-d-allocations-pour-que-des-migrants-africains-a-s-installent-en-france-plongee-dans-une-campagne-de-desinformation-russe-russie-moscou-kremlin-poutine-fake-news-desinformation-2390562.html\" target=\"_blank\" rel=\"noopener\">faux programme (nouvelle fen\u00eatre)<\/a> incitant des migrants africains \u00e0 s&rsquo;installer en France.\u00a0<\/p>\n<p><a href=\"https:\/\/www.tf1info.fr\/international\/verif-le-casse-cambriolage-du-louvre-un-evenement-qui-alimente-les-reseaux-de-desinformation-russes-2402379.html\" rel=\"noopener\" class=\"jsx-3308031228 Link flex\" target=\"_blank\"><img decoding=\"async\" src=\"https:\/\/www.europesays.com\/fr\/wp-content\/uploads\/2025\/11\/verif-propagande-russe-louvre-08af67-1@1x.jpeg\" alt=\"Le braquage du Louvre, alimente les r\u00e9seaux de d\u00e9sinformation russes\" loading=\"lazy\" importance=\"low\" fetchpriority=\"low\" class=\"\" aria-hidden=\"true\"\/><\/p>\n<p class=\"jsx-3657663356 ReadMoreArticle__Title\">Lire aussi<\/p>\n<p class=\"jsx-3657663356\">V\u00c9RIF&rsquo; &#8211; Le cambriolage du Louvre, un \u00e9v\u00e9nement qui alimente les r\u00e9seaux de d\u00e9sinformation russes<\/p>\n<p><\/a><\/p>\n<p data-module=\"article-paragraph\" class=\"jsx-3046738180 Paragraph Paragraph__End\"><strong>Vous souhaitez nous poser des questions ou nous soumettre une information qui ne vous para\u00eet pas fiable ? N&rsquo;h\u00e9sitez pas \u00e0 nous \u00e9crire \u00e0 l&rsquo;adresse lesverificateurs@tf1.fr. Retrouvez-nous \u00e9galement sur X : notre \u00e9quipe y est pr\u00e9sente derri\u00e8re le compte @verif_TF1LCI.<\/strong><\/p>\n<p>Astrig AGOPIAN<\/p>\n<p><script async src=\"https:\/\/platform.twitter.com\/widgets.js\" charset=\"utf-8\"><\/script><\/p>\n","protected":false},"excerpt":{"rendered":"De fausses informations ont prolif\u00e9r\u00e9 autour des comm\u00e9morations du 13-Novembre. Plusieurs vid\u00e9os r\u00e9alistes usurpent l&rsquo;identit\u00e9 de v\u00e9ritables m\u00e9dias&hellip;\n","protected":false},"author":2,"featured_media":543130,"comment_status":"","ping_status":"","sticky":false,"template":"","format":"standard","meta":{"footnotes":""},"categories":[1591],"tags":[1111,11,1921,61701,65138,1073,1887,1922,8201,65139,1916,12,1885,1886,132,1254,220,133,1920,135,134],"class_list":{"0":"post-543129","1":"post","2":"type-post","3":"status-publish","4":"format-standard","5":"has-post-thumbnail","7":"category-russie","8":"tag-actu","9":"tag-actualites","10":"tag-article-video","11":"tag-attentats-du-13-novembre","12":"tag-attentats-du-13-novembre-10-ans-apres","13":"tag-emmanuel-macron","14":"tag-federation-de-russie","15":"tag-info","16":"tag-ingerence-etrangere","17":"tag-la-france-se-souvient","18":"tag-moscou","19":"tag-news","20":"tag-russia","21":"tag-russian-federation","22":"tag-russie","23":"tag-terrorisme","24":"tag-ukraine","25":"tag-video","26":"tag-video-international","27":"tag-vladimir-poutine","28":"tag-volodymyr-zelensky"},"share_on_mastodon":{"url":"https:\/\/pubeurope.com\/@fr\/115572408421516074","error":""},"_links":{"self":[{"href":"https:\/\/www.europesays.com\/fr\/wp-json\/wp\/v2\/posts\/543129","targetHints":{"allow":["GET"]}}],"collection":[{"href":"https:\/\/www.europesays.com\/fr\/wp-json\/wp\/v2\/posts"}],"about":[{"href":"https:\/\/www.europesays.com\/fr\/wp-json\/wp\/v2\/types\/post"}],"author":[{"embeddable":true,"href":"https:\/\/www.europesays.com\/fr\/wp-json\/wp\/v2\/users\/2"}],"replies":[{"embeddable":true,"href":"https:\/\/www.europesays.com\/fr\/wp-json\/wp\/v2\/comments?post=543129"}],"version-history":[{"count":0,"href":"https:\/\/www.europesays.com\/fr\/wp-json\/wp\/v2\/posts\/543129\/revisions"}],"wp:featuredmedia":[{"embeddable":true,"href":"https:\/\/www.europesays.com\/fr\/wp-json\/wp\/v2\/media\/543130"}],"wp:attachment":[{"href":"https:\/\/www.europesays.com\/fr\/wp-json\/wp\/v2\/media?parent=543129"}],"wp:term":[{"taxonomy":"category","embeddable":true,"href":"https:\/\/www.europesays.com\/fr\/wp-json\/wp\/v2\/categories?post=543129"},{"taxonomy":"post_tag","embeddable":true,"href":"https:\/\/www.europesays.com\/fr\/wp-json\/wp\/v2\/tags?post=543129"}],"curies":[{"name":"wp","href":"https:\/\/api.w.org\/{rel}","templated":true}]}}