{"id":543133,"date":"2025-11-18T19:43:13","date_gmt":"2025-11-18T19:43:13","guid":{"rendered":"https:\/\/www.europesays.com\/fr\/543133\/"},"modified":"2025-11-18T19:43:13","modified_gmt":"2025-11-18T19:43:13","slug":"le-prince-heritier-mohammed-ben-salmane-recu-a-la-maison-blanche-par-donald-trump","status":"publish","type":"post","link":"https:\/\/www.europesays.com\/fr\/543133\/","title":{"rendered":"le prince h\u00e9ritier Mohammed ben Salmane re\u00e7u \u00e0 la Maison Blanche par Donald Trump"},"content":{"rendered":"<p>AA \/ Istanbul \/ Diyar Guldogan<\/p>\n<p>En visite officielle \u00e0 la Maison-Blanche, le prince h\u00e9ritier Mohammed ben Salmane a annonc\u00e9 ce mardi l&rsquo;augmentation des investissements de l\u2019Arabie saoudite aux \u00c9tats-Unis et la volont\u00e9 de son pays de faire partie des Accords d\u2019Abraham.<\/p>\n<p>\u00ab Je crois, Monsieur le Pr\u00e9sident, qu\u2019aujourd\u2019hui et demain, nous pouvons annoncer que nous allons augmenter ces 600 milliards de dollars \u00e0 presque 1 000 milliards pour de v\u00e9ritables investissements \u00bb, a d\u00e9clar\u00e9 Ben Salmane, connu sous le nom de MBS, aux journalistes \u00e0 la Maison-Blanche, aux c\u00f4t\u00e9s du pr\u00e9sident am\u00e9ricain Donald Trump.<\/p>\n<p>\u00ab Je veux le (Ben Salman) remercier, car il a accept\u00e9 d\u2019investir 600 milliards de dollars aux \u00c9tats-Unis, et comme c\u2019est mon ami, il pourrait porter ce montant \u00e0 un trillion, mais je vais devoir travailler avec lui. Nous pouvons compter sur ces 600 milliards, mais ce chiffre pourrait encore augmenter un peu \u00bb, a d\u00e9clar\u00e9 Trump, saluant la volont\u00e9 de ses partenaires saoudiens.<\/p>\n<p>Le prince h\u00e9ritier saoudien a \u00e9galement d\u00e9clar\u00e9 qu\u2019il souhaitait que son pays fasse partie des Accords d\u2019Abraham.<\/p>\n<p>\u00ab Nous voulons faire partie de cet \u00e9lan, mais nous voulons aussi nous assurer de tracer une voie claire vers une solution \u00e0 deux \u00c9tats (entre Isra\u00ebl et la Palestine) \u00bb, a d\u00e9clar\u00e9 Ben Salmane, aussi connu sous le nom de MBS, aux journalistes \u00e0 la Maison-Blanche, aux c\u00f4t\u00e9s du pr\u00e9sident am\u00e9ricain Donald Trump.<\/p>\n<p>Il a pr\u00e9cis\u00e9 que le sujet serait abord\u00e9 plus en d\u00e9tail.<\/p>\n<p>\u00ab Nous voulons la paix pour les Isra\u00e9liens. Nous voulons la paix pour les Palestiniens. Nous voulons qu\u2019ils coexistent pacifiquement dans la r\u00e9gion \u00bb, a-t-il ajout\u00e9.<\/p>\n<p>*Traduit de l&rsquo;anglais par Ben Amed Azize Zougmore <\/p>\n<p>                            &#13;<br \/>\n                                <a href=\"https:\/\/www.aa.com.tr\/fr\/p\/abonnement\/1001\" target=\"_blank\" style=\"font-size:12px; color:#444; text-decoration:none;\" rel=\"noopener\">&#13;<br \/>\n                                    Seulement une partie des d\u00e9p\u00eaches, que l&rsquo;Agence Anadolu diffuse \u00e0 ses abonn\u00e9s via le Syst\u00e8me de Diffusion interne (HAS), est diffus\u00e9e sur le site de l&rsquo;AA, de mani\u00e8re r\u00e9sum\u00e9e. <b style=\"color:#1897F7\">Contactez-nous s&rsquo;il vous pla\u00eet pour vous abonner.<\/b>&#13;<br \/>\n                                <\/a>&#13;<\/p>\n","protected":false},"excerpt":{"rendered":"AA \/ Istanbul \/ Diyar Guldogan En visite officielle \u00e0 la Maison-Blanche, le prince h\u00e9ritier Mohammed ben Salmane&hellip;\n","protected":false},"author":2,"featured_media":543134,"comment_status":"","ping_status":"","sticky":false,"template":"","format":"standard","meta":{"footnotes":""},"categories":[1589],"tags":[11,1785,4947,75,73,1866,56958,12,1864,1865,1863,308],"class_list":{"0":"post-543133","1":"post","2":"type-post","3":"status-publish","4":"format-standard","5":"has-post-thumbnail","7":"category-etats-unis","8":"tag-actualites","9":"tag-anadolu-ajansi","10":"tag-arabie-saoudite","11":"tag-donald-trump","12":"tag-etats-unis","13":"tag-etats-unis-damerique","14":"tag-mohammed-ben-salmane","15":"tag-news","16":"tag-united-states","17":"tag-united-states-of-america","18":"tag-us","19":"tag-usa"},"share_on_mastodon":{"url":"https:\/\/pubeurope.com\/@fr\/115572415233602570","error":""},"_links":{"self":[{"href":"https:\/\/www.europesays.com\/fr\/wp-json\/wp\/v2\/posts\/543133","targetHints":{"allow":["GET"]}}],"collection":[{"href":"https:\/\/www.europesays.com\/fr\/wp-json\/wp\/v2\/posts"}],"about":[{"href":"https:\/\/www.europesays.com\/fr\/wp-json\/wp\/v2\/types\/post"}],"author":[{"embeddable":true,"href":"https:\/\/www.europesays.com\/fr\/wp-json\/wp\/v2\/users\/2"}],"replies":[{"embeddable":true,"href":"https:\/\/www.europesays.com\/fr\/wp-json\/wp\/v2\/comments?post=543133"}],"version-history":[{"count":0,"href":"https:\/\/www.europesays.com\/fr\/wp-json\/wp\/v2\/posts\/543133\/revisions"}],"wp:featuredmedia":[{"embeddable":true,"href":"https:\/\/www.europesays.com\/fr\/wp-json\/wp\/v2\/media\/543134"}],"wp:attachment":[{"href":"https:\/\/www.europesays.com\/fr\/wp-json\/wp\/v2\/media?parent=543133"}],"wp:term":[{"taxonomy":"category","embeddable":true,"href":"https:\/\/www.europesays.com\/fr\/wp-json\/wp\/v2\/categories?post=543133"},{"taxonomy":"post_tag","embeddable":true,"href":"https:\/\/www.europesays.com\/fr\/wp-json\/wp\/v2\/tags?post=543133"}],"curies":[{"name":"wp","href":"https:\/\/api.w.org\/{rel}","templated":true}]}}