{"id":543135,"date":"2025-11-18T19:44:16","date_gmt":"2025-11-18T19:44:16","guid":{"rendered":"https:\/\/www.europesays.com\/fr\/543135\/"},"modified":"2025-11-18T19:44:16","modified_gmt":"2025-11-18T19:44:16","slug":"13-novembre-2015-le-gouvernement-britannique-aurait-finance-un-boys-band-pour-chanter-dans-les-quartiers-musulmans-apres-les-attentats","status":"publish","type":"post","link":"https:\/\/www.europesays.com\/fr\/543135\/","title":{"rendered":"13-Novembre\u00a02015\u00a0: le gouvernement britannique aurait financ\u00e9 un boys band pour chanter dans les quartiers musulmans apr\u00e8s les attentats"},"content":{"rendered":"<p class=\"paragraph text_align_left lp-f-body-02\">Cette nouvelle agite la Grande-Bretagne ce mardi. Selon les r\u00e9v\u00e9lations du m\u00e9dia britannique <a href=\"https:\/\/www.politicshome.com\/news\/article\/home-office-secretly-funded-boyband-sing-songs-london-attacks-muslim-areas\" target=\"_blank\" rel=\"noreferrer nofollow noopener\">PoliticsHome<\/a> le minist\u00e8re de l\u2019Int\u00e9rieur britannique aurait men\u00e9 une op\u00e9ration secr\u00e8te visant \u00e0 lutter contre la radicalisation dans les quartiers musulmans gr\u00e2ce au pouvoir de la musique\u2026 des boys bands !<\/p>\n<p class=\"paragraph text_align_left lp-f-body-02\">Cette histoire prend ses racines en 2016, le groupe pop Mr Meanor, pas un pilier de la pop britannique, entreprend une tourn\u00e9e dans les \u00e9coles du nord de l\u2019Angleterre afin de diffuser un message contre la violence mais principalement dans des quartiers d\u00e9favoris\u00e9s o\u00f9 une minorit\u00e9 musulmane vit.<\/p>\n<p class=\"paragraph text_align_left lp-f-body-02\">Cette initiative \u00e9tait officiellement soutenue par l\u2019organisation caritative The Tim Parry Jonathan Ball Foundation for Peace, cr\u00e9\u00e9e en m\u00e9moire de deux jeunes victimes d\u2019un attentat \u00e0 la bombe perp\u00e9tr\u00e9 par l\u2019IRA en 1993.<\/p>\n<p class=\"paragraph text_align_left lp-f-body-02\">Mais selon le d\u2019information PoliticsHome, il s\u2019av\u00e8re, en r\u00e9alit\u00e9, que l\u2019ensemble de la campagne a \u00e9t\u00e9 organis\u00e9 par des personnalit\u00e9s au sein du gouvernement de l\u2019\u00e9poque. Dans son enqu\u00eate se r\u00e9f\u00e8re notamment \u00e0 des publications LinkedIn d\u2019anciens sous-traitants et l\u2019implication de la soci\u00e9t\u00e9 de communication Breakthrough Media, qui a travaill\u00e9 avec l\u2019unit\u00e9 de recherche, d\u2019information et de communication (RICU) du minist\u00e8re de l\u2019Int\u00e9rieur.<\/p>\n<p>\u00ab Unit\u00e9 de propagande obscure \u00bb<\/p>\n<p class=\"paragraph text_align_left lp-f-body-02\">Une enqu\u00eate men\u00e9e en 2016 par le Guardian avait par ailleurs r\u00e9v\u00e9l\u00e9 que Breakthrough avait cr\u00e9\u00e9 des dizaines de sites web, de vid\u00e9os et de pages sur les r\u00e9seaux sociaux pour contrer la propagande de Daech lorsque le groupe terroriste \u00e9tait \u00e0 son apog\u00e9e au Levant mais aussi dans les banlieues britanniques.<\/p>\n<p class=\"paragraph text_align_left lp-f-body-02\">Cette fameuse RICU, dont l\u2019objet \u00e9tait principalement ce programme de lutte contre la radicalisation \u00ab Prevent \u00bb, a vraiment op\u00e9r\u00e9 comme une \u00ab unit\u00e9 de propagande obscure \u00bb pour le m\u00e9dia britannique.<\/p>\n<p class=\"paragraph text_align_left lp-f-body-02\">La page Instagram de M. Meanor n\u2019a pas \u00e9t\u00e9 active depuis pr\u00e8s de neuf ans, \u00e0 l\u2019exception d\u2019une publication \u00ab blackout \u00bb en 2020 \u00e0 la suite des manifestations contre George Floyd.<\/p>\n<p class=\"paragraph text_align_left lp-f-body-02\">Des photos datant de l\u2019automne 2016 montrent le trio, compos\u00e9 de Marcel Wildy, Jordan Hyams et Jake Kirby, posant avec des groupes d\u2019\u00e9coliers \u00e0 Bradford, Burnley, Manchester et Huddersfield, entre autres.<\/p>\n<p>Un texte \u00e9crit apr\u00e8s les attentats de Paris de novembre 2015<\/p>\n<p class=\"paragraph text_align_left lp-f-body-02\">La campagne servait aussi \u00e0 promouvoir leur nouveau single intitul\u00e9 \u00ab Think About It \u00bb, qui v\u00e9hiculait un message anti-radicalisation tr\u00e8s fort. \u00ab Car le 11 septembre a chang\u00e9 notre fa\u00e7on de voir les choses. Les gens veulent semer la terreur. Et le 7 juillet (2005) a laiss\u00e9 derri\u00e8re lui bien plus de vies bris\u00e9es. Sous nos yeux \u00bb, chantait le boys band british, \u00e0 propos des attentats de 20O5 en Grande-Bretagne. Le groupe avait d\u00e9clar\u00e9 avoir \u00e9crit cette chanson au lendemain des attentats terroristes de Paris en 2015, au cours desquels 130 personnes ont \u00e9t\u00e9 tu\u00e9es par des terroristes de l\u2019\u00c9tat islamique.<\/p>\n<p class=\"paragraph text_align_left lp-f-body-02\">\u00ab Nous esp\u00e9rons que cette chanson incitera les gens \u00e0 s\u2019opposer \u00e0 ceux qui pr\u00f4nent la violence et la haine dans la soci\u00e9t\u00e9 actuelle \u00bb, ajoutait le groupe \u00e0 sa vid\u00e9o sur YouTube.<\/p>\n<p class=\"paragraph text_align_left lp-f-body-02\">Toutes les recettes du single ont \u00e9t\u00e9 revers\u00e9es \u00e0 la Fondation pour la paix, bien que l\u2019Official Charts Company ne mentionne aucune trace de cette sortie\u2026 dans le top 100 britannique !<\/p>\n<p>Une ministre de l\u2019Int\u00e9rieur qui d\u00e9missionnera pour un autre scandale<\/p>\n<p class=\"paragraph text_align_left lp-f-body-02\">Malgr\u00e9 les demandes des m\u00e9dias britanniques, les membres du groupe n\u2019ont pas r\u00e9pondu aux sollicitations. Rien n\u2019indique toutefois que les membres de Mr Meanor aient eu connaissance d\u2019un financement occulte pour leur tourn\u00e9e. Amber Rudd \u00e9tait la ministre de l\u2019Int\u00e9rieur au moment de la tourn\u00e9e de Mr Meanor, elle avait d\u00e9missionn\u00e9 en 2018.<\/p>\n<p class=\"paragraph text_align_left lp-f-body-02\">Elle d\u00e9missionne le 29 avril 2018 \u00e0 la suite du scandale dit de la \u00ab g\u00e9n\u00e9ration Windrush \u00bb, relatif \u00e0 la mauvaise gestion par le gouvernement des dossiers de 550 000 travailleurs venus des Antilles britanniques entre 1948 et 1973, \u00e0 la demande du Royaume-Uni, pour participer au d\u00e9veloppement du pays apr\u00e8s-guerre.<\/p>\n<p class=\"paragraph text_align_left lp-f-body-02\">\u00ab Cette campagne a \u00e9t\u00e9 men\u00e9e sous un gouvernement pr\u00e9c\u00e9dent et a d\u00e9sormais pris fin \u00bb a sobrement comment\u00e9 un porte-parole du minist\u00e8re de l\u2019Int\u00e9rieur.<\/p>\n","protected":false},"excerpt":{"rendered":"Cette nouvelle agite la Grande-Bretagne ce mardi. Selon les r\u00e9v\u00e9lations du m\u00e9dia britannique PoliticsHome le minist\u00e8re de l\u2019Int\u00e9rieur&hellip;\n","protected":false},"author":2,"featured_media":543136,"comment_status":"","ping_status":"","sticky":false,"template":"","format":"standard","meta":{"footnotes":""},"categories":[1588],"tags":[11,1777,674,14,12,473,1853,1851,1850,1852],"class_list":{"0":"post-543135","1":"post","2":"type-post","3":"status-publish","4":"format-standard","5":"has-post-thumbnail","7":"category-royaume-uni","8":"tag-actualites","9":"tag-eu","10":"tag-europe","11":"tag-international","12":"tag-news","13":"tag-royaume-uni","14":"tag-royaume-uni-de-grande-bretagne-et-dirlande-du-nord","15":"tag-uk","16":"tag-united-kingdom","17":"tag-united-kingdom-of-great-britain-and-northern-ireland"},"share_on_mastodon":{"url":"https:\/\/pubeurope.com\/@fr\/115572418979474720","error":""},"_links":{"self":[{"href":"https:\/\/www.europesays.com\/fr\/wp-json\/wp\/v2\/posts\/543135","targetHints":{"allow":["GET"]}}],"collection":[{"href":"https:\/\/www.europesays.com\/fr\/wp-json\/wp\/v2\/posts"}],"about":[{"href":"https:\/\/www.europesays.com\/fr\/wp-json\/wp\/v2\/types\/post"}],"author":[{"embeddable":true,"href":"https:\/\/www.europesays.com\/fr\/wp-json\/wp\/v2\/users\/2"}],"replies":[{"embeddable":true,"href":"https:\/\/www.europesays.com\/fr\/wp-json\/wp\/v2\/comments?post=543135"}],"version-history":[{"count":0,"href":"https:\/\/www.europesays.com\/fr\/wp-json\/wp\/v2\/posts\/543135\/revisions"}],"wp:featuredmedia":[{"embeddable":true,"href":"https:\/\/www.europesays.com\/fr\/wp-json\/wp\/v2\/media\/543136"}],"wp:attachment":[{"href":"https:\/\/www.europesays.com\/fr\/wp-json\/wp\/v2\/media?parent=543135"}],"wp:term":[{"taxonomy":"category","embeddable":true,"href":"https:\/\/www.europesays.com\/fr\/wp-json\/wp\/v2\/categories?post=543135"},{"taxonomy":"post_tag","embeddable":true,"href":"https:\/\/www.europesays.com\/fr\/wp-json\/wp\/v2\/tags?post=543135"}],"curies":[{"name":"wp","href":"https:\/\/api.w.org\/{rel}","templated":true}]}}