{"id":543137,"date":"2025-11-18T19:45:45","date_gmt":"2025-11-18T19:45:45","guid":{"rendered":"https:\/\/www.europesays.com\/fr\/543137\/"},"modified":"2025-11-18T19:45:45","modified_gmt":"2025-11-18T19:45:45","slug":"numerique-lallemagne-ne-soutient-pas-lappel-francais-a-acheter-europeen","status":"publish","type":"post","link":"https:\/\/www.europesays.com\/fr\/543137\/","title":{"rendered":"Num\u00e9rique\u00a0: l\u2019Allemagne ne soutient pas l\u2019appel fran\u00e7ais \u00e0 \u00ab\u2009acheter europ\u00e9en\u2009\u00bb"},"content":{"rendered":"<p style=\"text-align: left\">Interrog\u00e9 lors de la conf\u00e9rence de presse du sommet sur la possibilit\u00e9 d\u2019adopter une r\u00e8gle d\u2019\u00ab\u2009achat europ\u00e9en\u2009\u00bb, le ministre allemand s\u2019est content\u00e9 de rappeler que son minist\u00e8re avait r\u00e9cemment introduit de nouveaux crit\u00e8res pour s\u00e9lectionner ses prestataires de services cloud.<\/p>\n<p style=\"text-align: left\">La ministre fran\u00e7aise charg\u00e9e de l\u2019Intelligence artificielle et du Num\u00e9rique, Anne Le H\u00e9nanff a quant \u00e0 elle insist\u00e9 tout au long de la journ\u00e9e sur la n\u00e9cessit\u00e9 d\u2019adopter une r\u00e8gle d\u2019achat europ\u00e9en dans les march\u00e9s publics.<\/p>\n<p style=\"text-align: left\">Karsten Wildberger a d\u00e9clar\u00e9 que le minist\u00e8re allemand tenait d\u00e9sormais compte, dans la s\u00e9lection des fournisseurs de services cloud, de l\u2019emplacement des donn\u00e9es, de leur cryptage et du respect des normes ouvertes par le fournisseur.<\/p>\n<p style=\"text-align: left\">Plus t\u00f4t dans la journ\u00e9e, il avait d\u00e9clar\u00e9 que l\u2019\u00c9tat devait agir comme un \u00ab\u2009client de r\u00e9f\u00e9rence\u2009\u00bb en utilisant son pouvoir d\u2019achat \u00ab\u2009de mani\u00e8re plus strat\u00e9gique\u2009\u00bb. Mais il s\u2019est abstenu de soutenir directement l\u2019appel de son homologue fran\u00e7aise en faveur de l\u2019adoption d\u2019une r\u00e8gle d\u2019achat europ\u00e9en.<\/p>\n<p style=\"text-align: left\">La ministre fran\u00e7aise a reconnu ce d\u00e9saccord lors de la conf\u00e9rence de presse du sommet.<\/p>\n<p style=\"text-align: left\">\u00ab\u2009Nous poursuivrons la discussion sur la pr\u00e9f\u00e9rence europ\u00e9enne\u2009\u00bb, a-t-elle expliqu\u00e9, reconnaissant que Karsten Wildberger avait une position diff\u00e9rente sur la question.<\/p>\n<p style=\"text-align: left\">Cette divergence porte sur un point que de nombreuses entreprises consid\u00e8rent comme essentiel pour r\u00e9aliser les ambitions de l\u2019Europe en mati\u00e8re de souverainet\u00e9 technologique.<\/p>\n","protected":false},"excerpt":{"rendered":"Interrog\u00e9 lors de la conf\u00e9rence de presse du sommet sur la possibilit\u00e9 d\u2019adopter une r\u00e8gle d\u2019\u00ab\u2009achat europ\u00e9en\u2009\u00bb, le&hellip;\n","protected":false},"author":2,"featured_media":543138,"comment_status":"","ping_status":"","sticky":false,"template":"","format":"standard","meta":{"footnotes":""},"categories":[1587],"tags":[11,672,1804,1805,1803,1777,674,1801,12,1802],"class_list":{"0":"post-543137","1":"post","2":"type-post","3":"status-publish","4":"format-standard","5":"has-post-thumbnail","7":"category-allemagne","8":"tag-actualites","9":"tag-allemagne","10":"tag-bundesrepublik-deutschland","11":"tag-de","12":"tag-deutschland","13":"tag-eu","14":"tag-europe","15":"tag-germany","16":"tag-news","17":"tag-republique-federale-dallemagne"},"share_on_mastodon":{"url":"https:\/\/pubeurope.com\/@fr\/115572423038816666","error":""},"_links":{"self":[{"href":"https:\/\/www.europesays.com\/fr\/wp-json\/wp\/v2\/posts\/543137","targetHints":{"allow":["GET"]}}],"collection":[{"href":"https:\/\/www.europesays.com\/fr\/wp-json\/wp\/v2\/posts"}],"about":[{"href":"https:\/\/www.europesays.com\/fr\/wp-json\/wp\/v2\/types\/post"}],"author":[{"embeddable":true,"href":"https:\/\/www.europesays.com\/fr\/wp-json\/wp\/v2\/users\/2"}],"replies":[{"embeddable":true,"href":"https:\/\/www.europesays.com\/fr\/wp-json\/wp\/v2\/comments?post=543137"}],"version-history":[{"count":0,"href":"https:\/\/www.europesays.com\/fr\/wp-json\/wp\/v2\/posts\/543137\/revisions"}],"wp:featuredmedia":[{"embeddable":true,"href":"https:\/\/www.europesays.com\/fr\/wp-json\/wp\/v2\/media\/543138"}],"wp:attachment":[{"href":"https:\/\/www.europesays.com\/fr\/wp-json\/wp\/v2\/media?parent=543137"}],"wp:term":[{"taxonomy":"category","embeddable":true,"href":"https:\/\/www.europesays.com\/fr\/wp-json\/wp\/v2\/categories?post=543137"},{"taxonomy":"post_tag","embeddable":true,"href":"https:\/\/www.europesays.com\/fr\/wp-json\/wp\/v2\/tags?post=543137"}],"curies":[{"name":"wp","href":"https:\/\/api.w.org\/{rel}","templated":true}]}}