{"id":543141,"date":"2025-11-18T19:47:11","date_gmt":"2025-11-18T19:47:11","guid":{"rendered":"https:\/\/www.europesays.com\/fr\/543141\/"},"modified":"2025-11-18T19:47:11","modified_gmt":"2025-11-18T19:47:11","slug":"apres-les-consultations-les-parlementaires-semparent-du-paquet-daccords-avec-lue","status":"publish","type":"post","link":"https:\/\/www.europesays.com\/fr\/543141\/","title":{"rendered":"Apr\u00e8s les consultations, les parlementaires s\u2019emparent du paquet d\u2019accords avec l\u2019UE"},"content":{"rendered":"<p>Le parlement f\u00e9d\u00e9ral entamera l\u2019examen du paquet d\u2019accords avec l\u2019Union europ\u00e9enne au plus t\u00f4t au printemps 2026, \u00e0 la suite du message du Conseil f\u00e9d\u00e9ral pr\u00e9vu pour mars prochain. En fin de semaine derni\u00e8re, les deux bureaux du Conseil national et du Conseil des Etats se sont mis d\u2019accord sur le traitement de la premi\u00e8re phase. Celui-ci sera scind\u00e9 en deux volets. Les commissions de politique ext\u00e9rieure seront comp\u00e9tentes pour le volet relatif \u00e0 la \u00abstabilisation\u00bb des accords, et les commissions dites th\u00e9matiques pour le volet relatif au \u00abd\u00e9veloppement\u00bb de nouveaux accords.<\/p>\n<p>Le sc\u00e9nario d\u2019une commission ad hoc pour l\u2019ensemble des accords a donc \u00e9t\u00e9 \u00e9cart\u00e9. Ces deux volets correspondent \u00e0 la volont\u00e9 du Conseil f\u00e9d\u00e9ral de scinder le paquet Suisse-UE en deux. Le premier volet, qui fait l\u2019objet d\u2019un arr\u00eat\u00e9 f\u00e9d\u00e9ral, concerne tous les accords servant \u00e0 stabiliser les relations bilat\u00e9rales, \u00ab\u00e0 savoir les protocoles institutionnels et les protocoles d\u2019amendement des accords existants\u00bb. Le second volet comprend les nouveaux accords sur la sant\u00e9, l\u2019\u00e9lectricit\u00e9 et la s\u00e9curit\u00e9 alimentaire, qui font l\u2019objet de trois autres arr\u00eat\u00e9s. Tous seront soumis \u00e0 r\u00e9f\u00e9rendum.<\/p>\n","protected":false},"excerpt":{"rendered":"Le parlement f\u00e9d\u00e9ral entamera l\u2019examen du paquet d\u2019accords avec l\u2019Union europ\u00e9enne au plus t\u00f4t au printemps 2026, \u00e0&hellip;\n","protected":false},"author":2,"featured_media":543142,"comment_status":"","ping_status":"","sticky":false,"template":"","format":"standard","meta":{"footnotes":""},"categories":[1586],"tags":[66124,11,1777,674,1779,1011,27,12,301,25,1778,364],"class_list":{"0":"post-543141","1":"post","2":"type-post","3":"status-publish","4":"format-standard","5":"has-post-thumbnail","7":"category-europe","8":"tag-accords-suisse-ue","9":"tag-actualites","10":"tag-eu","11":"tag-europe","12":"tag-european-union","13":"tag-fr","14":"tag-france","15":"tag-news","16":"tag-premium","17":"tag-republique-francaise","18":"tag-ue","19":"tag-union-europeenne"},"share_on_mastodon":{"url":"https:\/\/pubeurope.com\/@fr\/115572430883784142","error":""},"_links":{"self":[{"href":"https:\/\/www.europesays.com\/fr\/wp-json\/wp\/v2\/posts\/543141","targetHints":{"allow":["GET"]}}],"collection":[{"href":"https:\/\/www.europesays.com\/fr\/wp-json\/wp\/v2\/posts"}],"about":[{"href":"https:\/\/www.europesays.com\/fr\/wp-json\/wp\/v2\/types\/post"}],"author":[{"embeddable":true,"href":"https:\/\/www.europesays.com\/fr\/wp-json\/wp\/v2\/users\/2"}],"replies":[{"embeddable":true,"href":"https:\/\/www.europesays.com\/fr\/wp-json\/wp\/v2\/comments?post=543141"}],"version-history":[{"count":0,"href":"https:\/\/www.europesays.com\/fr\/wp-json\/wp\/v2\/posts\/543141\/revisions"}],"wp:featuredmedia":[{"embeddable":true,"href":"https:\/\/www.europesays.com\/fr\/wp-json\/wp\/v2\/media\/543142"}],"wp:attachment":[{"href":"https:\/\/www.europesays.com\/fr\/wp-json\/wp\/v2\/media?parent=543141"}],"wp:term":[{"taxonomy":"category","embeddable":true,"href":"https:\/\/www.europesays.com\/fr\/wp-json\/wp\/v2\/categories?post=543141"},{"taxonomy":"post_tag","embeddable":true,"href":"https:\/\/www.europesays.com\/fr\/wp-json\/wp\/v2\/tags?post=543141"}],"curies":[{"name":"wp","href":"https:\/\/api.w.org\/{rel}","templated":true}]}}