{"id":543148,"date":"2025-11-18T19:53:12","date_gmt":"2025-11-18T19:53:12","guid":{"rendered":"https:\/\/www.europesays.com\/fr\/543148\/"},"modified":"2025-11-18T19:53:12","modified_gmt":"2025-11-18T19:53:12","slug":"laurent-marti-a-part-le-stade-toulousain-qui-est-capable-denchainer-les-titres","status":"publish","type":"post","link":"https:\/\/www.europesays.com\/fr\/543148\/","title":{"rendered":"Laurent Marti : \u00ab \u00c0 part le Stade Toulousain qui est capable d\u2019encha\u00eener les titres\u2026 \u00bb"},"content":{"rendered":"<p>Le pr\u00e9sident de l\u2019Union Bordeaux-B\u00e8gles, Laurent Marti s\u2019est confi\u00e9 dans les colonnes du journal <a href=\"https:\/\/www.sudouest.fr\/sport\/rugby\/bordeaux-begles\/entretien-laurent-marti-ubb-on-est-a-l-arret-sur-le-salary-cap-on-ne-peut-plus-recruter-26751107.php\" rel=\"nofollow noopener\" target=\"_blank\">Sud-Ouest<\/a>.<\/p>\n<p>Ce-dernier a analys\u00e9 le d\u00e9but de saison effectu\u00e9 par son \u00e9quipe.<\/p>\n<p><strong>Il se dit plut\u00f4t satisfait. Extrait:<\/strong><\/p>\n<p>\u00ab\u00a0On est plut\u00f4t tr\u00e8s satisfaits de ce premier bloc. Il n\u2019avait pas bien commenc\u00e9 sur les matchs \u00e0 l\u2019ext\u00e9rieur mais il s\u2019est tr\u00e8s bien termin\u00e9 (victoire \u00e0 Castres, 26-28). Comme on l\u2019avait dit, on s\u2019attendait avec Yannick Bru \u00e0 vivre un passage compliqu\u00e9 dans la saison. Quand arriverait-il et combien de temps durerait-il ? On n\u2019en savait rien. Il est quasiment arriv\u00e9 tout de suite avec de mauvais r\u00e9sultats en d\u00e9placements. <\/p>\n<p>\u00c7a s\u2019expliquait aussi par le grand nombre de bless\u00e9s. \u00c0 un moment, on en a eu 17. On a bien redress\u00e9 la barre mais \u00e7a ne veut pas dire pour autant qu\u2019on ne conna\u00eetra pas d\u2019autre coup de mou. On va d\u2019abord recevoir Pau et il va falloir dig\u00e9rer cette tr\u00eave internationale qui va nous obliger \u00e0 remettre des joueurs au repos sur la s\u00e9rie Montpellier \u2013 Bulls \u2013 Scarlets.\u00a0\u00bb<\/p>\n<p><strong>Lorsque le journaliste lui demande si l\u2019UBB a rencontr\u00e9 des difficult\u00e9s pour \u00e9vacuer le titre Europ\u00e9en, il r\u00e9agit. Extrait:<\/strong><\/p>\n<p>\u00ab\u00a0\u00c0 part le Stade Toulousain qui est capable d\u2019encha\u00eener les titres, toutes les autres \u00e9quipes qui ont d\u00e9croch\u00e9 quelque chose ont eu des passages compliqu\u00e9s dans les mois qui ont suivi. C\u2019est un peu dans la nature humaine. Pourtant, Yannick Bru a tout fait pour que \u00e7a n\u2019arrive pas. Les joueurs eux-m\u00eames ont aussi mis tout en \u0153uvre pour \u00e9viter \u00e7a. Mais il y a eu un rel\u00e2chement dans l\u2019inconscient. C\u2019est contre \u00e7a qu\u2019il faut lutter.\u00a0\u00bb<\/p>\n<p><strong>En ce d\u00e9but de saison, l\u2019UBB a pris des claques contre le Racing 92, le Stade-Fran\u00e7ais et Toulouse. Il ne se veut pas inquiet pour autant. Extrait:<\/strong><\/p>\n<p>\u00ab\u00a0Non, vraiment pas. Je savais que \u00e7a bossait, qu\u2019il y avait de la qualit\u00e9, que les joueurs n\u2019\u00e9taient pas du genre \u00e0 s\u2019arr\u00eater parce qu\u2019ils avaient d\u00e9croch\u00e9 ce titre en Champions Cup. J\u2019ai relativis\u00e9 pour les raisons que j\u2019expliquais : le rel\u00e2chement naturel et le grand nombre de bless\u00e9s. <\/p>\n<p>On peut dire ce qu\u2019on veut, tant qu\u2019on ne peut pas remettre de concurrence et de rotations dans un groupe, forc\u00e9ment, les r\u00e9sultats en p\u00e2tissent. Et d\u2019autre part, on peut tous constater que ce Top 14 est encore plus dense. On le voit bien pour tout le monde depuis le d\u00e9but de la saison, d\u00e8s que tu te rel\u00e2ches un tout petit peu \u00e0 l\u2019ext\u00e9rieur, tu en prends 40.\u00a0\u00bb<\/p>\n<p><strong>Il estime \u00e9galement que Bordeaux est devenu un club \u00e0 battre \u00e9tant donn\u00e9 son titre Europ\u00e9en. Extrait:<\/strong><\/p>\n<p>\u00ab\u00a0Ils s\u2019en servent de levier de motivation suppl\u00e9mentaire. Ils savent tr\u00e8s bien que m\u00eame si on a gagn\u00e9 la Champions Cup, nous ne sommes pas le Stade Toulousain. Enfin, ils peuvent toujours se motiver avec \u00e7a mais nous, on ne se prend pas pour d\u2019autres. Dans notre attitude, je n\u2019ai pas vu de suffisance. Et \u00e7a m\u2019emb\u00eaterait s\u2019il y en avait car un titre ne le permet pas. Apr\u00e8s, on n\u2019est plus champions d\u2019Europe, on l\u2019\u00e9tait l\u2019ann\u00e9e derni\u00e8re.\u00a0\u00bb<\/p>\n<p><strong>Dans la foul\u00e9e, il savoure la victoire remport\u00e9e sur la pelouse de Castres. Extrait:<\/strong><\/p>\n<p>\u00ab\u00a0Elle est magnifique car elle nous permet de tr\u00e8s bien terminer ce premier bloc, d\u2019\u00eatre premiers au classement britannique (+ 11) qui est hyper important \u00e0 mes yeux. Si on avait perdu \u00e0 Castres, on aurait fait un bloc moyen. En gagnant l\u00e0-bas, on fait un tr\u00e8s bon bloc.\u00a0\u00bb<\/p>\n","protected":false},"excerpt":{"rendered":"Le pr\u00e9sident de l\u2019Union Bordeaux-B\u00e8gles, Laurent Marti s\u2019est confi\u00e9 dans les colonnes du journal Sud-Ouest. Ce-dernier a analys\u00e9&hellip;\n","protected":false},"author":2,"featured_media":543149,"comment_status":"","ping_status":"","sticky":false,"template":"","format":"standard","meta":{"footnotes":""},"categories":[1416],"tags":[1011,27,479,1468,60],"class_list":{"0":"post-543148","1":"post","2":"type-post","3":"status-publish","4":"format-standard","5":"has-post-thumbnail","7":"category-rugby","8":"tag-fr","9":"tag-france","10":"tag-rugby","11":"tag-rugby-football","12":"tag-sports"},"share_on_mastodon":{"url":"https:\/\/pubeurope.com\/@fr\/115572454547092707","error":""},"_links":{"self":[{"href":"https:\/\/www.europesays.com\/fr\/wp-json\/wp\/v2\/posts\/543148","targetHints":{"allow":["GET"]}}],"collection":[{"href":"https:\/\/www.europesays.com\/fr\/wp-json\/wp\/v2\/posts"}],"about":[{"href":"https:\/\/www.europesays.com\/fr\/wp-json\/wp\/v2\/types\/post"}],"author":[{"embeddable":true,"href":"https:\/\/www.europesays.com\/fr\/wp-json\/wp\/v2\/users\/2"}],"replies":[{"embeddable":true,"href":"https:\/\/www.europesays.com\/fr\/wp-json\/wp\/v2\/comments?post=543148"}],"version-history":[{"count":0,"href":"https:\/\/www.europesays.com\/fr\/wp-json\/wp\/v2\/posts\/543148\/revisions"}],"wp:featuredmedia":[{"embeddable":true,"href":"https:\/\/www.europesays.com\/fr\/wp-json\/wp\/v2\/media\/543149"}],"wp:attachment":[{"href":"https:\/\/www.europesays.com\/fr\/wp-json\/wp\/v2\/media?parent=543148"}],"wp:term":[{"taxonomy":"category","embeddable":true,"href":"https:\/\/www.europesays.com\/fr\/wp-json\/wp\/v2\/categories?post=543148"},{"taxonomy":"post_tag","embeddable":true,"href":"https:\/\/www.europesays.com\/fr\/wp-json\/wp\/v2\/tags?post=543148"}],"curies":[{"name":"wp","href":"https:\/\/api.w.org\/{rel}","templated":true}]}}