{"id":543154,"date":"2025-11-18T19:59:16","date_gmt":"2025-11-18T19:59:16","guid":{"rendered":"https:\/\/www.europesays.com\/fr\/543154\/"},"modified":"2025-11-18T19:59:16","modified_gmt":"2025-11-18T19:59:16","slug":"ou-en-est-la-nouvelle-competition-creee-pour-le-football-feminin","status":"publish","type":"post","link":"https:\/\/www.europesays.com\/fr\/543154\/","title":{"rendered":"o\u00f9 en est la nouvelle comp\u00e9tition cr\u00e9\u00e9e pour le football f\u00e9minin ?"},"content":{"rendered":"<p>La Coupe LFFP poursuit son petit bonhomme de chemin. Cr\u00e9\u00e9e par la Ligue f\u00e9minine de football professionnel, la toute nouvelle comp\u00e9tition a effectivement disput\u00e9 ces vendredi 14, samedi 15 et dimanche 16 novembre la troisi\u00e8me journ\u00e9e de son \u00e9dition 2025-2026. L&rsquo;objectif de l&rsquo;instance ? \u00ab\u00a0Favoriser l\u2019\u00e9mulation entre les deux divisions et l\u2019\u00e9mergence de nouvelles joueuses, en leur donnant un cadre comp\u00e9titif suppl\u00e9mentaire pour se r\u00e9v\u00e9ler, mais aussi de densifier le calendrier des clubs non europ\u00e9ens\u00a0\u00bb, pr\u00e9sente la F\u00e9d\u00e9ration fran\u00e7aise de football (FFF).<\/p>\n<p>Pour rappel, 24 formations, issues de l&rsquo;Arkema Premi\u00e8re Ligue et de la Seconde Ligue, y participent. Durant la premi\u00e8re phase, les clubs sont r\u00e9partis g\u00e9ographiquement en cinq groupes (un compos\u00e9 de cinq \u00e9quipes et quatre compos\u00e9s de quatre \u00e9quipes) et affrontent chaque adversaire \u00e0 une seule reprise. Le premier de chaque poule se qualifie pour les quarts de finale, o\u00f9 l&rsquo;OL Lyonnes, le Paris Saint-Germain et le Paris FC, soit les trois repr\u00e9sentants fran\u00e7ais en Coupe d&rsquo;Europe, sont qualifi\u00e9s d&rsquo;office. Le tableau final sera d\u00e9termin\u00e9 par un tirage au sort (quarts de finale, demi-finale et finale). Alors, o\u00f9 en est d\u00e9sormais la premi\u00e8re \u00e9dition de la comp\u00e9tition ?<\/p>\n<p>Le groupe A<\/p>\n<p>Le groupe A est le seul de la premi\u00e8re phase \u00e0 comporter cinq \u00e9quipes. Et l&rsquo;espoir de disputer les quarts de finale semble d\u00e9j\u00e0 \u00e9teint pour l&rsquo;AJ Auxerre. Dernier du groupe avec 0 point en trois matchs, le club de Seconde Ligue n&rsquo;a plus grand-chose \u00e0 esp\u00e9rer pour son dernier match contre Reims le mardi 10 d\u00e9cembre. De m\u00eame pour le club champenois, bien mal embarqu\u00e9. Rel\u00e9gu\u00e9 en deuxi\u00e8me division \u00e0 l&rsquo;issue du pr\u00e9c\u00e9dent exercice, le Stade compte lui aussi z\u00e9ro point pris en deux matchs disput\u00e9s. Il faudrait d\u00e9sormais un miracle pour esp\u00e9rer passer devant Dijon, Metz et Strasbourg. Le DFCO et Strasbourg, deux matchs au compteur, vont d&rsquo;ailleurs jouer gros le 10 d\u00e9cembre prochain avec une confrontation directe en Alsace. Le choc entre les deux pensionnaires de Premi\u00e8re Ligue pourrait donc profiter aux Messines, qui \u00e9voluent \u00e0 l&rsquo;\u00e9chelon du dessous. Exemptes lors de la quatri\u00e8me journ\u00e9e, les Lorraines accueilleront Strasbourg lors de la derni\u00e8re journ\u00e9e le 7 janvier.<\/p>\n<p>Le classement :<\/p>\n<ol>\n<li>Dijon &#8211; 6 pts (+4)<\/li>\n<li>Metz &#8211; 6 pts (+3)<\/li>\n<li>Strasbourg &#8211; 6 pts (+3)<\/li>\n<li>Reims &#8211; 0 pt (-4)<\/li>\n<li>Auxerre &#8211; 0 pt (-6)<\/li>\n<\/ol>\n<p>Les matchs \u00e0 jouer :<\/p>\n<ul>\n<li>Le 10 d\u00e9cembre : Strasbourg-Dijon, Auxerre-Reims (Metz exempt) ;<\/li>\n<li>Le 7 janvier : Metz-Strasbourg, Reims-Dijon (Auxerre exempt).<\/li>\n<\/ul>\n<p>Le groupe B<\/p>\n<p>Dans la poule B, on retrouve trois \u00e9quipes de Seconde Ligue (Grenoble, Nice et Thonon \u00c9vian) et une de Premi\u00e8re Ligue (Saint-\u00c9tienne). Favori sur le papier, le club du Forez n&rsquo;ira pas plus loin. Balay\u00e9 par Nice (0-4) puis domin\u00e9 par Thonon \u00c9vian (2-3), Saint\u00e9 s&rsquo;est r\u00e9veill\u00e9 trop tardivement contre Grenoble (4-1) lors de l&rsquo;ultime journ\u00e9e. Troisi\u00e8me \u00e0 l&rsquo;arriv\u00e9e devant Grenoble, bon dernier, l&rsquo;ASSE laisse Thonon \u00c9vian filer en quarts de finale. Lors de la derni\u00e8re journ\u00e9e, le club haut-savoyard a remport\u00e9 sa \u00ab\u00a0finale\u00a0\u00bb contre Nice \u00e0 l&rsquo;issue d&rsquo;un match nul et vierge (0-0). C&rsquo;est aux tirs au but que la d\u00e9cision s&rsquo;est donc faite (5 tab \u00e0 4). Le Gym termine en deuxi\u00e8me position.<\/p>\n<p>Le classement final :<\/p>\n<ol>\n<li>Thonon \u00c9vian &#8211; 8 pts* (+2)<\/li>\n<li>Nice &#8211; 4 pts** (+3)<\/li>\n<li>Saint-\u00c9tienne &#8211; 3 pts (-2)<\/li>\n<li>Grenoble &#8211; 3 pts (-3)<\/li>\n<\/ol>\n<p>*Une victoire aux tab rapporte 2 pts suppl\u00e9mentaires<\/p>\n<p>**Une d\u00e9faite aux tab rapporte 1 point suppl\u00e9mentaire<\/p>\n<blockquote class=\"twitter-tweet\">\n<p dir=\"ltr\" lang=\"fr\">Direction les \ud835\uddfe\ud835\ude02\ud835\uddee\ud835\uddff\ud835\ude01\ud835\ude00 \ud835\uddf1\ud835\uddf2 \ud835\uddf3\ud835\uddf6\ud835\uddfb\ud835\uddee\ud835\uddf9\ud835\uddf2 de la Coupe LFFP ! \u2705<a href=\"https:\/\/twitter.com\/GrandGeneveFC?ref_src=twsrc%5Etfw\" rel=\"nofollow noopener\" target=\"_blank\">@GrandGeneveFC<\/a> termine \u00e0 la premi\u00e8re place du groupe B et valide son ticket pour la suite de la comp\u00e9tition \ud83d\udd1c\ud83c\udfc6 <a href=\"https:\/\/t.co\/THuLSgctKI\" rel=\"nofollow\">pic.twitter.com\/THuLSgctKI<\/a><\/p>\n<p>\u2014 Arkema Premi\u00e8re Ligue (@ArkemaPL) <a href=\"https:\/\/twitter.com\/ArkemaPL\/status\/1990074861687902626?ref_src=twsrc%5Etfw\" rel=\"nofollow noopener\" target=\"_blank\">November 16, 2025<\/a><\/p>\n<\/blockquote>\n<p>Le groupe C<\/p>\n<p>Dans le groupe C, c&rsquo;est l&rsquo;Olympique de Marseille qui verra les quarts de finale. Apr\u00e8s avoir d\u00e9marr\u00e9 par une victoire aux tirs au but \u00e0 Montpellier (2-2, 4 tab \u00e0 3), le club de la Cit\u00e9 phoc\u00e9enne, pensionnaire de l&rsquo;\u00e9lite du football f\u00e9minin, a fait le plein \u00e0 Rodez (2-1) et \u00e0 Toulouse (3-1). Montpellier, autre formation de Premi\u00e8re Ligue, \u00e9choue \u00e0 un petit point \u00e0 la deuxi\u00e8me place. Toulouse et Rodez, qui \u00e9voluent un \u00e9chelon en-dessous, terminent respectivement troisi\u00e8me et quatri\u00e8me :<\/p>\n<ol>\n<li>OM &#8211; 8 pts (+3)<\/li>\n<li>Montpellier &#8211; 7 pts (+4)<\/li>\n<li>Toulouse &#8211; 3 pts (-4)<\/li>\n<li>Rodez &#8211; 0 pt (-3)<\/li>\n<\/ol>\n<p>Le groupe D<\/p>\n<p>Dans le groupe D, le RC Lens a fait sa loi. Le promu en Premi\u00e8re Ligue a fait carton plein en remportant, \u00e0 chaque fois dans le temps r\u00e8glementaire, ses trois matchs. L&rsquo;aventure a d\u00e9marr\u00e9 par un succ\u00e8s \u00e0 Fleury, son principal concurrent (1-0). Apr\u00e8s la victoire chez l&rsquo;autre \u00e9quipe d&rsquo;Arkema, c&rsquo;est Le Mans (1-2) puis le voisin lillois (0-2), deux \u00e9quipes de Seconde Ligue, qui ont c\u00e9d\u00e9 face aux Sang et Or. Direction donc les quarts de finale, au contraire de Fleury, deuxi\u00e8me, malgr\u00e9 ses cartons contre le LOSC (5-1) et Le Mans (5-2). Le club de la Sarthe termine quant \u00e0 lui troisi\u00e8me, Lille bon dernier avec 0 point :<\/p>\n<ol>\n<li>Lens &#8211; 9 pts (+4)<\/li>\n<li>Fleury &#8211; 6 pts (+6)<\/li>\n<li>Le Mans &#8211; 3 pts (-3)<\/li>\n<li>Lille &#8211; 0 pt (-7)<\/li>\n<\/ol>\n<p>Le groupe E<\/p>\n<p>Enfin, dans le groupe E, c&rsquo;est le FC Nantes qui a gagn\u00e9 sa place pour les quarts. Le club de Loire-Atlantique (Premi\u00e8re Ligue) s&rsquo;est impos\u00e9 au Havre (Premi\u00e8re Ligue) lors de la premi\u00e8re journ\u00e9e, avant de passer pr\u00e8s d&rsquo;une d\u00e9sillusion \u00e0 Saint-Malo (Seconde Ligue) lors de la deuxi\u00e8me journ\u00e9e (2-2, 5 tab \u00e0 3). Les Nantaises ont l\u00e2ch\u00e9 les chevaux lors du dernier \u00e9pisode contre Guingamp (6-1), autre \u00e9quipe de Seconde Ligue. Elles devancent ainsi Le Havre de deux longueurs, tandis que Saint-Malo termine \u00e0 la troisi\u00e8me place. Dernier, Guingamp fait un z\u00e9ro point\u00e9 :<\/p>\n<ol>\n<li>Nantes &#8211; 8 pts (+6)<\/li>\n<li>Le Havre &#8211; 6 pts (+4)<\/li>\n<li>Saint-Malo &#8211; 3 pts (+1)<\/li>\n<li>Guingamp &#8211; 0 pt (-11)<\/li>\n<\/ol>\n<p>Partagez cette info avec vos amis et vos proches en cliquant ici<br \/>Pour r\u00e9sumer<\/p>\n<p>Ces samedi 15 et dimanche 16 novembre, la Coupe LFFP (Ligue f\u00e9minine de football professionnel) a disput\u00e9 la troisi\u00e8me journ\u00e9e de son \u00e9dition 2025-2026. Mais o\u00f9 en est vraiment la nouvelle comp\u00e9tition cr\u00e9\u00e9e pour le football f\u00e9minin fran\u00e7ais ?<\/p>\n<p> <img decoding=\"async\" width=\"76\" height=\"76\" loading=\"lazy\" src=\"https:\/\/www.europesays.com\/fr\/wp-content\/uploads\/2025\/04\/logo-florian-sermaise.jpg\" alt=\"Florian Sermaise\"\/><script async src=\"https:\/\/platform.twitter.com\/widgets.js\" charset=\"utf-8\"><\/script><\/p>\n","protected":false},"excerpt":{"rendered":"La Coupe LFFP poursuit son petit bonhomme de chemin. Cr\u00e9\u00e9e par la Ligue f\u00e9minine de football professionnel, la&hellip;\n","protected":false},"author":2,"featured_media":543155,"comment_status":"","ping_status":"","sticky":false,"template":"","format":"standard","meta":{"footnotes":""},"categories":[1410],"tags":[61040,63,1011,27,60],"class_list":{"0":"post-543154","1":"post","2":"type-post","3":"status-publish","4":"format-standard","5":"has-post-thumbnail","7":"category-football","8":"tag-foot-feminin","9":"tag-football","10":"tag-fr","11":"tag-france","12":"tag-sports"},"share_on_mastodon":{"url":"https:\/\/pubeurope.com\/@fr\/115572479142125550","error":""},"_links":{"self":[{"href":"https:\/\/www.europesays.com\/fr\/wp-json\/wp\/v2\/posts\/543154","targetHints":{"allow":["GET"]}}],"collection":[{"href":"https:\/\/www.europesays.com\/fr\/wp-json\/wp\/v2\/posts"}],"about":[{"href":"https:\/\/www.europesays.com\/fr\/wp-json\/wp\/v2\/types\/post"}],"author":[{"embeddable":true,"href":"https:\/\/www.europesays.com\/fr\/wp-json\/wp\/v2\/users\/2"}],"replies":[{"embeddable":true,"href":"https:\/\/www.europesays.com\/fr\/wp-json\/wp\/v2\/comments?post=543154"}],"version-history":[{"count":0,"href":"https:\/\/www.europesays.com\/fr\/wp-json\/wp\/v2\/posts\/543154\/revisions"}],"wp:featuredmedia":[{"embeddable":true,"href":"https:\/\/www.europesays.com\/fr\/wp-json\/wp\/v2\/media\/543155"}],"wp:attachment":[{"href":"https:\/\/www.europesays.com\/fr\/wp-json\/wp\/v2\/media?parent=543154"}],"wp:term":[{"taxonomy":"category","embeddable":true,"href":"https:\/\/www.europesays.com\/fr\/wp-json\/wp\/v2\/categories?post=543154"},{"taxonomy":"post_tag","embeddable":true,"href":"https:\/\/www.europesays.com\/fr\/wp-json\/wp\/v2\/tags?post=543154"}],"curies":[{"name":"wp","href":"https:\/\/api.w.org\/{rel}","templated":true}]}}