{"id":543156,"date":"2025-11-18T20:00:20","date_gmt":"2025-11-18T20:00:20","guid":{"rendered":"https:\/\/www.europesays.com\/fr\/543156\/"},"modified":"2025-11-18T20:00:20","modified_gmt":"2025-11-18T20:00:20","slug":"thierry-olive-lamour-est-dans-le-pre-change-de-vie-cest-grace-a-annie","status":"publish","type":"post","link":"https:\/\/www.europesays.com\/fr\/543156\/","title":{"rendered":"Thierry Olive (L&rsquo;Amour est dans le pr\u00e9) change de vie\u00a0: \u00ab\u00a0C&rsquo;est gr\u00e2ce \u00e0 Annie&#8230;\u00a0\u00bb"},"content":{"rendered":"<p>\n                            En 2012, la France faisait la rencontre d&rsquo;un agriculteur d\u00e9sormais culte de \u00ab\u00a0L&rsquo;amour est dans le pr\u00e9\u00a0\u00bb\u00a0: Thierry Olive. L&rsquo;\u00e9mission lui a d&rsquo;ailleurs permis de rencontrer le grand amour. Et aujourd&rsquo;hui, il s&rsquo;appr\u00eate \u00e0 changer de vie\u00a0!<\/p>\n<p>C&rsquo;est un virage \u00e0 180 degr\u00e9s, loin du monde de l&rsquo;agriculture, que ce candidat phare de L&rsquo;amour est dans le pr\u00e9, l&rsquo;\u00e9mission de dating rural de M6,\u00a0s&rsquo;appr\u00eate \u00e0 op\u00e9rer. \u00c0 57\u00a0ans, Thierry Olive, \u00e9leveur de bovins r\u00e9v\u00e9l\u00e9 dans la saison 7\u00a0du programme, a en effet d\u00e9cid\u00e9 de se s\u00e9parer de son exploitation\u00a0!\u00a0<\/p>\n<p>Thierry Olive (L&rsquo;amour est dans le pr\u00e9) change de m\u00e9tier\u00a0: \u00ab\u00a0C&rsquo;est gr\u00e2ce \u00e0 Annie\u00a0\u00bb<\/p>\n<p>Toujours mari\u00e9 \u00e0 Annie, qu&rsquo;il a rencontr\u00e9e gr\u00e2ce \u00e0 l&rsquo;\u00e9mission en 2012, l&rsquo;agriculteur d\u00e9sormais culte de l&rsquo;\u00e9mission anim\u00e9e par <a href=\"https:\/\/www.journaldesfemmes.fr\/people\/personnalites\/2715083-karine-le-marchand-age-vie-privee-infos\/\" title=\"Karine Mfayokurera\" rel=\"nofollow noopener\" target=\"_blank\">Karine Le Marchand<\/a> a d\u00e9cid\u00e9 de se consacrer enti\u00e8rement \u00e0 son activit\u00e9 annexe, lanc\u00e9e il y a un an avec l&rsquo;aide pr\u00e9cieuse de sa femme. Le couple, qui a f\u00eat\u00e9 ses 13\u00a0ans de mariage le 15\u00a0septembre dernier, est en effet \u00e0 la t\u00eate d&rsquo;un g\u00eete rural qui fonctionne tr\u00e8s bien.\u00a0<\/p>\n<p><a class=\"fancy\" href=\"https:\/\/img-3.journaldesfemmes.fr\/CPdDcEOV5DZfuMShr9GZYJbwq9Y=\/1080x\/smart\/0e66ceb7c83441a0b819a71123832a05\/ccmcms-jdf\/40054974.jpg\" rel=\"nofollow noopener\" target=\"_blank\"><img decoding=\"async\" alt=\"\" src=\"https:\/\/www.europesays.com\/fr\/wp-content\/uploads\/2025\/11\/40054974.jpg\"\/><\/a><\/p>\n<p>\u00a9\u00a0SIPA <\/p>\n<p>Et c&rsquo;est dans une interview accord\u00e9e \u00e0\u00a0La Presse de La Manche que Thierry Olive a r\u00e9v\u00e9l\u00e9 qu&rsquo;il avait mis en vente sa ferme, situ\u00e9e dans la Sarthe. Install\u00e9 dans cette ferme de 30\u00a0hectares o\u00f9 il \u00e9l\u00e8ve des bovins depuis 1990, l&rsquo;agriculteur s&rsquo;offre donc enfin une reconversion professionnelle, loin du monde de l&rsquo;agriculture. \u00ab\u00a0C&rsquo;est gr\u00e2ce \u00e0 Annie car moi, j&rsquo;ai du mal avec Internet. Notre affaire marche bien et ne demande pas beaucoup de travail, donc ce sera parfait pour la retraite\u00a0!\u00a0\u00bb, a fait savoir le principal concern\u00e9 au journal local.\u00a0<\/p>\n<p>Thierry Olive (L&rsquo;amour est dans le pr\u00e9) bient\u00f4t \u00e0 la retraite ?\u00a0\u00ab\u00a0J&rsquo;ai envie de\u2026\u00a0\u00bb<\/p>\n<p>Un changement de vie radical pour celui qui s&rsquo;appr\u00eate donc \u00e0 prendre petit \u00e0 petit sa retraite. Et gr\u00e2ce \u00e0 ce g\u00eete ouvert en 2024, Thierry Olive compte bien rattraper le temps perdu\u2026 Et prendre du temps pour sa femme\u00a0! \u00ab\u00a0J&rsquo;ai envie de d\u00e9couvrir les produits de notre terroir, aller en Alsace par exemple\u2026 La France est belle et je ne la connais pas\u00a0\u00bb, a-t-il expliqu\u00e9.\u00a0<\/p>\n<p>Quoi qu&rsquo;il en soit, il a r\u00e9cemment confi\u00e9 \u00e0 Ouest-France qu&rsquo;il n&rsquo;\u00e9tait \u00ab\u00a0pas press\u00e9 de vendre\u00a0\u00bb. Pour autant, l&rsquo;agriculteur a tout de m\u00eame reconnu \u00ab\u00a0avoir du mal \u00e0 suivre\u00a0\u00bb car il se sent \u00ab\u00a0trop cass\u00e9 et fatigu\u00e9\u00a0\u00bb. Mais pas question pour lui de c\u00e9der sa ferme au premier venu\u00a0: \u00ab\u00a0D&rsquo;abord, il faut que le courant passe bien avec les repreneurs et qu&rsquo;ils ne fassent pas n&rsquo;importe quoi avec la ferme. Et puis, si j&rsquo;ai un coup de c\u0153ur sur la personne, alors je pourrais bien l&rsquo;accompagner quelques mois\u00a0\u00bb.\u00a0<\/p>\n","protected":false},"excerpt":{"rendered":"En 2012, la France faisait la rencontre d&rsquo;un agriculteur d\u00e9sormais culte de \u00ab\u00a0L&rsquo;amour est dans le pr\u00e9\u00a0\u00bb\u00a0: Thierry&hellip;\n","protected":false},"author":2,"featured_media":543157,"comment_status":"","ping_status":"","sticky":false,"template":"","format":"standard","meta":{"footnotes":""},"categories":[1359],"tags":[3723,66125,51761,58,59,51763,1011,27,51766,51767,973],"class_list":{"0":"post-543156","1":"post","2":"type-post","3":"status-publish","4":"format-standard","5":"has-post-thumbnail","7":"category-people","8":"tag-actus","9":"tag-cms-journaldesfemmes-3247862","10":"tag-controller-content","11":"tag-divertissement","12":"tag-entertainment","13":"tag-format-papier","14":"tag-fr","15":"tag-france","16":"tag-les-histoires-du-jdf","17":"tag-parallaxeinfeed","18":"tag-people"},"share_on_mastodon":{"url":"https:\/\/pubeurope.com\/@fr\/115572482833657486","error":""},"_links":{"self":[{"href":"https:\/\/www.europesays.com\/fr\/wp-json\/wp\/v2\/posts\/543156","targetHints":{"allow":["GET"]}}],"collection":[{"href":"https:\/\/www.europesays.com\/fr\/wp-json\/wp\/v2\/posts"}],"about":[{"href":"https:\/\/www.europesays.com\/fr\/wp-json\/wp\/v2\/types\/post"}],"author":[{"embeddable":true,"href":"https:\/\/www.europesays.com\/fr\/wp-json\/wp\/v2\/users\/2"}],"replies":[{"embeddable":true,"href":"https:\/\/www.europesays.com\/fr\/wp-json\/wp\/v2\/comments?post=543156"}],"version-history":[{"count":0,"href":"https:\/\/www.europesays.com\/fr\/wp-json\/wp\/v2\/posts\/543156\/revisions"}],"wp:featuredmedia":[{"embeddable":true,"href":"https:\/\/www.europesays.com\/fr\/wp-json\/wp\/v2\/media\/543157"}],"wp:attachment":[{"href":"https:\/\/www.europesays.com\/fr\/wp-json\/wp\/v2\/media?parent=543156"}],"wp:term":[{"taxonomy":"category","embeddable":true,"href":"https:\/\/www.europesays.com\/fr\/wp-json\/wp\/v2\/categories?post=543156"},{"taxonomy":"post_tag","embeddable":true,"href":"https:\/\/www.europesays.com\/fr\/wp-json\/wp\/v2\/tags?post=543156"}],"curies":[{"name":"wp","href":"https:\/\/api.w.org\/{rel}","templated":true}]}}