{"id":543158,"date":"2025-11-18T20:01:14","date_gmt":"2025-11-18T20:01:14","guid":{"rendered":"https:\/\/www.europesays.com\/fr\/543158\/"},"modified":"2025-11-18T20:01:14","modified_gmt":"2025-11-18T20:01:14","slug":"pour-remettre-le-louvre-aux-normes-il-faudrait-presque-le-fermer-definitivement-selon-rachida-dati","status":"publish","type":"post","link":"https:\/\/www.europesays.com\/fr\/543158\/","title":{"rendered":"Pour remettre le Louvre aux normes,\u00a0\u00ab\u00a0il faudrait presque le fermer d\u00e9finitivement\u00a0\u00bb, selon Rachida Dati"},"content":{"rendered":"<p>\n    Alors que le mus\u00e9e a annonc\u00e9 que plusieurs de ses salles fermaient en raison de faiblesses dans la structure du b\u00e2timent, la ministre de la Culture \u00e9voque ses solutions.<\/p>\n<p class=\"fig-paragraph\">Au lendemain de l&rsquo;annonce de la fermeture d&rsquo;une galerie du\u00a0<a href=\"http:\/\/www.lefigaro.fr\/culture\/patrimoine\/le-louvre-vieux-palais-a-bout-de-souffle-doit-entrer-dans-l-ere-des-travaux-d-urgence-20251118\" data-fig-type=\"Article\" data-gtm-custom-categorie=\"navigation\" data-gtm-custom-action=\"crossclick\" data-gtm-custom-label=\"Contextuel\" data-gtm-event=\"customEventSPE\" data-fig-domain=\"LEFIGARO\" target=\"_blank\" rel=\"noopener\">mus\u00e9e du Louvre<\/a>\u00a0en raison d&rsquo;une \u00ab\u00a0fragilit\u00e9\u00a0\u00bb de l&rsquo;\u00e9difice, la ministre de la Culture Rachida Dati a estim\u00e9 mardi que, \u00ab\u00a0pour le remettre totalement aux normes et totalement d&rsquo;aplomb, il faudrait presque le fermer\u00a0\u00bb. \u00ab\u00a0Les \u00e9tudes ont confirm\u00e9 qu&rsquo;il y avait une certaine fragilit\u00e9\u00a0\u00bb de la galerie Campana, qui abrite neuf salles d\u00e9di\u00e9es \u00e0 la c\u00e9ramique grecque antique et dont la direction a annonc\u00e9 la fermeture la veille, a indiqu\u00e9\u00a0<a href=\"https:\/\/video.lefigaro.fr\/figaro\/culture\/cambriolage-au-louvre-rachida-dati-fait-etat-dune-sous-estimation-du-risque-intrusion-et-vol-20251031\" data-fig-type=\"Video\" data-gtm-custom-categorie=\"navigation\" data-gtm-custom-action=\"crossclick\" data-gtm-custom-label=\"Contextuel\" data-gtm-event=\"customEventSPE\" data-fig-domain=\"LEFIGARO\" target=\"_blank\" rel=\"noopener\">Rachida Dati<\/a>\u00a0sur BFMTV. \u00ab\u00a0Nous avons \u00e9vacu\u00e9 des agents qui travaillaient dans cette aile pour qu&rsquo;on puisse mesurer l&rsquo;\u00e9tat d&rsquo;ins\u00e9curit\u00e9 au sens physique et mat\u00e9riel\u00a0\u00bb, a pr\u00e9cis\u00e9 celle qui est aussi candidate la mairie de Paris.<\/p>\n<p class=\"fig-body-link\">\n            \u00c0 lire aussi<br \/>\n        <a class=\"fig-body-link__link fig-premium-mark\" href=\"http:\/\/www.lefigaro.fr\/culture\/patrimoine\/le-louvre-vieux-palais-a-bout-de-souffle-doit-entrer-dans-l-ere-des-travaux-d-urgence-20251118\" data-fig-type=\"Article\" data-gtm-custom-categorie=\"navigation\" data-gtm-custom-action=\"crossclick\" data-gtm-custom-label=\"Contextuel\" data-gtm-event=\"customEventSPE\" data-fig-domain=\"LEFIGARO\" target=\"_blank\" rel=\"noopener\"><\/p>\n<p>        Le Louvre, vieux palais \u00e0 bout de souffle, doit entrer dans l\u2019\u00e8re des travaux d\u2019urgence<br \/>\n    <\/a>\n<\/p>\n<p class=\"fig-paragraph\">La galerie a ferm\u00e9 ses portes au public lundi, le temps que des \u00ab\u00a0investigations\u00a0\u00bb soient men\u00e9es \u00ab\u00a0sur la particuli\u00e8re fragilit\u00e9 de certaines poutres portant les planchers du deuxi\u00e8me \u00e9tage de l&rsquo;aile sud\u00a0\u00bb du quadrilat\u00e8re Sully, qui enserre la cour carr\u00e9e, selon le mus\u00e9e. \u00ab\u00a0C&rsquo;est une fermeture partielle d&rsquo;une salle par mesure de pr\u00e9caution, a pr\u00e9cis\u00e9 la ministre, Nous ne ferons prendre aucun risque pour les agents et aucun risque pour les publics.\u00a0\u00bb \u00ab\u00a0Ce mus\u00e9e, pour le remettre totalement aux normes et totalement d&rsquo;aplomb, il faudrait presque le fermer d\u00e9finitivement\u00a0\u00bb, a-t-elle estim\u00e9. Mais \u00ab\u00a0on ne veut pas priver les visiteurs et on ne veut pas non plus priver les agents de leur travail. nous sommes oblig\u00e9s de le faire par \u00e9tapes\u00a0\u00bb.<\/p>\n<p>                                    <a class=\"fig-a11y-skip a11y-hidden\" href=\"#fig-a11y-skip-main-inarticle\"><br \/>\n        Passer la publicit\u00e9<br \/>\n    <\/a><\/p>\n<p class=\"fig-paragraph\">Les 65 agents administratifs qui travaillent au dessus de la galerie Campana doivent quitter les lieux d&rsquo;ici mercredi. En revanche, les milliers de vases qui y sont expos\u00e9s n&rsquo;encourent \u00ab\u00a0aucun risque\u00a0\u00bb et ne seront pas d\u00e9plac\u00e9s, a assur\u00e9 lundi une porte-parole du Louvre \u00e0 l&rsquo;AFP. La galerie Campana est situ\u00e9e sur la m\u00eame aile sud du Louvre, mus\u00e9e le plus visit\u00e9 au monde, o\u00f9 un commando de malfaiteurs a r\u00e9ussi \u00e0 s&rsquo;introduire le 19 octobre, d\u00e9robant huit joyaux de la Couronne d&rsquo;une valeur estim\u00e9e \u00e0 88 millions d&rsquo;euros. Les bijoux restent aujourd&rsquo;hui introuvables.<\/p>\n","protected":false},"excerpt":{"rendered":"Alors que le mus\u00e9e a annonc\u00e9 que plusieurs de ses salles fermaient en raison de faiblesses dans la&hellip;\n","protected":false},"author":2,"featured_media":543159,"comment_status":"","ping_status":"","sticky":false,"template":"","format":"standard","meta":{"footnotes":""},"categories":[1358],"tags":[1348,1384,1385,1386,58,59,1011,27,11274,3048,626],"class_list":{"0":"post-543158","1":"post","2":"type-post","3":"status-publish","4":"format-standard","5":"has-post-thumbnail","7":"category-arts-et-design","8":"tag-arts","9":"tag-arts-and-design","10":"tag-arts-et-design","11":"tag-design","12":"tag-divertissement","13":"tag-entertainment","14":"tag-fr","15":"tag-france","16":"tag-louvre","17":"tag-musee","18":"tag-paris"},"share_on_mastodon":{"url":"","error":""},"_links":{"self":[{"href":"https:\/\/www.europesays.com\/fr\/wp-json\/wp\/v2\/posts\/543158","targetHints":{"allow":["GET"]}}],"collection":[{"href":"https:\/\/www.europesays.com\/fr\/wp-json\/wp\/v2\/posts"}],"about":[{"href":"https:\/\/www.europesays.com\/fr\/wp-json\/wp\/v2\/types\/post"}],"author":[{"embeddable":true,"href":"https:\/\/www.europesays.com\/fr\/wp-json\/wp\/v2\/users\/2"}],"replies":[{"embeddable":true,"href":"https:\/\/www.europesays.com\/fr\/wp-json\/wp\/v2\/comments?post=543158"}],"version-history":[{"count":0,"href":"https:\/\/www.europesays.com\/fr\/wp-json\/wp\/v2\/posts\/543158\/revisions"}],"wp:featuredmedia":[{"embeddable":true,"href":"https:\/\/www.europesays.com\/fr\/wp-json\/wp\/v2\/media\/543159"}],"wp:attachment":[{"href":"https:\/\/www.europesays.com\/fr\/wp-json\/wp\/v2\/media?parent=543158"}],"wp:term":[{"taxonomy":"category","embeddable":true,"href":"https:\/\/www.europesays.com\/fr\/wp-json\/wp\/v2\/categories?post=543158"},{"taxonomy":"post_tag","embeddable":true,"href":"https:\/\/www.europesays.com\/fr\/wp-json\/wp\/v2\/tags?post=543158"}],"curies":[{"name":"wp","href":"https:\/\/api.w.org\/{rel}","templated":true}]}}