{"id":543164,"date":"2025-11-18T20:05:28","date_gmt":"2025-11-18T20:05:28","guid":{"rendered":"https:\/\/www.europesays.com\/fr\/543164\/"},"modified":"2025-11-18T20:05:28","modified_gmt":"2025-11-18T20:05:28","slug":"poudlard-face-a-la-menace-fasciste","status":"publish","type":"post","link":"https:\/\/www.europesays.com\/fr\/543164\/","title":{"rendered":"Poudlard face \u00e0 la menace fasciste"},"content":{"rendered":"\n<p class=\"article__chapeau\">Cinqui\u00e8me round, pas tr\u00e8s riche en effets sp\u00e9ciaux. Mais la r\u00e9sistance des \u00e9l\u00e8ves (de jeunes adultes, maintenant) au sein m\u00eame de Poudlard emporte l\u2019adh\u00e9sion.<\/p>\n<ul class=\"sheet__notation-container \">\n<li class=\"sheet__notation\"><img decoding=\"async\" src=\"https:\/\/www.telerama.fr\/dist\/assets\/img\/icons\/notation\/notation-3.svg\" alt=\"Bien\"\/><\/li>\n<li class=\"sheet__notation-label\">Bien<\/li>\n<\/ul>\n<p>               <a href=\"https:\/\/www.europesays.com\/fr\/wp-content\/uploads\/2025\/11\/ceb5a61_1729179737779-48-harrypotteretlordreduph.jpg\" data-pswp-width=\"\" data-pswp-height=\"\" class=\"media__hd\" target=\"_blank\">      <img decoding=\"async\" fetchpriority=\"high\" src=\"https:\/\/www.europesays.com\/fr\/wp-content\/uploads\/2025\/11\/ceb5a61_1729179737779-48-harrypotteretlordreduph.jpg\" class=\"media__picture js-media-zoom-main \" alt=\"Daniel Radcliffe, Rupert Grint et Emma Watson. \" title=\" Warner Bros. - J.K. Rowling \"\/>      <\/p>\n<p class=\"media__legend\"> Daniel Radcliffe, Rupert Grint et Emma Watson.    Warner Bros. &#8211; J.K. Rowling   <\/p>\n<p>     <\/a>                    <\/p>\n<p class=\"author author--simple\">Par  <a class=\"author author--link\" href=\"https:\/\/www.telerama.fr\/recherche\/articles?q=Guillemette+Odicino\" rel=\"nofollow noopener\" target=\"_blank\"> Guillemette Odicino <\/a>    <\/p>\n<p class=\"publication__date\">Publi\u00e9 le 18 novembre 2025 \u00e0 17h50<\/p>\n<p>   Partager   <\/p>\n<ul class=\"sharing-popin--results\">\n<li class=\"sharing-popin--item sharing-popin--item-container\"> Partage  <\/li>\n<li data-share=\"linkedin\" class=\"sharing-popin--item\">  LinkedIn <\/li>\n<li data-share=\"facebook\" class=\"sharing-popin--item\">  Facebook <\/li>\n<li data-share=\"mail\" data-social=\"mail\" class=\"sharing-popin--item\">  Envoyer par email <\/li>\n<li data-share=\"copy\" class=\"sharing-popin--item\">  Copier le lien <\/li>\n<\/ul>\n<p>        Favoris       <\/p>\n<p>           Noter (1)          Critiquer (0)      <a class=\"openapp__link\" data-event=\"click-open-app\" data-deep-link=\"tlrm:\/\/element?id=cinema\/harry-potter-et-l-ordre-du-phenix-de-david-yates-poudlard-face-a-la-menace-fasciste_cri-7041561.php&amp;source=deeplink_site\">  Lire dans l&rsquo;application<br \/>\n  <\/a>                           <a href=\"https:\/\/click.justwatch.com\/a?cx=eyJzY2hlbWEiOiJpZ2x1OmNvbS5zbm93cGxvd2FuYWx5dGljcy5zbm93cGxvdy9jb250ZXh0cy9qc29uc2NoZW1hLzEtMC0wIiwiZGF0YSI6W3sic2NoZW1hIjoiaWdsdTpjb20uanVzdHdhdGNoL2NsaWNrb3V0X2NvbnRleHQvanNvbnNjaGVtYS8xLTMtMiIsImRhdGEiOnsicHJvdmlkZXIiOiJIQk8gTWF4IiwibW9uZXRpemF0aW9uVHlwZSI6ImZsYXRyYXRlIiwicHJlc2VudGF0aW9uVHlwZSI6IjRrIiwiY3VycmVuY3kiOiJFVVIiLCJwYXJ0bmVySWQiOjE0MTcsInByb3ZpZGVySWQiOjE4OTksImNsaWNrb3V0VHlwZSI6Imp3LWNvbnRlbnQtcGFydG5lci1leHBvcnQtYXBpIn19LHsic2NoZW1hIjoiaWdsdTpjb20uanVzdHdhdGNoL3RpdGxlX2NvbnRleHQvanNvbnNjaGVtYS8xLTMtMCIsImRhdGEiOnsidGl0bGVJZCI6ODUzODIsIm9iamVjdFR5cGUiOiJtb3ZpZSIsImp3RW50aXR5SWQiOiJ0bTg1MzgyIn19XX0&amp;r=https%3A%2F%2Fplay.hbomax.com%2Fshow%2F25768909-39b8-4cb2-a39f-e059460f7add%3Futm_source%3Duniversal_search&amp;uct_country=fr\" rel=\"nofollow sponsored noopener\" class=\"link button-like--link button--critique button--catalog button--dark button--wide\" data-number-of-catalog=\"1\" target=\"_blank\" data-attag=\"click\" data-active=\"0\" data-leveltwo=\"clics_plateformes\" data-chapterone=\"hp_voir_sur\" data-chaptertwo=\"\" data-tagname=\"voir_sur_max\" data-tagtype=\"navigation\">     <img decoding=\"async\" alt=\"HBO Max\" src=\"https:\/\/www.europesays.com\/fr\/wp-content\/uploads\/2025\/11\/max.png\" class=\"button__image\"\/>   <a href=\"https:\/\/click.justwatch.com\/a?cx=eyJzY2hlbWEiOiJpZ2x1OmNvbS5zbm93cGxvd2FuYWx5dGljcy5zbm93cGxvdy9jb250ZXh0cy9qc29uc2NoZW1hLzEtMC0wIiwiZGF0YSI6W3sic2NoZW1hIjoiaWdsdTpjb20uanVzdHdhdGNoL2NsaWNrb3V0X2NvbnRleHQvanNvbnNjaGVtYS8xLTMtMiIsImRhdGEiOnsicHJvdmlkZXIiOiJIQk8gTWF4IiwibW9uZXRpemF0aW9uVHlwZSI6ImZsYXRyYXRlIiwicHJlc2VudGF0aW9uVHlwZSI6IjRrIiwiY3VycmVuY3kiOiJFVVIiLCJwYXJ0bmVySWQiOjE0MTcsInByb3ZpZGVySWQiOjE4OTksImNsaWNrb3V0VHlwZSI6Imp3LWNvbnRlbnQtcGFydG5lci1leHBvcnQtYXBpIn19LHsic2NoZW1hIjoiaWdsdTpjb20uanVzdHdhdGNoL3RpdGxlX2NvbnRleHQvanNvbnNjaGVtYS8xLTMtMCIsImRhdGEiOnsidGl0bGVJZCI6ODUzODIsIm9iamVjdFR5cGUiOiJtb3ZpZSIsImp3RW50aXR5SWQiOiJ0bTg1MzgyIn19XX0&amp;r=https%3A%2F%2Fplay.hbomax.com%2Fshow%2F25768909-39b8-4cb2-a39f-e059460f7add%3Futm_source%3Duniversal_search&amp;uct_country=fr\" class=\"catalog__link\" target=\"_blank\" rel=\"nofollow sponsored noopener\" data-attag=\"click\" data-active=\"0\" data-leveltwo=\"clics_plateformes\" data-chapterone=\"hp_voir_sur\" data-chaptertwo=\"\" data-tagname=\"voir_sur_max\" data-tagtype=\"navigation\">  <img decoding=\"async\" src=\"https:\/\/www.europesays.com\/fr\/wp-content\/uploads\/2025\/11\/max.png\" alt=\"HBO Max\" class=\"catalog__image\"\/>  <\/p>\n<p>   Inclus dans l&rsquo;abonnement  <\/p>\n<p>  <\/a>     Voir sur HBO Max    <\/a>                           <\/p>\n<p class=\"paragraph\">Dans ce cinqui\u00e8me volet, l\u2019heure est venue de choisir son camp. Et d\u2019abord pour le spectateur. Soit il est inscrit \u00e0 Poudlard depuis cinq ans, sans manquer un seul cours de d\u00e9fense contre les forces du Mal, et il prendra plaisir \u00e0 conna\u00eetre la suite. Soit il est peu fid\u00e8le \u00e0 Harry, et cet \u00e9pisode lui semblera trop peu spectaculaire, voire abscons. Entre un pass\u00e9 d\u00e9j\u00e0 bien charg\u00e9 et un avenir plut\u00f4t sombre \u2014 une guerre sans merci entre le Bien et le Mal \u2014 Harry Potter et l\u2019Ordre du Ph\u00e9nix est un film interm\u00e9diaire, languissant comme un orage sur le point d\u2019\u00e9clater. David Yates, r\u00e9alisateur anglais venu de la t\u00e9l\u00e9, n\u2019a plus \u00e0 pr\u00e9senter les forces en pr\u00e9sence. Il s\u2019occupe de former les bataillons. D\u2019un c\u00f4t\u00e9, Voldemort, le prince des t\u00e9n\u00e8bres, et ses disciples. De l\u2019autre, l\u2019Ordre, constitu\u00e9 avant la naissance de Harry et qui se r\u00e9unit dans la maison de famille de Sirius Black. Comment trouver cette b\u00e2tisse clandestine\u00a0? C\u2019est simple et du plus bel effet\u00a0: les fa\u00e7ades de la rue s\u2019\u00e9tirent jusqu\u2019\u00e0 lui donner naissance\u2026<\/p>\n<p class=\"paragraph\">Et puis il y a Harry. L\u2019adolescence, pour lui, c\u2019est fini. La preuve, il porte maintenant des vestes en velours et d\u00e9couvre, comme tout superh\u00e9ros en col\u00e8re, le c\u00f4t\u00e9 obscur de sa force. Il veut se battre envers et contre les anciens qui lui font des cachotteries et, surtout, Cornelius Fudge, le ministre de la Magie, pr\u00eat \u00e0 la pire d\u00e9sinformation pour garder son poste. Ce vieux bureaucrate autoritaire d\u00e9l\u00e8gue un nouveau professeur \u00e0 Poudlard. Dolores Ombrage est une petite personne toute ronde, rose et mielleuse, qui \u00e9met d\u2019aga\u00e7ants gazouillis, mais affectionne la torture pour faire respecter ses multiples d\u00e9crets\u2026 Le d\u00e9cor du minist\u00e8re, superbe d\u00e9lire orwellien, entre centre commercial de luxe et architecture sovi\u00e9tique, annonce la couleur.<\/p>\n<p class=\"paragraph\">Autour de la Grande Inquisitrice, incarn\u00e9e avec jubilation par l\u2019immense Imelda Staunton (Vera Drake), un autre film na\u00eet dans le film\u00a0: une exp\u00e9rience fasciste \u00e0 Poudlard\u00a0! C\u2019est ce retour \u00e0 l\u2019obscurantisme dans leur \u00e9cole qui pousse Harry et ses amis \u00e0 la r\u00e9sistance. Et m\u00eame si le discours sur l\u2019amiti\u00e9 et la loyaut\u00e9 est un peu appuy\u00e9, cette petite arm\u00e9e d\u2019adultes d\u00e9butants a fi\u00e8re allure. Alors tant pis si les cr\u00e9atures du film (chevaux squelettiques et ail\u00e9s, g\u00e9ant neuneu) n\u2019ont rien de fantastique et si, \u00e0 force de s\u2019incarner, le prince des t\u00e9n\u00e8bres ne fait plus tr\u00e8s peur. C\u2019est en s\u2019attachant \u00e0 l\u2019\u00e2ge de tous les possibles que Harry Potter et l\u2019Ordre du Ph\u00e9nix garde un certain pouvoir magique.<\/p>\n<p class=\"edito__prefixe\">   \u00c0 lire aussi :   <\/p>\n<p class=\"edito__text-container\">   <a alt=\"Lire aussi\" href=\"https:\/\/www.telerama.fr\/livre\/separer-la-femme-de-l-artiste-les-fans-face-a-j-k-rowling-d-abord-adulee-aujourd-hui-conspuee-7017542.php\" class=\"article__title--edito\" rel=\"nofollow noopener\" target=\"_blank\">S\u00e9parer la femme de l\u2019artiste\u00a0? Les fans face \u00e0 J.K. Rowling, d\u2019abord adul\u00e9e, aujourd\u2019hui conspu\u00e9e<\/a>  <\/p>\n","protected":false},"excerpt":{"rendered":"Cinqui\u00e8me round, pas tr\u00e8s riche en effets sp\u00e9ciaux. Mais la r\u00e9sistance des \u00e9l\u00e8ves (de jeunes adultes, maintenant) au&hellip;\n","protected":false},"author":2,"featured_media":543165,"comment_status":"","ping_status":"","sticky":false,"template":"","format":"standard","meta":{"footnotes":""},"categories":[1354],"tags":[58,59,1346,1011,27,1360],"class_list":{"0":"post-543164","1":"post","2":"type-post","3":"status-publish","4":"format-standard","5":"has-post-thumbnail","7":"category-films","8":"tag-divertissement","9":"tag-entertainment","10":"tag-films","11":"tag-fr","12":"tag-france","13":"tag-movies"},"share_on_mastodon":{"url":"https:\/\/pubeurope.com\/@fr\/115572502283334586","error":""},"_links":{"self":[{"href":"https:\/\/www.europesays.com\/fr\/wp-json\/wp\/v2\/posts\/543164","targetHints":{"allow":["GET"]}}],"collection":[{"href":"https:\/\/www.europesays.com\/fr\/wp-json\/wp\/v2\/posts"}],"about":[{"href":"https:\/\/www.europesays.com\/fr\/wp-json\/wp\/v2\/types\/post"}],"author":[{"embeddable":true,"href":"https:\/\/www.europesays.com\/fr\/wp-json\/wp\/v2\/users\/2"}],"replies":[{"embeddable":true,"href":"https:\/\/www.europesays.com\/fr\/wp-json\/wp\/v2\/comments?post=543164"}],"version-history":[{"count":0,"href":"https:\/\/www.europesays.com\/fr\/wp-json\/wp\/v2\/posts\/543164\/revisions"}],"wp:featuredmedia":[{"embeddable":true,"href":"https:\/\/www.europesays.com\/fr\/wp-json\/wp\/v2\/media\/543165"}],"wp:attachment":[{"href":"https:\/\/www.europesays.com\/fr\/wp-json\/wp\/v2\/media?parent=543164"}],"wp:term":[{"taxonomy":"category","embeddable":true,"href":"https:\/\/www.europesays.com\/fr\/wp-json\/wp\/v2\/categories?post=543164"},{"taxonomy":"post_tag","embeddable":true,"href":"https:\/\/www.europesays.com\/fr\/wp-json\/wp\/v2\/tags?post=543164"}],"curies":[{"name":"wp","href":"https:\/\/api.w.org\/{rel}","templated":true}]}}