{"id":543174,"date":"2025-11-18T20:10:14","date_gmt":"2025-11-18T20:10:14","guid":{"rendered":"https:\/\/www.europesays.com\/fr\/543174\/"},"modified":"2025-11-18T20:10:14","modified_gmt":"2025-11-18T20:10:14","slug":"le-groupe-nestle-peut-continuer-a-commercialiser-ses-eaux-perrier-sous-lappellation-eau-minerale-naturelle-tranche-la-justice","status":"publish","type":"post","link":"https:\/\/www.europesays.com\/fr\/543174\/","title":{"rendered":"Le groupe Nestl\u00e9 peut continuer \u00e0 commercialiser ses eaux Perrier sous l&rsquo;appellation \u00ab\u00a0eau min\u00e9rale naturelle\u00a0\u00bb, tranche la justice"},"content":{"rendered":"<p class=\"c-chapo \">\n  Le tribunal de Nanterre avait \u00e9t\u00e9 saisi au printemps par l&rsquo;UFC-Que choisir, qui demandait une \u00ab\u00a0interdiction de commercialisation\u00a0\u00bb et \u00ab\u00a0la cessation des tromperies\u00a0\u00bb.\n<\/p>\n<p>      lire plus tard<\/p>\n<p id=\"dialog__title\" class=\"dialog__title\">Pour sauvegarder cet article, connectez-vous ou cr\u00e9ez un compte franceinfo<\/p>\n<p class=\"dialog__description\">Sans paiement. Sans abonnement.<\/p>\n<p>        Fermer la fen\u00eatre d\u2019activation des notifications France Info<\/p>\n<p>      cr\u00e9er votre compte<\/p>\n<p>      se connecter<\/p>\n<p>        Fermer la fen\u00eatre de pr\u00e9sentation<\/p>\n<p>    <img loading=\"lazy\" decoding=\"async\" class=\"signature__image lazyload\" width=\"100\" height=\"100\" data- alt=\"\" src=\"https:\/\/www.europesays.com\/fr\/wp-content\/uploads\/2025\/05\/64a68815cd1a7_placeholder-36b69ec8.png\"\/><\/p>\n<p>    Publi\u00e9 le 18\/11\/2025 18:29<\/p>\n<p>      Mis \u00e0 jour le 18\/11\/2025 20:07<\/p>\n<p>        Temps de lecture : 2min<\/p>\n<p>    <img decoding=\"async\"  alt=\"L'UFC-Que choisir arguait que la microfiltration utilis\u00e9e par Nestl\u00e9 sur ses eaux Perrier faisait que celles-ci ne pouvaient plus pr\u00e9tendre \u00e0 l'appellation &quot;eau min\u00e9rale naturelle&quot;. (FELICE ROSA \/ HANS LUCAS \/ AFP)\" width=\"432\" height=\"243\" src=\"https:\/\/www.europesays.com\/fr\/wp-content\/uploads\/2025\/11\/080-hl-frosa-2895930-691cad28d78e6560789783.jpg\" fetchpriority=\"high\"\/><\/p>\n<p>      L&rsquo;UFC-Que choisir arguait que la microfiltration utilis\u00e9e par Nestl\u00e9 sur ses eaux Perrier faisait que celles-ci ne pouvaient plus pr\u00e9tendre \u00e0 l&rsquo;appellation \u00ab\u00a0eau min\u00e9rale naturelle\u00a0\u00bb. (FELICE ROSA \/ HANS LUCAS \/ AFP)<\/p>\n<p>Une d\u00e9cision particuli\u00e8rement attendue <a href=\"https:\/\/www.franceinfo.fr\/environnement\/pollution\/qualite-de-l-eau\/pollution-des-cours-d-eau\/scandale-des-eaux-contaminees-les-bouteilles-perrier-pourraient-bientot-etre-retirees-de-la-vente_7624382.html\" target=\"_blank\" rel=\"noopener nofollow\" data-tooltip-url=\"https:\/\/www.franceinfo.fr\/environnement\/pollution\/qualite-de-l-eau\/pollution-des-cours-d-eau\/scandale-des-eaux-contaminees-les-bouteilles-perrier-pourraient-bientot-etre-retirees-de-la-vente_7624382.html\">dans le feuilleton qui oppose l&rsquo;UFC-Que choisir et Perrier<\/a>. Le groupe Nestl\u00e9 peut continuer \u00e0 commercialiser sa c\u00e9l\u00e8bre eau gazeuse sous l&rsquo;appellation \u00ab\u00a0eau min\u00e9rale naturelle\u00a0\u00bb, a fait savoir le tribunal judiciaire de Nanterre, mardi 18\u00a0novembre, selon un jugement en r\u00e9f\u00e9r\u00e9 consult\u00e9 par franceinfo.\u00a0\u00ab\u00a0L&rsquo;existence d&rsquo;un risque sanitaire pour le consommateur li\u00e9 aux eaux Perrier \u00e9tiquet\u00e9es &lsquo;eaux min\u00e9rales naturelles&rsquo; n&rsquo;est nullement \u00e9tablie avec l&rsquo;\u00e9vidence requise en r\u00e9f\u00e9r\u00e9, de sorte qu&rsquo;aucun dommage imminent n&rsquo;est d\u00e9montr\u00e9\u00a0\u00bb, a expliqu\u00e9 le tribunal dans sa d\u00e9cision.<\/p>\n<p>La justice avait \u00e9t\u00e9 saisie au printemps par l&rsquo;UFC-Que choisir. Selon l&rsquo;association de consommateurs, la microfiltration utilis\u00e9e par le groupe sur ses eaux Perrier avait pour cons\u00e9quence que celles-ci ne pouvaient plus pr\u00e9tendre \u00e0 l&rsquo;appellation \u00ab\u00a0eau min\u00e9rale naturelle\u00a0\u00bb. Elle demandait une \u00ab\u00a0interdiction de commercialisation\u00a0\u00bb et \u00ab\u00a0la cessation des tromperies\u00a0\u00bb. Le tribunal de Nanterre a condamn\u00e9 l&rsquo;association \u00e0 verser 5\u00a0000 euros au groupe Nestl\u00e9.<\/p>\n<p>Dans un communiqu\u00e9, Nestl\u00e9 Waters a \u00ab\u00a0salu\u00e9\u00a0\u00bb cette d\u00e9cision.\u00a0Cette appr\u00e9ciation \u00ab\u00a0s\u2019inscrit dans le cadre de la campagne d\u2019information men\u00e9e ces derniers mois \u00e0 la demande et sous le contr\u00f4le de la DGCCRF [Direction g\u00e9n\u00e9rale de la concurrence, de la consommation et de la r\u00e9pression des fraudes], visant \u00e0 informer clairement les consommateurs sur la situation transitoire relative \u00e0 l\u2019\u00e9tiquetage de l\u2019eau min\u00e9rale naturelle Source Perrier\u00a0\u00bb, est-il \u00e9crit.<\/p>\n<p>L&rsquo;UFC-Que choisir a, elle, <a href=\"https:\/\/www.franceinfo.fr\/sante\/alimentation\/scandale-des-eaux-en-bouteille\/eau-minerale-naturelle-perrier-l-ufc-que-choisir-denonce-une-decision-qui-n-est-pas-a-la-hauteur_7624772.html\" target=\"_blank\" rel=\"noopener nofollow\" data-tooltip-url=\"https:\/\/www.franceinfo.fr\/sante\/alimentation\/scandale-des-eaux-en-bouteille\/eau-minerale-naturelle-perrier-l-ufc-que-choisir-denonce-une-decision-qui-n-est-pas-a-la-hauteur_7624772.html\">d\u00e9nonc\u00e9 aupr\u00e8s de France Inter<\/a> \u00ab\u00a0une d\u00e9cision qui n&rsquo;est pas \u00e0 la hauteur\u00a0\u00bb. \u00ab\u00a0Nous sommes en col\u00e8re. L&rsquo;analyse faite par les juges est d\u00e9cevante\u00a0\u00bb, a r\u00e9agi Gwena\u00eblle Lejeune, juriste au sein de l&rsquo;association.<\/p>\n<p class=\"related-tags__title\" role=\"heading\" aria-level=\"2\">les mots-cl\u00e9s associ\u00e9s \u00e0 cet article\n    <\/p>\n","protected":false},"excerpt":{"rendered":"Le tribunal de Nanterre avait \u00e9t\u00e9 saisi au printemps par l&rsquo;UFC-Que choisir, qui demandait une \u00ab\u00a0interdiction de commercialisation\u00a0\u00bb&hellip;\n","protected":false},"author":2,"featured_media":543175,"comment_status":"","ping_status":"","sticky":false,"template":"","format":"standard","meta":{"footnotes":""},"categories":[6],"tags":[35,33,34,1011,27],"class_list":{"0":"post-543174","1":"post","2":"type-post","3":"status-publish","4":"format-standard","5":"has-post-thumbnail","7":"category-economie","8":"tag-business","9":"tag-economie","10":"tag-economy","11":"tag-fr","12":"tag-france"},"share_on_mastodon":{"url":"","error":""},"_links":{"self":[{"href":"https:\/\/www.europesays.com\/fr\/wp-json\/wp\/v2\/posts\/543174","targetHints":{"allow":["GET"]}}],"collection":[{"href":"https:\/\/www.europesays.com\/fr\/wp-json\/wp\/v2\/posts"}],"about":[{"href":"https:\/\/www.europesays.com\/fr\/wp-json\/wp\/v2\/types\/post"}],"author":[{"embeddable":true,"href":"https:\/\/www.europesays.com\/fr\/wp-json\/wp\/v2\/users\/2"}],"replies":[{"embeddable":true,"href":"https:\/\/www.europesays.com\/fr\/wp-json\/wp\/v2\/comments?post=543174"}],"version-history":[{"count":0,"href":"https:\/\/www.europesays.com\/fr\/wp-json\/wp\/v2\/posts\/543174\/revisions"}],"wp:featuredmedia":[{"embeddable":true,"href":"https:\/\/www.europesays.com\/fr\/wp-json\/wp\/v2\/media\/543175"}],"wp:attachment":[{"href":"https:\/\/www.europesays.com\/fr\/wp-json\/wp\/v2\/media?parent=543174"}],"wp:term":[{"taxonomy":"category","embeddable":true,"href":"https:\/\/www.europesays.com\/fr\/wp-json\/wp\/v2\/categories?post=543174"},{"taxonomy":"post_tag","embeddable":true,"href":"https:\/\/www.europesays.com\/fr\/wp-json\/wp\/v2\/tags?post=543174"}],"curies":[{"name":"wp","href":"https:\/\/api.w.org\/{rel}","templated":true}]}}