{"id":543177,"date":"2025-11-18T20:12:13","date_gmt":"2025-11-18T20:12:13","guid":{"rendered":"https:\/\/www.europesays.com\/fr\/543177\/"},"modified":"2025-11-18T20:12:13","modified_gmt":"2025-11-18T20:12:13","slug":"plaies-multiples-vehicule-accidente-papiers-disparus-a-quimper-lavocat-general-retrouve-mort-chez-lui-a-ete-tue","status":"publish","type":"post","link":"https:\/\/www.europesays.com\/fr\/543177\/","title":{"rendered":"Plaies multiples, v\u00e9hicule accident\u00e9, papiers disparus\u2026 \u00e0 Quimper, l\u2019avocat g\u00e9n\u00e9ral retrouv\u00e9 mort chez lui a \u00e9t\u00e9 tu\u00e9"},"content":{"rendered":"<p>Que s\u2019est-il pass\u00e9 dans le huis clos de cette maison bourgeoise du quartier Ergu\u00e9-Armel, \u00e0 Quimper\u00a0? Depuis dimanche, les enqu\u00eateurs de la police s\u2019attachent \u00e0 \u00e9tablir les circonstances de la <a href=\"https:\/\/www.letelegramme.fr\/finistere\/quimper-29000\/a-quimper-un-avocat-general-a-la-retraite-retrouve-mort-dans-des-circonstances-suspectes-6930231.php\" title=\"www.letelegramme.fr\" target=\"_blank\" rel=\"noopener\">mort d\u2019\u00c9ric S\u00e9v\u00e8re-Jolivet<\/a>, avocat g\u00e9n\u00e9ral pr\u00e8s la cour d\u2019appel de Rennes \u00e0 la retraite.<\/p>\n<p>Selon nos informations, c\u2019est sa s\u0153ur, inqui\u00e8te de ne pas avoir de nouvelles de ce dernier, qui a donn\u00e9 l\u2019alerte, lorsque son corps a \u00e9t\u00e9 d\u00e9couvert inanim\u00e9 \u00e0 son domicile. Les services de police, pr\u00e9venus peu apr\u00e8s 12\u00a0h\u00a030, dimanche, se sont imm\u00e9diatement rendus sur place.<\/p>\n<p>La victime gisait au sol<\/p>\n<p>Lorsqu\u2019ils ont p\u00e9n\u00e9tr\u00e9 dans la maison, ils ont retrouv\u00e9 la victime qui gisait au sol, dans la chambre, \u00e0 c\u00f4t\u00e9 de son lit. Ils ont constat\u00e9 la pr\u00e9sence d\u2019une quantit\u00e9 importante de sang autour de l\u2019occupant des lieux. Son d\u00e9c\u00e8s a \u00e9t\u00e9 constat\u00e9 mais, au vu du sang et des plaies pr\u00e9sentes sur les bras et le cou, le m\u00e9decin a d\u00e9livr\u00e9 un obstacle m\u00e9dico-l\u00e9gal.<\/p>\n<p>Le procureur de la R\u00e9publique de permanence s\u2019est rendu sur les lieux. Les experts de la police scientifique ont proc\u00e9d\u00e9 aux relev\u00e9s et constatations \u00e0 la recherche des moindres traces et indices. Les voisins d\u2019\u00c9ric S\u00e9v\u00e8re-Jolivet ont \u00e9t\u00e9 auditionn\u00e9s pour les besoins de l\u2019enqu\u00eate confi\u00e9e \u00e0 la DCOS (division de la criminalit\u00e9 organis\u00e9e et sp\u00e9cialis\u00e9e, ex PJ).<\/p>\n<p>Selon la procureure de la R\u00e9publique de Quimper, C\u00e9cile Flamet, \u00ab\u00a0une enqu\u00eate de flagrance du chef d\u2019homicide volontaire \u00e9tait d\u00e9cid\u00e9e au regard, notamment, de la pr\u00e9sence de plusieurs plaies sur le corps de la victime, de la disparition de ses documents d\u2019identit\u00e9 et de la d\u00e9couverte de son v\u00e9hicule accident\u00e9 dans la rue\u00a0\u00bb.<\/p>\n<p>L\u2019autopsie confirme la cause du d\u00e9c\u00e8s<\/p>\n<p>Une autopsie a \u00e9t\u00e9 r\u00e9alis\u00e9e ce mardi. Elle a \u00ab\u00a0confirm\u00e9 que le d\u00e9c\u00e8s \u00e9tait cons\u00e9cutif \u00e0 plusieurs plaies par arme blanche. L\u2019intervention d\u2019un tiers est, \u00e0 ce stade, privil\u00e9gi\u00e9e\u00a0\u00bb. Des examens m\u00e9dicaux compl\u00e9mentaires doivent \u00eatre r\u00e9alis\u00e9s.<\/p>\n<p>Au cours du week-end, les voisins de la victime n\u2019ont rien entendu de particulier mais on ignore, pour l\u2019heure, la date du d\u00e9c\u00e8s de l\u2019ancien magistrat. Interrog\u00e9s par Le T\u00e9l\u00e9gramme, certains ont expliqu\u00e9 que la victime garait toujours sa voiture devant son domicile. C\u2019est pourtant \u00e0 une centaine de m\u00e8tres de l\u00e0 qu\u2019elle a \u00e9t\u00e9 retrouv\u00e9e avec un pneu crev\u00e9, apr\u00e8s la d\u00e9couverte du corps inanim\u00e9, comme le confirme le Parquet.<\/p>\n<p>\u00c0 ce stade, aucune personne n\u2019a \u00e9t\u00e9 interpell\u00e9e dans cette affaire.<\/p>\n","protected":false},"excerpt":{"rendered":"Que s\u2019est-il pass\u00e9 dans le huis clos de cette maison bourgeoise du quartier Ergu\u00e9-Armel, \u00e0 Quimper\u00a0? Depuis dimanche,&hellip;\n","protected":false},"author":2,"featured_media":543178,"comment_status":"","ping_status":"","sticky":false,"template":"","format":"standard","meta":{"footnotes":""},"categories":[4],"tags":[11,829,765,118,3321,1011,27,12,3319,25],"class_list":{"0":"post-543177","1":"post","2":"type-post","3":"status-publish","4":"format-standard","5":"has-post-thumbnail","7":"category-france","8":"tag-actualites","9":"tag-bretagne","10":"tag-en-continu","11":"tag-faits-divers","12":"tag-finistere","13":"tag-fr","14":"tag-france","15":"tag-news","16":"tag-quimper","17":"tag-republique-francaise"},"share_on_mastodon":{"url":"https:\/\/pubeurope.com\/@fr\/115572529239887177","error":""},"_links":{"self":[{"href":"https:\/\/www.europesays.com\/fr\/wp-json\/wp\/v2\/posts\/543177","targetHints":{"allow":["GET"]}}],"collection":[{"href":"https:\/\/www.europesays.com\/fr\/wp-json\/wp\/v2\/posts"}],"about":[{"href":"https:\/\/www.europesays.com\/fr\/wp-json\/wp\/v2\/types\/post"}],"author":[{"embeddable":true,"href":"https:\/\/www.europesays.com\/fr\/wp-json\/wp\/v2\/users\/2"}],"replies":[{"embeddable":true,"href":"https:\/\/www.europesays.com\/fr\/wp-json\/wp\/v2\/comments?post=543177"}],"version-history":[{"count":0,"href":"https:\/\/www.europesays.com\/fr\/wp-json\/wp\/v2\/posts\/543177\/revisions"}],"wp:featuredmedia":[{"embeddable":true,"href":"https:\/\/www.europesays.com\/fr\/wp-json\/wp\/v2\/media\/543178"}],"wp:attachment":[{"href":"https:\/\/www.europesays.com\/fr\/wp-json\/wp\/v2\/media?parent=543177"}],"wp:term":[{"taxonomy":"category","embeddable":true,"href":"https:\/\/www.europesays.com\/fr\/wp-json\/wp\/v2\/categories?post=543177"},{"taxonomy":"post_tag","embeddable":true,"href":"https:\/\/www.europesays.com\/fr\/wp-json\/wp\/v2\/tags?post=543177"}],"curies":[{"name":"wp","href":"https:\/\/api.w.org\/{rel}","templated":true}]}}