{"id":54318,"date":"2025-04-26T11:58:18","date_gmt":"2025-04-26T11:58:18","guid":{"rendered":"https:\/\/www.europesays.com\/fr\/54318\/"},"modified":"2025-04-26T11:58:18","modified_gmt":"2025-04-26T11:58:18","slug":"allemagne-un-homme-de-29-ans-percute-par-un-tgv-a-un-passage-a-niveau-entre-kehl-et-appenweier","status":"publish","type":"post","link":"https:\/\/www.europesays.com\/fr\/54318\/","title":{"rendered":"Allemagne. Un homme de 29 ans percut\u00e9 par un TGV \u00e0 un passage \u00e0 niveau entre Kehl et Appenweier"},"content":{"rendered":"<p>Un accident s\u2019est produit mercredi 24 avril en d\u00e9but de soir\u00e9e \u00e0 un passage \u00e0 niveau situ\u00e9 pr\u00e8s de la gare de Legelshurst, en Allemagne. Vers 18 h 40, un homme de 29 ans, qui circulait \u00e0 pied avec une autre personne, a \u00e9t\u00e9 percut\u00e9 par un TGV alors qu\u2019il traversait les voies.<\/p>\n<p>Ce contenu est bloqu\u00e9 car vous n&rsquo;avez pas accept\u00e9 les cookies et autres traceurs.<\/p>\n<p>En cliquant sur \u00ab J\u2019accepte \u00bb, les cookies et autres traceurs seront d\u00e9pos\u00e9s et vous pourrez visualiser les contenus  (<a href=\"\" class=\"consentModule_policy\" target=\"_blank\" title=\"Consulter la politique de protection des donn\u00e9es du fournisseur\">plus d&rsquo;informations<\/a>).<\/p>\n<p>En cliquant sur \u00ab J\u2019accepte tous les cookies \u00bb, vous autorisez des d\u00e9p\u00f4ts de cookies et autres traceurs pour le stockage de vos donn\u00e9es sur nos sites et applications \u00e0 des fins de personnalisation et de ciblage publicitaire.<\/p>\n<p class=\"consentModule_secondaryText\">Vous gardez la possibilit\u00e9 de retirer votre consentement \u00e0 tout moment en consultant notre <a href=\"https:\/\/www.dna.fr\/protection-des-donnees\" target=\"_blank\" title=\"Consulter notre politique de protection des donn\u00e9es\" rel=\"noopener\">politique de protection des donn\u00e9es<\/a>. <br \/>&#13;<br \/>\n            <a href=\"https:\/\/www.dna.fr\/faits-divers-justice\/2025\/04\/25\/javascript:Didomi.notice.show()\" class=\"consentModule_cmp\" target=\"_blank\" rel=\"noopener\">G\u00e9rer mes choix<\/a>&#13;\n        <\/p>\n<p>&#13;<br \/>\n                        J&rsquo;accepte&#13;<br \/>\n            J&rsquo;accepte tous les cookies&#13;\n        <\/p>\n<p>Selon les premi\u00e8res constatations, le jeune homme attendait devant une barri\u00e8re ferm\u00e9e lorsqu\u2019un train r\u00e9gional est pass\u00e9. Il aurait alors suppos\u00e9 que les barri\u00e8res allaient se relever et a entrepris de traverser le passage \u00e0 niveau, qui \u00e9tait pourtant toujours ferm\u00e9. C\u2019est \u00e0 ce moment qu\u2019un TGV qui roulait en direction de Strasbourg est arriv\u00e9 et l\u2019a violemment percut\u00e9. Le train roulait \u00e0 140 km\/h.<\/p>\n<p>La victime, un citoyen allemand, a \u00e9t\u00e9 gri\u00e8vement bless\u00e9e. Elle a re\u00e7u les premiers soins sur place par les secours et un m\u00e9decin urgentiste, avant d\u2019\u00eatre transport\u00e9e par h\u00e9licopt\u00e8re vers une clinique.<\/p>\n<p><a href=\"https:\/\/www.badische-zeitung.de\/tgv-erfasst-mann-auf-bahnuebergang-bei-kehl\" target=\"_blank\" rel=\"noopener\">D&rsquo;apr\u00e8s la Badische Zeitung<\/a> qui cite un porte-parole de la police, 280 passagers se trouvaient dans le TGV. Toujours selon le quotidien r\u00e9gional de Freiburg, le conducteur du TGV choqu\u00e9 a du \u00eatre pris en charge par les secours de m\u00eame que deux personnes qui se trouvaient en gare et qui ont assist\u00e9 \u00e0 la sc\u00e8ne.<\/p>\n<p>Le trafic ferroviaire est rest\u00e9 interrompu durant deux heures.<\/p>\n","protected":false},"excerpt":{"rendered":"Un accident s\u2019est produit mercredi 24 avril en d\u00e9but de soir\u00e9e \u00e0 un passage \u00e0 niveau situ\u00e9 pr\u00e8s&hellip;\n","protected":false},"author":2,"featured_media":54319,"comment_status":"","ping_status":"","sticky":false,"template":"","format":"standard","meta":{"footnotes":""},"categories":[2820],"tags":[119,1111,11,672,2880,1777,674,274,107,1011,27,329,775,14871,12,25,1806,640],"class_list":{"0":"post-54318","1":"post","2":"type-post","3":"status-publish","4":"format-standard","5":"has-post-thumbnail","7":"category-strasbourg","8":"tag-accident","9":"tag-actu","10":"tag-actualites","11":"tag-allemagne","12":"tag-edition-strasbourg","13":"tag-eu","14":"tag-europe","15":"tag-faits-divers-justice","16":"tag-fil-info","17":"tag-fr","18":"tag-france","19":"tag-france-monde","20":"tag-grand-est","21":"tag-kehl","22":"tag-news","23":"tag-republique-francaise","24":"tag-rheinblick","25":"tag-strasbourg"},"share_on_mastodon":{"url":"https:\/\/pubeurope.com\/@fr\/114404150823651934","error":""},"_links":{"self":[{"href":"https:\/\/www.europesays.com\/fr\/wp-json\/wp\/v2\/posts\/54318","targetHints":{"allow":["GET"]}}],"collection":[{"href":"https:\/\/www.europesays.com\/fr\/wp-json\/wp\/v2\/posts"}],"about":[{"href":"https:\/\/www.europesays.com\/fr\/wp-json\/wp\/v2\/types\/post"}],"author":[{"embeddable":true,"href":"https:\/\/www.europesays.com\/fr\/wp-json\/wp\/v2\/users\/2"}],"replies":[{"embeddable":true,"href":"https:\/\/www.europesays.com\/fr\/wp-json\/wp\/v2\/comments?post=54318"}],"version-history":[{"count":0,"href":"https:\/\/www.europesays.com\/fr\/wp-json\/wp\/v2\/posts\/54318\/revisions"}],"wp:featuredmedia":[{"embeddable":true,"href":"https:\/\/www.europesays.com\/fr\/wp-json\/wp\/v2\/media\/54319"}],"wp:attachment":[{"href":"https:\/\/www.europesays.com\/fr\/wp-json\/wp\/v2\/media?parent=54318"}],"wp:term":[{"taxonomy":"category","embeddable":true,"href":"https:\/\/www.europesays.com\/fr\/wp-json\/wp\/v2\/categories?post=54318"},{"taxonomy":"post_tag","embeddable":true,"href":"https:\/\/www.europesays.com\/fr\/wp-json\/wp\/v2\/tags?post=54318"}],"curies":[{"name":"wp","href":"https:\/\/api.w.org\/{rel}","templated":true}]}}