{"id":543180,"date":"2025-11-18T20:14:13","date_gmt":"2025-11-18T20:14:13","guid":{"rendered":"https:\/\/www.europesays.com\/fr\/543180\/"},"modified":"2025-11-18T20:14:13","modified_gmt":"2025-11-18T20:14:13","slug":"saint-etienne-quinze-ans-pour-attendre-un-proces-cest-trop-long","status":"publish","type":"post","link":"https:\/\/www.europesays.com\/fr\/543180\/","title":{"rendered":"Saint-\u00c9tienne. \u00ab\u00a0Quinze ans pour attendre un proc\u00e8s, c\u2019est trop long\u00a0\u00bb"},"content":{"rendered":"<p>Face \u00e0 la cour, la victime, 31 ans aujourd\u2019hui et m\u00e8re de deux enfants d\u00e9nonce, \u00ab\u00a015 ans pour attendre un proc\u00e8s, c\u2019est beaucoup trop long. Quand mon \u00e9ducatrice m\u2019a conseill\u00e9 de d\u00e9poser plainte pour que je puisse enfin mettre des mots sur ce qui m\u2019\u00e9tait arriv\u00e9, la justice m\u2019a pr\u00e9venu\u00a0: ce sera long et \u00e9prouvant. Long comment j\u2019ai demand\u00e9\u00a0?\u00a0\u00bb<\/p>\n<p>Entre trois et cinq ans a-t-on r\u00e9pondu. \u00ab\u00a0L\u00e0 on est au triple. J\u2019ai \u00e9t\u00e9 entendu \u00e0 de multiples reprises. Plusieurs fois, on m\u2019a propos\u00e9 de requalifier les faits, pour les correctionnaliser, j\u2019ai toujours refus\u00e9. Il doit \u00eatre jug\u00e9 pour un crime. En 2019, j\u2019ai d\u00fb subir une confrontation avec mon g\u00e9niteur.\u00a0\u00bb<\/p>\n<p>\u00ab\u00a0Si c\u2019\u00e9tait \u00e0 refaire, je ne d\u00e9poserais pas plainte\u00a0\u00bb<\/p>\n<p>Elle poursuit\u00a0: \u00ab\u00a0deux jours avant mon accouchement, le 18\u00a0mai 2021, on m\u2019a envoy\u00e9 un mail pour dire que le dossier \u00e9tait enfin renvoy\u00e9 devant la cour d\u2019assises&#8230;.<\/p>\n","protected":false},"excerpt":{"rendered":"Face \u00e0 la cour, la victime, 31 ans aujourd\u2019hui et m\u00e8re de deux enfants d\u00e9nonce, \u00ab\u00a015 ans pour&hellip;\n","protected":false},"author":2,"featured_media":543181,"comment_status":"","ping_status":"","sticky":false,"template":"","format":"standard","meta":{"footnotes":""},"categories":[9653],"tags":[1111,11,2430,271,272,7539,1777,674,274,1011,27,3367,12,25,4001,7538],"class_list":{"0":"post-543180","1":"post","2":"type-post","3":"status-publish","4":"format-standard","5":"has-post-thumbnail","7":"category-saint-etienne","8":"tag-actu","9":"tag-actualites","10":"tag-auvergne-rhone-alpes","11":"tag-crime","12":"tag-delit-et-contravention","13":"tag-edition-loire-sud","14":"tag-eu","15":"tag-europe","16":"tag-faits-divers-justice","17":"tag-fr","18":"tag-france","19":"tag-loire","20":"tag-news","21":"tag-republique-francaise","22":"tag-saint-etienne","23":"tag-saint-etienne-ville"},"share_on_mastodon":{"url":"https:\/\/pubeurope.com\/@fr\/115572537123536155","error":""},"_links":{"self":[{"href":"https:\/\/www.europesays.com\/fr\/wp-json\/wp\/v2\/posts\/543180","targetHints":{"allow":["GET"]}}],"collection":[{"href":"https:\/\/www.europesays.com\/fr\/wp-json\/wp\/v2\/posts"}],"about":[{"href":"https:\/\/www.europesays.com\/fr\/wp-json\/wp\/v2\/types\/post"}],"author":[{"embeddable":true,"href":"https:\/\/www.europesays.com\/fr\/wp-json\/wp\/v2\/users\/2"}],"replies":[{"embeddable":true,"href":"https:\/\/www.europesays.com\/fr\/wp-json\/wp\/v2\/comments?post=543180"}],"version-history":[{"count":0,"href":"https:\/\/www.europesays.com\/fr\/wp-json\/wp\/v2\/posts\/543180\/revisions"}],"wp:featuredmedia":[{"embeddable":true,"href":"https:\/\/www.europesays.com\/fr\/wp-json\/wp\/v2\/media\/543181"}],"wp:attachment":[{"href":"https:\/\/www.europesays.com\/fr\/wp-json\/wp\/v2\/media?parent=543180"}],"wp:term":[{"taxonomy":"category","embeddable":true,"href":"https:\/\/www.europesays.com\/fr\/wp-json\/wp\/v2\/categories?post=543180"},{"taxonomy":"post_tag","embeddable":true,"href":"https:\/\/www.europesays.com\/fr\/wp-json\/wp\/v2\/tags?post=543180"}],"curies":[{"name":"wp","href":"https:\/\/api.w.org\/{rel}","templated":true}]}}