{"id":543186,"date":"2025-11-18T20:19:31","date_gmt":"2025-11-18T20:19:31","guid":{"rendered":"https:\/\/www.europesays.com\/fr\/543186\/"},"modified":"2025-11-18T20:19:31","modified_gmt":"2025-11-18T20:19:31","slug":"dix-interpellations-lors-du-demantelement-dun-trafic-de-stupefiants-environ-500-000-euros-de-marchandise-saisis","status":"publish","type":"post","link":"https:\/\/www.europesays.com\/fr\/543186\/","title":{"rendered":"dix interpellations lors du d\u00e9mant\u00e8lement d&rsquo;un trafic de stup\u00e9fiants, environ 500.000 euros de marchandise saisis"},"content":{"rendered":"<p>\n    Deux fr\u00e8res soup\u00e7onn\u00e9s d\u2019avoir dirig\u00e9 le r\u00e9seau ont \u00e9galement \u00e9t\u00e9 interpell\u00e9s et plac\u00e9s en garde \u00e0 vue.<\/p>\n<p class=\"fig-paragraph\">Le parquet de\u00a0<a href=\"http:\/\/www.lefigaro.fr\/faits-divers\/nancy-une-jeune-femme-suivie-dans-la-rue-puis-violee-et-battue-a-son-domicile-20251027\" data-fig-type=\"NewsFlash\" data-gtm-custom-categorie=\"navigation\" data-gtm-custom-action=\"crossclick\" data-gtm-custom-label=\"Contextuel\" data-gtm-event=\"customEventSPE\" data-fig-domain=\"LEFIGARO\" target=\"_blank\" rel=\"noopener\">Nancy<\/a>\u00a0(Meurthe-et-Moselle) a annonc\u00e9 mardi le d\u00e9mant\u00e8lement d&rsquo;un\u00a0<a href=\"http:\/\/www.lefigaro.fr\/flash-actu\/grenoble-un-adolescent-de-12-ans-grievement-blesse-par-balle-sur-un-point-de-deal-20251116\" data-fig-type=\"NewsFlash\" data-gtm-custom-categorie=\"navigation\" data-gtm-custom-action=\"crossclick\" data-gtm-custom-label=\"Contextuel\" data-gtm-event=\"customEventSPE\" data-fig-domain=\"LEFIGARO\" target=\"_blank\" rel=\"noopener\">trafic de stup\u00e9fiants<\/a>\u00a0dans la ville, qui a abouti \u00e0 l&rsquo;interpellation et la mise en garde \u00e0 vue de dix personnes. Parmi ces derni\u00e8res figurent deux fr\u00e8res, \u00e2g\u00e9s de 22 et 24 ans, qui sont soup\u00e7onn\u00e9s d&rsquo;avoir dirig\u00e9 le r\u00e9seau.<\/p>\n<p class=\"fig-paragraph\">Ils auraient organis\u00e9 un \u00abpoint de deal\u00bb dans une rue nanc\u00e9ienne, qui pouvait \u00abrapporter environ 8.000 euros par jour\u00bb, indique le procureur de la R\u00e9publique Fran\u00e7ois Capin-Dulhoste dans un communiqu\u00e9. Le domicile d&rsquo;une autre personne interpell\u00e9e, un homme de 46 ans, servait \u00abde laboratoire de coupe et de lieu de conditionnement et de stockage\u00bb.<\/p>\n<p>                                    <a class=\"fig-a11y-skip a11y-hidden\" href=\"#fig-a11y-skip-main-inarticle\"><br \/>\n        Passer la publicit\u00e9<br \/>\n    <\/a><\/p>\n<p>95 policiers mobilis\u00e9s<\/p>\n<p class=\"fig-paragraph\">Au total, 95 policiers ont \u00e9t\u00e9 mobilis\u00e9s pour l&rsquo;op\u00e9ration. Les perquisitions effectu\u00e9es dans les domiciles et les v\u00e9hicules des mis en cause ont permis de d\u00e9couvrir 15,7 kg d&rsquo;h\u00e9ro\u00efne, 4 kg de coca\u00efne et 10 kg de cannabis \u00abd&rsquo;une valeur approximative de 500.000 euros\u00bb, a-t-il d\u00e9taill\u00e9.<\/p>\n<p class=\"fig-paragraph\">Les forces de l&rsquo;ordre ont aussi saisi plus de 41.000 euros, des armes, soit un pistolet 9mm, un fusil \u00e0 pompe et un pistolet-mitrailleur, de m\u00eame que des v\u00eatements ou accessoires de marque, a pr\u00e9cis\u00e9 le procureur.<\/p>\n","protected":false},"excerpt":{"rendered":"Deux fr\u00e8res soup\u00e7onn\u00e9s d\u2019avoir dirig\u00e9 le r\u00e9seau ont \u00e9galement \u00e9t\u00e9 interpell\u00e9s et plac\u00e9s en garde \u00e0 vue. Le&hellip;\n","protected":false},"author":2,"featured_media":543187,"comment_status":"","ping_status":"","sticky":false,"template":"","format":"standard","meta":{"footnotes":""},"categories":[9635],"tags":[1111,11,1777,674,1011,27,775,15516,1702,12,25,887],"class_list":{"0":"post-543186","1":"post","2":"type-post","3":"status-publish","4":"format-standard","5":"has-post-thumbnail","7":"category-nancy","8":"tag-actu","9":"tag-actualites","10":"tag-eu","11":"tag-europe","12":"tag-fr","13":"tag-france","14":"tag-grand-est","15":"tag-interpellations","16":"tag-nancy","17":"tag-news","18":"tag-republique-francaise","19":"tag-trafic-de-drogue"},"share_on_mastodon":{"url":"https:\/\/pubeurope.com\/@fr\/115572556770576521","error":""},"_links":{"self":[{"href":"https:\/\/www.europesays.com\/fr\/wp-json\/wp\/v2\/posts\/543186","targetHints":{"allow":["GET"]}}],"collection":[{"href":"https:\/\/www.europesays.com\/fr\/wp-json\/wp\/v2\/posts"}],"about":[{"href":"https:\/\/www.europesays.com\/fr\/wp-json\/wp\/v2\/types\/post"}],"author":[{"embeddable":true,"href":"https:\/\/www.europesays.com\/fr\/wp-json\/wp\/v2\/users\/2"}],"replies":[{"embeddable":true,"href":"https:\/\/www.europesays.com\/fr\/wp-json\/wp\/v2\/comments?post=543186"}],"version-history":[{"count":0,"href":"https:\/\/www.europesays.com\/fr\/wp-json\/wp\/v2\/posts\/543186\/revisions"}],"wp:featuredmedia":[{"embeddable":true,"href":"https:\/\/www.europesays.com\/fr\/wp-json\/wp\/v2\/media\/543187"}],"wp:attachment":[{"href":"https:\/\/www.europesays.com\/fr\/wp-json\/wp\/v2\/media?parent=543186"}],"wp:term":[{"taxonomy":"category","embeddable":true,"href":"https:\/\/www.europesays.com\/fr\/wp-json\/wp\/v2\/categories?post=543186"},{"taxonomy":"post_tag","embeddable":true,"href":"https:\/\/www.europesays.com\/fr\/wp-json\/wp\/v2\/tags?post=543186"}],"curies":[{"name":"wp","href":"https:\/\/api.w.org\/{rel}","templated":true}]}}