{"id":543191,"date":"2025-11-18T20:23:12","date_gmt":"2025-11-18T20:23:12","guid":{"rendered":"https:\/\/www.europesays.com\/fr\/543191\/"},"modified":"2025-11-18T20:23:12","modified_gmt":"2025-11-18T20:23:12","slug":"une-femme-enceinte-blessee-dans-une-collision-entre-une-voiture-et-un-tramway","status":"publish","type":"post","link":"https:\/\/www.europesays.com\/fr\/543191\/","title":{"rendered":"une femme enceinte bless\u00e9e dans une collision entre une voiture et un tramway"},"content":{"rendered":"<p>                    Par<br \/>\n        <strong><br \/>\n            <a href=\"https:\/\/actu.fr\/auteur\/metropoop\" title=\"Consulter tous les articles de R\u00e9daction M\u00e9tropolitain\" rel=\"nofollow noopener\" target=\"_blank\">R\u00e9daction M\u00e9tropolitain<\/a><br \/>\n                    <\/strong><\/p>\n<p>        Publi\u00e9 le<\/p>\n<p>            18 nov. 2025 \u00e0 20h37        <\/p>\n<p>Les sapeurs-pompiers de l\u2019H\u00e9rault interviennent <strong>ce mardi 18 novembre 2025<\/strong> sur l\u2019avenue de Lod\u00e8ve, \u00e0 Montpellier. Une voiture et une rame de tramway se sont percut\u00e9es \u00e0 faible vitesse.<\/p>\n<p>    <a href=\"https:\/\/www.google.com\/maps\/embed?pb=!1m18!1m12!1m3!1d2888.792460958601!2d3.845919176459983!3d43.610862671104144!2m3!1f0!2f0!3f0!3m2!1i1024!2i768!4f13.1!3m3!1m2!1s0x12b6aef59227691f%3A0x5751478ea578fcf6!2sAv.%20de%20Lodeve%2C%20Montpellier!5e0!3m2!1sfr!2sfr!4v1763494053618!5m2!1sfr!2sfr\" title=\"Ouvrie le lien\" rel=\"nofollow noopener\" target=\"_blank\">Cliquez ici pour visualiser le contenu<\/a><\/p>\n<p>Prise en charge imm\u00e9diate<\/p>\n<p class=\" wall-content\">La conductrice, \u00e2g\u00e9e de 28 ans et enceinte de cinq mois, a \u00e9t\u00e9 prise en charge. Les pompiers l\u2019ont install\u00e9e pour un examen, dont le bilan \u00e9voque des blessures l\u00e9g\u00e8res. La voiture restant bloqu\u00e9e au milieu de la chauss\u00e9e, son d\u00e9gagement a \u00e9t\u00e9 lanc\u00e9 pour lib\u00e9rer la voie.<\/p>\n<p class=\" wall-content\">Personnalisez votre actualit\u00e9 en ajoutant vos villes et m\u00e9dias en favori avec <a href=\"https:\/\/moncompte.actu.fr\" title=\"D\u00e9couvez Mon Actu\" rel=\"nofollow noopener\" data-trk=\"{&quot;cta&quot;:{&quot;action&quot;:&quot;https:\\\/\\\/moncompte.actu.fr&quot;,&quot;category&quot;:&quot;mon compte&quot;,&quot;from&quot;:&quot;article footer&quot;,&quot;name&quot;:&quot;Mon actu&quot;,&quot;type&quot;:&quot;cta&quot;}}\" target=\"_blank\">Mon Actu<\/a>.<\/p>\n","protected":false},"excerpt":{"rendered":"Par R\u00e9daction M\u00e9tropolitain Publi\u00e9 le 18 nov. 2025 \u00e0 20h37 Les sapeurs-pompiers de l\u2019H\u00e9rault interviennent ce mardi 18&hellip;\n","protected":false},"author":2,"featured_media":543192,"comment_status":"","ping_status":"","sticky":false,"template":"","format":"standard","meta":{"footnotes":""},"categories":[9599],"tags":[119,1111,11,1777,674,118,1011,27,2208,12,2680,1311,25,59623],"class_list":{"0":"post-543191","1":"post","2":"type-post","3":"status-publish","4":"format-standard","5":"has-post-thumbnail","7":"category-montpellier","8":"tag-accident","9":"tag-actu","10":"tag-actualites","11":"tag-eu","12":"tag-europe","13":"tag-faits-divers","14":"tag-fr","15":"tag-france","16":"tag-montpellier","17":"tag-news","18":"tag-occitanie","19":"tag-pompiers","20":"tag-republique-francaise","21":"tag-tam"},"share_on_mastodon":{"url":"https:\/\/pubeurope.com\/@fr\/115572572475396295","error":""},"_links":{"self":[{"href":"https:\/\/www.europesays.com\/fr\/wp-json\/wp\/v2\/posts\/543191","targetHints":{"allow":["GET"]}}],"collection":[{"href":"https:\/\/www.europesays.com\/fr\/wp-json\/wp\/v2\/posts"}],"about":[{"href":"https:\/\/www.europesays.com\/fr\/wp-json\/wp\/v2\/types\/post"}],"author":[{"embeddable":true,"href":"https:\/\/www.europesays.com\/fr\/wp-json\/wp\/v2\/users\/2"}],"replies":[{"embeddable":true,"href":"https:\/\/www.europesays.com\/fr\/wp-json\/wp\/v2\/comments?post=543191"}],"version-history":[{"count":0,"href":"https:\/\/www.europesays.com\/fr\/wp-json\/wp\/v2\/posts\/543191\/revisions"}],"wp:featuredmedia":[{"embeddable":true,"href":"https:\/\/www.europesays.com\/fr\/wp-json\/wp\/v2\/media\/543192"}],"wp:attachment":[{"href":"https:\/\/www.europesays.com\/fr\/wp-json\/wp\/v2\/media?parent=543191"}],"wp:term":[{"taxonomy":"category","embeddable":true,"href":"https:\/\/www.europesays.com\/fr\/wp-json\/wp\/v2\/categories?post=543191"},{"taxonomy":"post_tag","embeddable":true,"href":"https:\/\/www.europesays.com\/fr\/wp-json\/wp\/v2\/tags?post=543191"}],"curies":[{"name":"wp","href":"https:\/\/api.w.org\/{rel}","templated":true}]}}