{"id":543195,"date":"2025-11-18T20:25:16","date_gmt":"2025-11-18T20:25:16","guid":{"rendered":"https:\/\/www.europesays.com\/fr\/543195\/"},"modified":"2025-11-18T20:25:16","modified_gmt":"2025-11-18T20:25:16","slug":"le-programme-du-marche-de-noel-de-rouen-2025-tout-ce-quil-ne-faut-pas-manquer","status":"publish","type":"post","link":"https:\/\/www.europesays.com\/fr\/543195\/","title":{"rendered":"Le programme du March\u00e9 de No\u00ebl de Rouen 2025 : tout ce qu\u2019il ne faut pas manquer"},"content":{"rendered":"<p>Chaque ann\u00e9e, c\u2019est un rendez-vous qu\u2019on attend presque autant que le premier chocolat chaud de la saison. Le <strong>March\u00e9 de No\u00ebl de Rouen<\/strong>, install\u00e9 <strong>place de la Cath\u00e9drale du 21 novembre au 28 d\u00e9cembre<\/strong>, revient illuminer le centre-ville avec ses all\u00e9es scintillantes, ses chalets en bois et son ambiance ultra chaleureuse typique des f\u00eates.<\/p>\n<p>Entre <strong>cadeaux artisanaux<\/strong>, <strong>cr\u00e9ateurs locaux<\/strong>, <strong>d\u00e9lices gourmands<\/strong> et la <strong>Maison du P\u00e8re No\u00ebl<\/strong>, pr\u00e9pare-toi \u00e0 vivre un vrai condens\u00e9 de magie.<\/p>\n<p>Avec sa grande all\u00e9e de chalets, ses guirlandes lumineuses et la cath\u00e9drale en toile de fond, le march\u00e9 offre l\u2019un des plus beaux d\u00e9cors de No\u00ebl de la r\u00e9gion. On y fl\u00e2ne pour trouver <strong>des cadeaux uniques<\/strong>, on y d\u00e9guste quelques douceurs (personne ne dira non \u00e0 une gaufre bien chaude) et on profite tout simplement de cette atmosph\u00e8re qui fait du bien en fin d\u2019ann\u00e9e.<\/p>\n<p><strong>\ud83d\udd52 Horaires du March\u00e9 de No\u00ebl<\/strong><\/p>\n<ul class=\"wp-block-list\">\n<li><strong>Lundi : 14h \u2192 20h<\/strong><\/li>\n<li><strong>Mardi au jeudi : 11h \u2192 20h<\/strong><\/li>\n<li><strong>Mardi 24 d\u00e9cembre<\/strong> : <strong>11h \u2192 18h<\/strong><\/li>\n<li><strong>Vendredi : 11h \u2192 21h<\/strong><\/li>\n<li><strong>Samedi : 10h \u2192 21h<\/strong><\/li>\n<li><strong>Dimanche : 10h \u2192 20h<\/strong><\/li>\n<li>\u274c <strong>Ferm\u00e9 le 25 d\u00e9cembre<\/strong><\/li>\n<\/ul>\n<p>Cette ann\u00e9e encore, la <strong>Rue du Change<\/strong> devient la <strong>Rue des cr\u00e9ateurs<\/strong> avec <strong>8 chalets<\/strong> qui se renouvellent chaque semaine.<\/p>\n<p>Au total, <strong>40 artisans<\/strong> et cr\u00e9ateurs locaux se succ\u00e9deront pour te proposer :<\/p>\n<p><strong>bijoux<\/strong>, <strong>d\u00e9coration<\/strong>, <strong>accessoires de mode<\/strong>, <strong>bougies<\/strong>, <strong>luminaires<\/strong>, <strong>cr\u00e9ations textiles<\/strong>, et m\u00eame des <strong>accessoires pour animaux<\/strong>.<\/p>\n<p>Bref : une mine d\u2019or pour d\u00e9goter un cadeau <strong>100% original<\/strong> et <strong>made in Normandie<\/strong>.<\/p>\n<p><strong>Vendredi 21 novembre \u2192 Jeudi 27 novembre<\/strong><\/p>\n<p><strong>My Retro Style<\/strong>, <strong>La Lampe de Bois<\/strong>, <strong>Eiphos Cr\u00e9ations<\/strong>, <strong>Dogs and Ropes<\/strong>, <strong>Time Cuir<\/strong>, <strong>Missrainette<\/strong>, <strong>Dans la Bo\u00eete Noire<\/strong>, <strong>Vert Cailloux<\/strong><\/p>\n<p><strong>Vendredi 28 novembre \u2192 Jeudi 4 d\u00e9cembre<\/strong><\/p>\n<p><strong>My Little One<\/strong>, <strong>Jantzen Milivanh<\/strong>, <strong>Les Confitures d\u2019Anne Sophie<\/strong>, <strong>Boucl\u00e9.e.s<\/strong>, <strong>P\u2019tit Bout de Fer<\/strong>, <strong>Lady Poterie<\/strong>, <strong>Mes Petites Pages<\/strong>, <strong>Les Couleurs du Bonheur<\/strong><\/p>\n<p><strong>Vendredi 5 d\u00e9cembre \u2192 Jeudi 11 d\u00e9cembre<\/strong><\/p>\n<p><strong>Amh\u00e9 \u2013 Atelier Terre d\u2019Asil<\/strong>, <strong>Mandalaine Rasmania Wool<\/strong>, <strong>Uma Cr\u00e9ation \u2013 Bois Concept<\/strong>, <strong>Atelier 9<\/strong>,<\/p>\n<p style=\"margin: 0; color: #000000; font-size: 16px; font-weight: bold;\">\u00c0 voir aussi sur Rouen Bouge<\/p>\n<\/p>\n<p>                    \u2716\n                <\/p>\n<p><strong>Pierres Papiers Ciseaux<\/strong>, <strong>Kao C\u00e9ramique<\/strong>, <strong>Aux Douceurs Parfum\u00e9es<\/strong>, <strong>Carokids Cr\u00e9ations \u2013 Nonette Croch\u00e8te<\/strong><\/p>\n<p><strong>Vendredi 12 d\u00e9cembre \u2192 Jeudi 18 d\u00e9cembre<\/strong><\/p>\n<p><strong>Corail Menthe \u2013 Atelier Tant\u00f4t<\/strong>, <strong>Yzo Cr\u00e9ation Mobilier \u2013 Linda Brune Art<\/strong>, <strong>D\u00e9co\u2019Cli\u2019Caux<\/strong>,<\/p>\n<p><strong>J &amp; V Atelier 2020<\/strong>, <strong>Lulu Fabrik<\/strong>, <strong>L\u2019Atelier 1.10<\/strong>, <strong>Savon &amp; Sjippe<\/strong>, <strong>Eludyr \u2013 Elucyan<\/strong><\/p>\n<p><strong>Vendredi 19 d\u00e9cembre \u2192 Dimanche 28 d\u00e9cembre<\/strong><\/p>\n<p><strong>Au Fil de Charlotte<\/strong>, <strong>Les Minis de l\u2019Arbalette<\/strong>, <strong>By Emmy Candles &amp; Bubbles<\/strong>, <strong>Rose et Louane<\/strong>,<\/p>\n<p><strong>La Terre Suspendue<\/strong>, <strong>Emma Douceur<\/strong>, <strong>Fabrik d\u2019id<\/strong>, <strong>L\u2019Atelier Boui Boui \/ Mama Honua<\/strong><\/p>\n<p>Impossible de passer \u00e0 c\u00f4t\u00e9 : un <strong>immense sapin<\/strong> tr\u00f4ne au c\u0153ur du march\u00e9 et juste \u00e0 c\u00f4t\u00e9, le <strong>Jardin f\u00e9\u00e9rique<\/strong> accueille la <strong>Maison du P\u00e8re No\u00ebl<\/strong>.<\/p>\n<p>Les enfants peuvent :<\/p>\n<p>\u2728 d\u00e9poser leur liste de cadeaux dans la <strong>bo\u00eete aux lettres magique<\/strong>,<\/p>\n<p>\u2728 se prendre en photo dans la petite maison en bois,<\/p>\n<p>\u2728 rencontrer <strong>le P\u00e8re No\u00ebl<\/strong> (oui, le vrai).<\/p>\n<p><strong>\ud83d\udccd\u00a0Jardin f\u00e9\u00e9rique \u2013 Place de la Cath\u00e9drale<\/strong><strong>\ud83d\udd52 Horaires de la Maison du P\u00e8re No\u00ebl<\/strong><\/p>\n<p>Du <strong>29 novembre au 23 d\u00e9cembre<\/strong>, les : <strong>Mercredi, samedi et dimanche : 14h30 \u2192 18h30<\/strong><\/p>\n<p><strong>Lundi 22 et mardi 23 d\u00e9cembre : 14h30 \u2192 18h30<\/strong><\/p>\n","protected":false},"excerpt":{"rendered":"Chaque ann\u00e9e, c\u2019est un rendez-vous qu\u2019on attend presque autant que le premier chocolat chaud de la saison. Le&hellip;\n","protected":false},"author":2,"featured_media":543196,"comment_status":"","ping_status":"","sticky":false,"template":"","format":"standard","meta":{"footnotes":""},"categories":[9587],"tags":[1111,11,1777,674,1011,27,12,5161,25,9590],"class_list":{"0":"post-543195","1":"post","2":"type-post","3":"status-publish","4":"format-standard","5":"has-post-thumbnail","7":"category-rouen","8":"tag-actu","9":"tag-actualites","10":"tag-eu","11":"tag-europe","12":"tag-fr","13":"tag-france","14":"tag-news","15":"tag-normandie","16":"tag-republique-francaise","17":"tag-rouen"},"share_on_mastodon":{"url":"https:\/\/pubeurope.com\/@fr\/115572580320998736","error":""},"_links":{"self":[{"href":"https:\/\/www.europesays.com\/fr\/wp-json\/wp\/v2\/posts\/543195","targetHints":{"allow":["GET"]}}],"collection":[{"href":"https:\/\/www.europesays.com\/fr\/wp-json\/wp\/v2\/posts"}],"about":[{"href":"https:\/\/www.europesays.com\/fr\/wp-json\/wp\/v2\/types\/post"}],"author":[{"embeddable":true,"href":"https:\/\/www.europesays.com\/fr\/wp-json\/wp\/v2\/users\/2"}],"replies":[{"embeddable":true,"href":"https:\/\/www.europesays.com\/fr\/wp-json\/wp\/v2\/comments?post=543195"}],"version-history":[{"count":0,"href":"https:\/\/www.europesays.com\/fr\/wp-json\/wp\/v2\/posts\/543195\/revisions"}],"wp:featuredmedia":[{"embeddable":true,"href":"https:\/\/www.europesays.com\/fr\/wp-json\/wp\/v2\/media\/543196"}],"wp:attachment":[{"href":"https:\/\/www.europesays.com\/fr\/wp-json\/wp\/v2\/media?parent=543195"}],"wp:term":[{"taxonomy":"category","embeddable":true,"href":"https:\/\/www.europesays.com\/fr\/wp-json\/wp\/v2\/categories?post=543195"},{"taxonomy":"post_tag","embeddable":true,"href":"https:\/\/www.europesays.com\/fr\/wp-json\/wp\/v2\/tags?post=543195"}],"curies":[{"name":"wp","href":"https:\/\/api.w.org\/{rel}","templated":true}]}}