{"id":543197,"date":"2025-11-18T20:26:37","date_gmt":"2025-11-18T20:26:37","guid":{"rendered":"https:\/\/www.europesays.com\/fr\/543197\/"},"modified":"2025-11-18T20:26:37","modified_gmt":"2025-11-18T20:26:37","slug":"dncg-masse-salariale-encadree-pour-3-clubs-de-national-ce-18-novembre","status":"publish","type":"post","link":"https:\/\/www.europesays.com\/fr\/543197\/","title":{"rendered":"DNCG. Masse salariale encadr\u00e9e pour 3 clubs de National ce 18 novembre"},"content":{"rendered":"<p><img loading=\"lazy\" decoding=\"async\" width=\"696\" height=\"464\" class=\"lazyload entry-thumb\" src=\"https:\/\/www.europesays.com\/fr\/wp-content\/uploads\/2025\/09\/National-J3-Rouen-Sochaux-2-696x464.jpg\" alt=\"National J3 Rouen - Sochaux (Photo Philippe Le Brech)\" title=\"National J3 Rouen - Sochaux (2)\"\/>Rouen &#8211; Sochaux (Photo Philippe Le Brech)<\/p>\n<p style=\"font-size:20px\"><strong>Dans les d\u00e9cision du 18 novembre 2025 de la Commission F\u00e9d\u00e9rale de Contr\u00f4le des Clubs de la<a href=\"https:\/\/footamateur.ouest-france.fr\/categories\/nationaux\/dncg\/\" target=\"_blank\" rel=\"noreferrer noopener nofollow\"> DNCG<\/a>, le FC Rouen, le SC Aubagne Air-Bel et le Stade Briochin ont notamment vu leur masse salariale \u00eatre encadr\u00e9e.<\/strong><\/p>\n<p><strong>DECISION : Accepte le budget en l\u2019\u00e9tat.<br \/><\/strong>GOAL FUTSAL CLUB (D1 Futsal), ANDREZIEUX BOUTHEON FC (National 2), US SAINT-MALO (National 2) et FLEURY 91 FC (National 1).<\/p>\n<p><strong>DECISION : Encadrement de la masse salariale.<br \/><\/strong>STADE BRIOCHIN (National 1), US SAINT MAUR LUSITANOS (National 2), VOLTIGEURS DE CHATEAUBRIANT (National 2), SC AUBAGNE AIR BEL (National 1), FC ROUEN 1899 (National 1), STADE POITEVIN FC (National 2), RC GRASSE (National 2), GOAL FC (National 2) et JURA SUD FOOT (National 3).<\/p>\n<p><strong>DECISION : Sursis \u00e0 statuer.<br \/><\/strong>C\u2019CHARTRES FOOTBALL (National 3).<\/p>\n<p><a href=\"https:\/\/footamateur.ouest-france.fr\/author\/fred\/\" class=\"url\" title=\"Fr\u00e9d\u00e9ric Sougey\" rel=\"nofollow noopener\" target=\"_blank\"> <img decoding=\"async\" src=\"https:\/\/www.europesays.com\/fr\/wp-content\/uploads\/2025\/04\/gnlpcfya_400x400.jpg\" class=\"lazyload photo\" width=\"250\" alt=\"Fr\u00e9d\u00e9ric Sougey\"\/><\/a><\/p>\n<p>Journaliste chez Sports M\u00e9dia<\/p>\n<p>Elev\u00e9 au c\u0153ur des Alpes, Fred quitte (temporairement) son Grenoble ador\u00e9 pour pr\u00eater sa plume et son regard au monde amateur et plus particuli\u00e8rement au Championnat National dont il est un assidu observateur. Fan de tartiflette, de Karim Mokeddem et de Mulholland Drive. Les bonnes choses de la vie, en somme.<\/p>\n<p><a href=\"https:\/\/footamateur.ouest-france.fr\/author\/fred\/\" class=\"url\" title=\"Fr\u00e9d\u00e9ric Sougey\" rel=\"nofollow noopener\" target=\"_blank\"><img decoding=\"async\" src=\"https:\/\/www.europesays.com\/fr\/wp-content\/uploads\/2025\/04\/gnlpcfya_400x400.jpg\" class=\"lazyload photo\" width=\"250\" alt=\"Fr\u00e9d\u00e9ric Sougey\"\/><\/a>Les derniers articles par Fr\u00e9d\u00e9ric Sougey (<a href=\"https:\/\/footamateur.ouest-france.fr\/author\/fred\/\" rel=\"nofollow noopener\" target=\"_blank\">tout voir<\/a>)<\/p>\n","protected":false},"excerpt":{"rendered":"Rouen &#8211; Sochaux (Photo Philippe Le Brech) Dans les d\u00e9cision du 18 novembre 2025 de la Commission F\u00e9d\u00e9rale&hellip;\n","protected":false},"author":2,"featured_media":403123,"comment_status":"","ping_status":"","sticky":false,"template":"","format":"standard","meta":{"footnotes":""},"categories":[9587],"tags":[1111,11,1777,674,1011,27,12,5161,25,9590],"class_list":{"0":"post-543197","1":"post","2":"type-post","3":"status-publish","4":"format-standard","5":"has-post-thumbnail","7":"category-rouen","8":"tag-actu","9":"tag-actualites","10":"tag-eu","11":"tag-europe","12":"tag-fr","13":"tag-france","14":"tag-news","15":"tag-normandie","16":"tag-republique-francaise","17":"tag-rouen"},"share_on_mastodon":{"url":"https:\/\/pubeurope.com\/@fr\/115572585109468244","error":""},"_links":{"self":[{"href":"https:\/\/www.europesays.com\/fr\/wp-json\/wp\/v2\/posts\/543197","targetHints":{"allow":["GET"]}}],"collection":[{"href":"https:\/\/www.europesays.com\/fr\/wp-json\/wp\/v2\/posts"}],"about":[{"href":"https:\/\/www.europesays.com\/fr\/wp-json\/wp\/v2\/types\/post"}],"author":[{"embeddable":true,"href":"https:\/\/www.europesays.com\/fr\/wp-json\/wp\/v2\/users\/2"}],"replies":[{"embeddable":true,"href":"https:\/\/www.europesays.com\/fr\/wp-json\/wp\/v2\/comments?post=543197"}],"version-history":[{"count":0,"href":"https:\/\/www.europesays.com\/fr\/wp-json\/wp\/v2\/posts\/543197\/revisions"}],"wp:featuredmedia":[{"embeddable":true,"href":"https:\/\/www.europesays.com\/fr\/wp-json\/wp\/v2\/media\/403123"}],"wp:attachment":[{"href":"https:\/\/www.europesays.com\/fr\/wp-json\/wp\/v2\/media?parent=543197"}],"wp:term":[{"taxonomy":"category","embeddable":true,"href":"https:\/\/www.europesays.com\/fr\/wp-json\/wp\/v2\/categories?post=543197"},{"taxonomy":"post_tag","embeddable":true,"href":"https:\/\/www.europesays.com\/fr\/wp-json\/wp\/v2\/tags?post=543197"}],"curies":[{"name":"wp","href":"https:\/\/api.w.org\/{rel}","templated":true}]}}