{"id":543198,"date":"2025-11-18T20:27:53","date_gmt":"2025-11-18T20:27:53","guid":{"rendered":"https:\/\/www.europesays.com\/fr\/543198\/"},"modified":"2025-11-18T20:27:53","modified_gmt":"2025-11-18T20:27:53","slug":"fontaine-un-policier-municipal-legerement-blesse-en-intervenant-sur-un-rodeo-a-moto","status":"publish","type":"post","link":"https:\/\/www.europesays.com\/fr\/543198\/","title":{"rendered":"Fontaine. Un policier municipal l\u00e9g\u00e8rement bless\u00e9 en intervenant sur un rod\u00e9o \u00e0 moto"},"content":{"rendered":"<p>Des policiers municipaux ont \u00e9t\u00e9 violemment pris \u00e0 partie mardi en d\u00e9but d\u2019apr\u00e8s-midi, mail Marcel-Cachin \u00e0 Fontaine, par plusieurs jeunes gens alors qu\u2019ils proc\u00e9daient \u00e0 l\u2019interpellation d\u2019un suspect qui faisait du rod\u00e9o \u00e0 moto. L\u2019un des agents a m\u00eame \u00e9t\u00e9 bless\u00e9 apr\u00e8s avoir \u00e9t\u00e9 tra\u00een\u00e9 au sol. Il a \u00e9t\u00e9 victime de dermabrasions. Un suspect \u00e2g\u00e9 de 21 ans a \u00e9t\u00e9 plac\u00e9 en garde \u00e0 vue dans les locaux de la police nationale.<\/p>\n","protected":false},"excerpt":{"rendered":"Des policiers municipaux ont \u00e9t\u00e9 violemment pris \u00e0 partie mardi en d\u00e9but d\u2019apr\u00e8s-midi, mail Marcel-Cachin \u00e0 Fontaine, par&hellip;\n","protected":false},"author":2,"featured_media":543199,"comment_status":"","ping_status":"","sticky":false,"template":"","format":"standard","meta":{"footnotes":""},"categories":[9566],"tags":[1111,11,2430,271,272,112,1777,674,274,9592,11680,1011,27,2731,108,12,25],"class_list":{"0":"post-543198","1":"post","2":"type-post","3":"status-publish","4":"format-standard","5":"has-post-thumbnail","7":"category-grenoble","8":"tag-actu","9":"tag-actualites","10":"tag-auvergne-rhone-alpes","11":"tag-crime","12":"tag-delit-et-contravention","13":"tag-edition-grenoble-agglomeration","14":"tag-eu","15":"tag-europe","16":"tag-faits-divers-justice","17":"tag-fontaine","18":"tag-fontaine-bassin","19":"tag-fr","20":"tag-france","21":"tag-grenoble","22":"tag-isere","23":"tag-news","24":"tag-republique-francaise"},"share_on_mastodon":{"url":"https:\/\/pubeurope.com\/@fr\/115572592012617964","error":""},"_links":{"self":[{"href":"https:\/\/www.europesays.com\/fr\/wp-json\/wp\/v2\/posts\/543198","targetHints":{"allow":["GET"]}}],"collection":[{"href":"https:\/\/www.europesays.com\/fr\/wp-json\/wp\/v2\/posts"}],"about":[{"href":"https:\/\/www.europesays.com\/fr\/wp-json\/wp\/v2\/types\/post"}],"author":[{"embeddable":true,"href":"https:\/\/www.europesays.com\/fr\/wp-json\/wp\/v2\/users\/2"}],"replies":[{"embeddable":true,"href":"https:\/\/www.europesays.com\/fr\/wp-json\/wp\/v2\/comments?post=543198"}],"version-history":[{"count":0,"href":"https:\/\/www.europesays.com\/fr\/wp-json\/wp\/v2\/posts\/543198\/revisions"}],"wp:featuredmedia":[{"embeddable":true,"href":"https:\/\/www.europesays.com\/fr\/wp-json\/wp\/v2\/media\/543199"}],"wp:attachment":[{"href":"https:\/\/www.europesays.com\/fr\/wp-json\/wp\/v2\/media?parent=543198"}],"wp:term":[{"taxonomy":"category","embeddable":true,"href":"https:\/\/www.europesays.com\/fr\/wp-json\/wp\/v2\/categories?post=543198"},{"taxonomy":"post_tag","embeddable":true,"href":"https:\/\/www.europesays.com\/fr\/wp-json\/wp\/v2\/tags?post=543198"}],"curies":[{"name":"wp","href":"https:\/\/api.w.org\/{rel}","templated":true}]}}