{"id":543200,"date":"2025-11-18T20:29:26","date_gmt":"2025-11-18T20:29:26","guid":{"rendered":"https:\/\/www.europesays.com\/fr\/543200\/"},"modified":"2025-11-18T20:29:26","modified_gmt":"2025-11-18T20:29:26","slug":"hockey-sur-glace-chl-grenoble-passe-a-un-but-de-lexploit-contre-frolunda-laventure-europeenne-sarrete-en-8e-de-finale","status":"publish","type":"post","link":"https:\/\/www.europesays.com\/fr\/543200\/","title":{"rendered":"Hockey sur glace &#8211; CHL. Grenoble passe \u00e0 un but de l&rsquo;exploit contre Fr\u00f6lunda\u00a0: l&rsquo;aventure europ\u00e9enne s&rsquo;arr\u00eate en 8e de finale"},"content":{"rendered":"<p>Apr\u00e8s l&rsquo;\u00e8re finlandaise au d\u00e9but de la d\u00e9cennie, Grenoble est pass\u00e9 depuis peu dans une \u00e8re su\u00e9doise. En effet, pas moins de cinq joueurs sont originaires du pays allong\u00e9\u00a0: les d\u00e9fenseurs Alexis Binner et Pontus Englund, ainsi que les attaquants Martin Karlsson et Fredric Weigl.<\/p>\n<p>Un recrutement scandinave li\u00e9 \u00e0 la pr\u00e9sence de l&rsquo;entra\u00eeneur en chef Per Hanberg, lui originaire de Stockholm.\u00a0\u00ab\u00a0Ce qui est particulier, c\u2019est qu\u2019il fait tr\u00e8s chaud quand on joue sur cette glace. Les gens font beaucoup de bruit, il y a une atmosph\u00e8re unique. On a h\u00e2te d\u2019y \u00eatre\u00a0\u00bb, s&rsquo;impatientait, lundi, Martin Karlsson.<\/p>\n","protected":false},"excerpt":{"rendered":"Apr\u00e8s l&rsquo;\u00e8re finlandaise au d\u00e9but de la d\u00e9cennie, Grenoble est pass\u00e9 depuis peu dans une \u00e8re su\u00e9doise. En&hellip;\n","protected":false},"author":2,"featured_media":543201,"comment_status":"","ping_status":"","sticky":false,"template":"","format":"standard","meta":{"footnotes":""},"categories":[9566],"tags":[1111,11,2430,3545,112,1777,674,107,1701,1011,27,2731,2732,4133,10145,108,12,25,517,1947],"class_list":{"0":"post-543200","1":"post","2":"type-post","3":"status-publish","4":"format-standard","5":"has-post-thumbnail","7":"category-grenoble","8":"tag-actu","9":"tag-actualites","10":"tag-auvergne-rhone-alpes","11":"tag-direct-sport","12":"tag-edition-grenoble-agglomeration","13":"tag-eu","14":"tag-europe","15":"tag-fil-info","16":"tag-fil-info-sport","17":"tag-fr","18":"tag-france","19":"tag-grenoble","20":"tag-grenoble-bassin","21":"tag-hockey-sur-glace","22":"tag-hockey-sur-glace-grenoble","23":"tag-isere","24":"tag-news","25":"tag-republique-francaise","26":"tag-sport","27":"tag-sport-national"},"share_on_mastodon":{"url":"https:\/\/pubeurope.com\/@fr\/115572596129950827","error":""},"_links":{"self":[{"href":"https:\/\/www.europesays.com\/fr\/wp-json\/wp\/v2\/posts\/543200","targetHints":{"allow":["GET"]}}],"collection":[{"href":"https:\/\/www.europesays.com\/fr\/wp-json\/wp\/v2\/posts"}],"about":[{"href":"https:\/\/www.europesays.com\/fr\/wp-json\/wp\/v2\/types\/post"}],"author":[{"embeddable":true,"href":"https:\/\/www.europesays.com\/fr\/wp-json\/wp\/v2\/users\/2"}],"replies":[{"embeddable":true,"href":"https:\/\/www.europesays.com\/fr\/wp-json\/wp\/v2\/comments?post=543200"}],"version-history":[{"count":0,"href":"https:\/\/www.europesays.com\/fr\/wp-json\/wp\/v2\/posts\/543200\/revisions"}],"wp:featuredmedia":[{"embeddable":true,"href":"https:\/\/www.europesays.com\/fr\/wp-json\/wp\/v2\/media\/543201"}],"wp:attachment":[{"href":"https:\/\/www.europesays.com\/fr\/wp-json\/wp\/v2\/media?parent=543200"}],"wp:term":[{"taxonomy":"category","embeddable":true,"href":"https:\/\/www.europesays.com\/fr\/wp-json\/wp\/v2\/categories?post=543200"},{"taxonomy":"post_tag","embeddable":true,"href":"https:\/\/www.europesays.com\/fr\/wp-json\/wp\/v2\/tags?post=543200"}],"curies":[{"name":"wp","href":"https:\/\/api.w.org\/{rel}","templated":true}]}}