{"id":543205,"date":"2025-11-18T20:33:26","date_gmt":"2025-11-18T20:33:26","guid":{"rendered":"https:\/\/www.europesays.com\/fr\/543205\/"},"modified":"2025-11-18T20:33:26","modified_gmt":"2025-11-18T20:33:26","slug":"rassemblement-a-sciences-po-contre-la-surveillance-dune-chercheuse-sur-la-palestine","status":"publish","type":"post","link":"https:\/\/www.europesays.com\/fr\/543205\/","title":{"rendered":"Rassemblement \u00e0 Sciences Po contre la surveillance d&rsquo;une chercheuse sur la Palestine"},"content":{"rendered":"<p class=\"wp-block-post-excerpt__excerpt\">Le collectif des \u00e9tudiants mobilis\u00e9s de Sciences Po appelle \u00e0 un rassemblement mercredi 19 novembre \u00e0 midi devant le Cardo. Ils d\u00e9noncent une atteinte \u00e0 la libert\u00e9 acad\u00e9mique de leur directeur, qui s\u2019est m\u00e9fi\u00e9 de la venue d\u2019une chercheuse \u00e0 l\u2019IEP. <\/p>\n<p class=\"font-sans\">\n\t\t\tCet article est en acc\u00e8s libre. Pour soutenir Rue89 Strasbourg,<br \/>\n\t\t\t<a class=\"underline\" href=\"https:\/\/www.rue89strasbourg.com\/abonnement\" target=\"_blank\" rel=\"noopener\">abonnez-vous<\/a>.\n\t\t<\/p>\n<p>Antoine Hild<\/p>\n<p>Publi\u00e9 le 18 novembre 2025\u00a0\u00a0\u00b7\u00a0\u00a0<\/p>\n<p>Imprim\u00e9 le 18 novembre 2025 \u00e0 21h22\u00a0\u00a0\u00b7\u00a0\u00a0<\/p>\n<p>Modifi\u00e9 le 18 novembre 2025\u00a0\u00a0\u00b7\u00a0\u00a0<\/p>\n<p>\t\t\t\t\t1\u00a0minute\n<\/p>\n<p>Dans une <a href=\"https:\/\/aurdip.org\/signature-de-la-tribune-pour-defendre-la-liberte-academique-a-sciences-po-strasbourg\/\" target=\"_blank\" rel=\"noopener\">tribune<\/a>, les \u00e9tudiants et \u00e9tudiantes mobilis\u00e9s de Sciences Po Strasbourg appellent \u00e0 un rassemblement mercredi 19 novembre devant le b\u00e2timent du Cardo, pour d\u00e9noncer le comportement de leur directeur, Emmanuel Droit. <\/p>\n<p>Le 8 novembre 2025, le nouveau directeur de l\u2019Institut d\u2019\u00e9tudes politiques (IEP) Emmanuel Droit avait contact\u00e9 le R\u00e9seau contre le racisme et l\u2019antis\u00e9mitisme (RAA) pour se renseigner sur St\u00e9phanie Latte-Abdallah, directrice de recherche au CNRS. L\u2019enseignante-chercheuse devait intervenir \u00e0 l\u2019IEP pour une conf\u00e9rence intitul\u00e9e \u00ab\u00a0Les sciences sociales dans les soci\u00e9t\u00e9s en Guerre : Gaza, Cisjordanie\u00a0\u00bb. Pr\u00e9vue en septembre, elle a \u00e9t\u00e9 report\u00e9e pour raisons m\u00e9dicales.<\/p>\n<p><a href=\"https:\/\/www.rue89strasbourg.com\/livrets-enquetes-librairie-363522\" target=\"_blank\" rel=\" noreferrer noopener\"><img loading=\"lazy\" decoding=\"async\" width=\"970\" height=\"250\" src=\"https:\/\/www.europesays.com\/fr\/wp-content\/uploads\/2025\/11\/copie-de-copie-de-bannie\u0300re-nl-lpl-970-x-250-px.png\" alt=\"\" class=\"wp-image-366707\" style=\"object-fit:cover;width:970px;height:250px\"  \/><\/a><\/p>\n<p>Comportement inquisiteur<\/p>\n<p>Dans <a href=\"https:\/\/www.blast-info.fr\/articles\/2025\/colloque-annule-au-college-de-france-les-manoeuvres-duniversitaires-pro-israel-LOpYTQPJTzWaJ9eNg938wg\" target=\"_blank\" rel=\"noopener\">ces \u00e9changes<\/a> r\u00e9v\u00e9l\u00e9s par Blast, Emmanuel Droit demandait au RAA\u00a0:<\/p>\n<blockquote class=\"wp-block-quote is-layout-flow wp-block-quote-is-layout-flow\">\n<p>\u00ab\u00a0Que savez-vous \u00e0 propos de St\u00e9phanie Latte-Abdallah ? (\u2026) Si jamais vous avez des infos sur cette chercheuse me permettant d\u2019alerter la pr\u00e9sidence de l\u2019Unistra, je vous en serai reconnaissant.\u00a0\u00bb<\/p>\n<\/blockquote>\n<p>Selon le collectif \u00e9tudiant, ces r\u00e9v\u00e9lations r\u00e9v\u00e8lent <a href=\"https:\/\/www.rue89strasbourg.com\/sciences-po-strasbourg-emmanuel-droit-palestine-366328\" target=\"_blank\" rel=\"noopener\">le comportement inquisiteur<\/a> d\u2019Emmanuel Droit\u00a0: Latte-Abdallah y est d\u00e9crite \u00ab\u00a0comme une militante pro-palestinienne, \u00e9tant elle-m\u00eame d\u2019origine palestinienne [\u2026] n\u2019ayant que le mot g\u00e9nocide \u00e0 la bouche\u00a0\u00bb. De son c\u00f4t\u00e9, Emmanuel Droit <a href=\"https:\/\/www.rue89strasbourg.com\/sciences-po-strasbourg-emmanuel-droit-palestine-366328\" target=\"_blank\" rel=\"noreferrer noopener\">assure<\/a> que ces messages \u00ab\u00a0n\u2019avaient vocation qu\u2019\u00e0 mesurer les \u00e9ventuels risques s\u00e9curitaires pos\u00e9s par la conf\u00e9rence\u00a0\u00bb.<\/p>\n<p>Le rassemblement des \u00e9tudiants s\u2019inscrit dans le contexte de <a href=\"https:\/\/www.blast-info.fr\/articles\/2025\/colloque-annule-au-college-de-france-les-manoeuvres-duniversitaires-pro-israel-LOpYTQPJTzWaJ9eNg938wg\" target=\"_blank\" rel=\"noopener\">l\u2019annulation<\/a> au coll\u00e8ge de France du colloque \u00ab\u00a0Palestine et Europe\u00a0\u00bb co-organis\u00e9 par l\u2019historien Henry Laurens. L\u2019\u00e9v\u00e8nement <a href=\"https:\/\/www.lepoint.fr\/societe\/pourquoi-le-colloque-palestine-et-europe-au-college-de-france-fait-il-polemique-07-11-2025-2602658_23.php\" target=\"_blank\" rel=\"noreferrer noopener\">avait \u00e9t\u00e9 d\u00e9crit par Le Point<\/a> comme \u00ab\u00a0un colloque propalestinien \u00e0 haut risque\u00a0\u00bb et \u00ab\u00a0\u00e0 tendance pro-Hamas\u00a0\u00bb. Il s\u2019est finalement <a href=\"https:\/\/www.lemonde.fr\/campus\/article\/2025\/11\/12\/le-colloque-sur-la-palestine-annule-par-le-college-de-france-finalement-organise-dans-un-autre-lieu_6653134_4401467.html?search-type=classic&amp;ise_click_rank=2\" target=\"_blank\" rel=\"noopener\">d\u00e9roul\u00e9<\/a> les 13 et 14 novembre au Centre arabe de recherches et d\u2019\u00e9tudes politiques (Carep) de Paris.<\/p>\n<p>Y <strong>aller<\/strong><\/p>\n<p>Rassemblement pour d\u00e9fendre la libert\u00e9 acad\u00e9mique, mercredi 19 novembre 2025 \u00e0 12h, Sciences Po Strasbourg, au Cardo, 7 rue de l\u2019\u00c9carlate.<\/p>\n","protected":false},"excerpt":{"rendered":"Le collectif des \u00e9tudiants mobilis\u00e9s de Sciences Po appelle \u00e0 un rassemblement mercredi 19 novembre \u00e0 midi devant&hellip;\n","protected":false},"author":2,"featured_media":543206,"comment_status":"","ping_status":"","sticky":false,"template":"","format":"standard","meta":{"footnotes":""},"categories":[2820],"tags":[1111,11,1777,674,1011,27,775,2088,12,3518,3919,25,5700,640],"class_list":{"0":"post-543205","1":"post","2":"type-post","3":"status-publish","4":"format-standard","5":"has-post-thumbnail","7":"category-strasbourg","8":"tag-actu","9":"tag-actualites","10":"tag-eu","11":"tag-europe","12":"tag-fr","13":"tag-france","14":"tag-grand-est","15":"tag-manifestation","16":"tag-news","17":"tag-palestine","18":"tag-rassemblement","19":"tag-republique-francaise","20":"tag-sciences-po-strasbourg","21":"tag-strasbourg"},"share_on_mastodon":{"url":"https:\/\/pubeurope.com\/@fr\/115572612571777433","error":""},"_links":{"self":[{"href":"https:\/\/www.europesays.com\/fr\/wp-json\/wp\/v2\/posts\/543205","targetHints":{"allow":["GET"]}}],"collection":[{"href":"https:\/\/www.europesays.com\/fr\/wp-json\/wp\/v2\/posts"}],"about":[{"href":"https:\/\/www.europesays.com\/fr\/wp-json\/wp\/v2\/types\/post"}],"author":[{"embeddable":true,"href":"https:\/\/www.europesays.com\/fr\/wp-json\/wp\/v2\/users\/2"}],"replies":[{"embeddable":true,"href":"https:\/\/www.europesays.com\/fr\/wp-json\/wp\/v2\/comments?post=543205"}],"version-history":[{"count":0,"href":"https:\/\/www.europesays.com\/fr\/wp-json\/wp\/v2\/posts\/543205\/revisions"}],"wp:featuredmedia":[{"embeddable":true,"href":"https:\/\/www.europesays.com\/fr\/wp-json\/wp\/v2\/media\/543206"}],"wp:attachment":[{"href":"https:\/\/www.europesays.com\/fr\/wp-json\/wp\/v2\/media?parent=543205"}],"wp:term":[{"taxonomy":"category","embeddable":true,"href":"https:\/\/www.europesays.com\/fr\/wp-json\/wp\/v2\/categories?post=543205"},{"taxonomy":"post_tag","embeddable":true,"href":"https:\/\/www.europesays.com\/fr\/wp-json\/wp\/v2\/tags?post=543205"}],"curies":[{"name":"wp","href":"https:\/\/api.w.org\/{rel}","templated":true}]}}