{"id":543207,"date":"2025-11-18T20:34:14","date_gmt":"2025-11-18T20:34:14","guid":{"rendered":"https:\/\/www.europesays.com\/fr\/543207\/"},"modified":"2025-11-18T20:34:14","modified_gmt":"2025-11-18T20:34:14","slug":"ligue-1-rabby-nzingoula-le-milieu-du-racing-club-de-strasbourg-est-un-faux-bad-boy","status":"publish","type":"post","link":"https:\/\/www.europesays.com\/fr\/543207\/","title":{"rendered":"Ligue 1. Rabby Nzingoula, le milieu du Racing club de Strasbourg, est un faux \u201cbad boy\u201d"},"content":{"rendered":"<p>Son retour en Ligue\u200a1 sous le maillot du Racing, le 31\u00a0ao\u00fbt dernier \u00e0 Monaco lors de la 3e\u00a0journ\u00e9e, Rabby Nzingoula l\u2019imaginait certainement moins tumultueux.<\/p>\n<p>Entr\u00e9 en toute fin de match trois jours plus t\u00f4t \u00e0 Brondby pour s\u00e9curiser la victoire dans la seconde manche du barrage de Ligue Conf\u00e9rence (1-2), le natif de Lille l\u2019a fait \u00e0 Louis-II \u00e0 la 90e+2 dans un contexte tout aussi lourd sur la pelouse qu\u2019en banlieue de Copenhague.<\/p>\n<p>\u00ab\u200aLe rouge \u00e0 Monaco, j\u2019\u00e9tais un peu \u00e0 bout et j\u2019ai tr\u00e8s mal g\u00e9r\u00e9 mes \u00e9motions\u200a\u00bb<\/p>\n<p>Revenu \u00e0 2-2 \u00e0 la 76e, le Racing est pi\u00e9g\u00e9 \u00e0 la 90e+6 (3-2) et la rencontre se tend dans les ultimes minutes. \u00c0 la lutte avec Jordan Teze le long de la ligne de touche, Rabby Nzingoula a perdu son sang-froid apr\u00e8s un contact, envoyant une \u201cbalayette\u201d d\u2019\u00e9cole au Mon\u00e9gasque.<\/p>\n<p>Bilan\u200a: trois matches fermes de suspension juste avant de partir \u00e0 la Coupe du monde U20. Au Chili, les Bleuets se hissent en demi-finale \u00e0 Valparaiso o\u00f9, patatras, le Racingman \u00e9cope en prolongation de deux cartons&#8230;<\/p>\n","protected":false},"excerpt":{"rendered":"Son retour en Ligue\u200a1 sous le maillot du Racing, le 31\u00a0ao\u00fbt dernier \u00e0 Monaco lors de la 3e\u00a0journ\u00e9e,&hellip;\n","protected":false},"author":2,"featured_media":543208,"comment_status":"","ping_status":"","sticky":false,"template":"","format":"standard","meta":{"footnotes":""},"categories":[2820],"tags":[1111,11,2389,2649,2880,1777,674,107,1011,27,775,12,41281,25,4604,517,640],"class_list":{"0":"post-543207","1":"post","2":"type-post","3":"status-publish","4":"format-standard","5":"has-post-thumbnail","7":"category-strasbourg","8":"tag-actu","9":"tag-actualites","10":"tag-alsace","11":"tag-bas-rhin","12":"tag-edition-strasbourg","13":"tag-eu","14":"tag-europe","15":"tag-fil-info","16":"tag-fr","17":"tag-france","18":"tag-grand-est","19":"tag-news","20":"tag-racing-club-strasbourg-masculin","21":"tag-republique-francaise","22":"tag-selection-abonne","23":"tag-sport","24":"tag-strasbourg"},"share_on_mastodon":{"url":"https:\/\/pubeurope.com\/@fr\/115572615844177888","error":""},"_links":{"self":[{"href":"https:\/\/www.europesays.com\/fr\/wp-json\/wp\/v2\/posts\/543207","targetHints":{"allow":["GET"]}}],"collection":[{"href":"https:\/\/www.europesays.com\/fr\/wp-json\/wp\/v2\/posts"}],"about":[{"href":"https:\/\/www.europesays.com\/fr\/wp-json\/wp\/v2\/types\/post"}],"author":[{"embeddable":true,"href":"https:\/\/www.europesays.com\/fr\/wp-json\/wp\/v2\/users\/2"}],"replies":[{"embeddable":true,"href":"https:\/\/www.europesays.com\/fr\/wp-json\/wp\/v2\/comments?post=543207"}],"version-history":[{"count":0,"href":"https:\/\/www.europesays.com\/fr\/wp-json\/wp\/v2\/posts\/543207\/revisions"}],"wp:featuredmedia":[{"embeddable":true,"href":"https:\/\/www.europesays.com\/fr\/wp-json\/wp\/v2\/media\/543208"}],"wp:attachment":[{"href":"https:\/\/www.europesays.com\/fr\/wp-json\/wp\/v2\/media?parent=543207"}],"wp:term":[{"taxonomy":"category","embeddable":true,"href":"https:\/\/www.europesays.com\/fr\/wp-json\/wp\/v2\/categories?post=543207"},{"taxonomy":"post_tag","embeddable":true,"href":"https:\/\/www.europesays.com\/fr\/wp-json\/wp\/v2\/tags?post=543207"}],"curies":[{"name":"wp","href":"https:\/\/api.w.org\/{rel}","templated":true}]}}