{"id":543227,"date":"2025-11-18T20:44:16","date_gmt":"2025-11-18T20:44:16","guid":{"rendered":"https:\/\/www.europesays.com\/fr\/543227\/"},"modified":"2025-11-18T20:44:16","modified_gmt":"2025-11-18T20:44:16","slug":"olivier-letang-lourdement-sanctionne-par-luefa-france-lille","status":"publish","type":"post","link":"https:\/\/www.europesays.com\/fr\/543227\/","title":{"rendered":"Olivier L\u00e9tang lourdement sanctionn\u00e9 par l\u2019UEFA &#8211; France &#8211; Lille"},"content":{"rendered":"<p>Apr\u00e8s la suspension, l\u2019amende.<\/p>\n<p><a target=\"_blank\" href=\"https:\/\/www.lequipe.fr\/Football\/Actualites\/La-commission-de-discipline-de-l-uefa-inflige-une-amende-de-10-000-euros-a-olivier-letang-pour-son-comportement-lors-de-lille-paok\/1610686\" rel=\"nofollow noopener\">Selon L\u2019\u00c9quipe<\/a>, le pr\u00e9sident du LOSC, <strong>Olivier L\u00e9tang, a \u00e9t\u00e9 condamn\u00e9 par la commission de discipline de l\u2019UEFA \u00e0 verser une amende de 10 000 euros<\/strong>. Le pr\u00e9sident lillois avait vivement critiqu\u00e9 l\u2019arbitrage de Nikola Dabanovi\u0107 \u00e0 la mi-temps de la rencontre entre Lille et le PAOK lors de la troisi\u00e8me journ\u00e9e de Ligue Europa (3-4). L\u2019ancien pr\u00e9sident du Stade rennais avait attendu l\u2019arbitre mont\u00e9n\u00e9grin dans les couloirs du stade Pierre-Mauroy pour lui indiquer qu\u2019il s\u2019\u00e9tait d\u00e9j\u00e0 plaint <a target=\"_blank\" href=\"https:\/\/www.sofoot.com\/breves\/olivier-letang-president-lillois-se-plaint-de-larbitrage-contre-le-paok-en-ligue-europa-jai-deja-ecrit-a-ceferin\" rel=\"nofollow noopener\">de ses d\u00e9cisions \u00e0 Aleksander \u010ceferin<\/a>.<\/p>\n<p>Le penalty de la discorde<\/p>\n<p>L\u2019origine du courroux du dirigeant lillois remonte <strong>au refus de l\u2019arbitre du soir d\u2019accorder un penalty aux Lillois<\/strong> alors qu\u2019ils \u00e9taient d\u00e9j\u00e0 men\u00e9s de deux buts peu avant la mi-temps. La direction de l\u2019arbitrage de l\u2019UEFA a donc confirm\u00e9 cette d\u00e9cision a posteriori. Olivier L\u00e9tang n\u2019a pas \u00e9t\u00e9 le seul condamn\u00e9 par l\u2019UEFA, puisque, toujours selon L\u2019\u00c9quipe,<strong> Lille a \u00e9t\u00e9 condamn\u00e9<\/strong> \u00e0 une amende de 11 500 euros \u00ab\u00a0pour utilisation de feux d\u2019artifice\u00a0\u00bb, \u00e0 laquelle s\u2019ajoute\u00a0une autre de 22 000 \u20ac pour\u00a0\u00ab\u00a0entrave \u00e0 la circulation\u00a0\u00bb dans l\u2019enceinte des Dogues. De son c\u00f4t\u00e9,<strong> le PAOK a aussi \u00e9t\u00e9 condamn\u00e9<\/strong> \u00e0 verser une amende de 8 000 euros pour \u00ab\u00a0actes de d\u00e9gradation\u00a0\u00bb.<\/p>\n<p>Cumul des peines.<\/p>\n<p>\t\t\t\t\t\t\t\t\t\t<a class=\"lien-connexe\" href=\"https:\/\/www.sofoot.com\/breves\/pluie-de-sanctions-en-ligue-1-apres-la-commission-de-discipline\" rel=\"nofollow noopener\" target=\"_blank\">Pluie de sanctions en Ligue 1 apr\u00e8s la commission de discipline<\/a>\t\t\t\t\t<\/p>\n","protected":false},"excerpt":{"rendered":"Apr\u00e8s la suspension, l\u2019amende. Selon L\u2019\u00c9quipe, le pr\u00e9sident du LOSC, Olivier L\u00e9tang, a \u00e9t\u00e9 condamn\u00e9 par la commission&hellip;\n","protected":false},"author":2,"featured_media":543228,"comment_status":"","ping_status":"","sticky":false,"template":"","format":"standard","meta":{"footnotes":""},"categories":[2815],"tags":[1111,47,11,61,69,65,64,1777,674,63,1011,27,811,68,66,1307,12,62,70,25,67],"class_list":{"0":"post-543227","1":"post","2":"type-post","3":"status-publish","4":"format-standard","5":"has-post-thumbnail","7":"category-lille","8":"tag-actu","9":"tag-actualite","10":"tag-actualites","11":"tag-actus-football","12":"tag-bundesliga","13":"tag-championnats-europeens","14":"tag-equipe-de-france","15":"tag-eu","16":"tag-europe","17":"tag-football","18":"tag-fr","19":"tag-france","20":"tag-hauts-de-france","21":"tag-ligua","22":"tag-ligue-1","23":"tag-lille","24":"tag-news","25":"tag-news-foot","26":"tag-premier-league","27":"tag-republique-francaise","28":"tag-serie-a"},"share_on_mastodon":{"url":"https:\/\/pubeurope.com\/@fr\/115572655045654499","error":""},"_links":{"self":[{"href":"https:\/\/www.europesays.com\/fr\/wp-json\/wp\/v2\/posts\/543227","targetHints":{"allow":["GET"]}}],"collection":[{"href":"https:\/\/www.europesays.com\/fr\/wp-json\/wp\/v2\/posts"}],"about":[{"href":"https:\/\/www.europesays.com\/fr\/wp-json\/wp\/v2\/types\/post"}],"author":[{"embeddable":true,"href":"https:\/\/www.europesays.com\/fr\/wp-json\/wp\/v2\/users\/2"}],"replies":[{"embeddable":true,"href":"https:\/\/www.europesays.com\/fr\/wp-json\/wp\/v2\/comments?post=543227"}],"version-history":[{"count":0,"href":"https:\/\/www.europesays.com\/fr\/wp-json\/wp\/v2\/posts\/543227\/revisions"}],"wp:featuredmedia":[{"embeddable":true,"href":"https:\/\/www.europesays.com\/fr\/wp-json\/wp\/v2\/media\/543228"}],"wp:attachment":[{"href":"https:\/\/www.europesays.com\/fr\/wp-json\/wp\/v2\/media?parent=543227"}],"wp:term":[{"taxonomy":"category","embeddable":true,"href":"https:\/\/www.europesays.com\/fr\/wp-json\/wp\/v2\/categories?post=543227"},{"taxonomy":"post_tag","embeddable":true,"href":"https:\/\/www.europesays.com\/fr\/wp-json\/wp\/v2\/tags?post=543227"}],"curies":[{"name":"wp","href":"https:\/\/api.w.org\/{rel}","templated":true}]}}