{"id":543229,"date":"2025-11-18T20:45:30","date_gmt":"2025-11-18T20:45:30","guid":{"rendered":"https:\/\/www.europesays.com\/fr\/543229\/"},"modified":"2025-11-18T20:45:30","modified_gmt":"2025-11-18T20:45:30","slug":"boni-un-nouveau-heros-de-polar-marseillais-sort-en-librairie","status":"publish","type":"post","link":"https:\/\/www.europesays.com\/fr\/543229\/","title":{"rendered":"Boni, un nouveau h\u00e9ros de polar marseillais, sort en librairie"},"content":{"rendered":"<p class=\"paragraph text_align_left lp-f-body-02\">Attention (m\u00e8fi, comme on dit \u00e0 Marseille) au gabian noir ! Un nouveau h\u00e9ros de polar est n\u00e9 dans la cit\u00e9 phoc\u00e9enne et en librairie : il s\u2019appelle Boni. Ce d\u00e9tective priv\u00e9 \u00ab ancr\u00e9 dans la ville \u00bb enqu\u00eate sur terre mais aussi dans les airs gr\u00e2ce \u00e0 un gabian apprivois\u00e9, le mot proven\u00e7al pour go\u00e9land. Ce sont les protagonistes du roman \u00ab Le gabian noir, Le Crime de l\u2019Horloger \u00bb, premier opus d\u2019une s\u00e9rie de livres qui s\u2019annonce longue (25 \u20ac, \u00c9ditions M\u00e9dia).<\/p>\n<p class=\"paragraph text_align_left lp-f-body-02\">Derri\u00e8re Boni et son oiseau, trois auteurs phoc\u00e9ens avertis. Fran\u00e7ois Missen qui, \u00e0 92 ans, est le seul journaliste au monde \u00e0 avoir \u00e9t\u00e9 distingu\u00e9 \u00e0 la fois par le prix Albert-Londres et le prix Pulitzer, Denis Trossero, journaliste sp\u00e9cialiste du grand banditisme au quotidien La Provence pendant 36 ans et Boniface Alfonsi, authentique d\u00e9tective priv\u00e9 \u00e0 Marseille pendant 40 ans, un temps \u00e0 la t\u00eate de cinq agences disposant d\u2019agr\u00e9ment pr\u00e9fectoraux.<\/p>\n<p class=\"paragraph text_align_left lp-f-body-02\">Pour le sc\u00e9nario de ce premier ouvrage qui, sur 175 pages, m\u00eale textes et dessins sign\u00e9s Boniface Alfonsi, les auteurs se sont inspir\u00e9s d\u2019histoires r\u00e9elles sur lesquelles ils ont travaill\u00e9, tout en les roman\u00e7ant\u2026 M\u00eame si le priv\u00e9 accompagn\u00e9 de son volatile, qu\u2019il a recueilli et apprivois\u00e9 apr\u00e8s une blessure, porte le nom assez reconnaissable de Boni et que son physique est le portrait crach\u00e9 de son dessinateur.<\/p>\n<p>\u00ab On a mis quelques affaires que j\u2019avais vraiment trait\u00e9es \u00bb<\/p>\n<p class=\"paragraph text_align_left lp-f-body-02\">Avec l\u2019aide de son go\u00e9land \u00e9quip\u00e9 d\u2019une cam\u00e9ra, qui lui sert de \u00ab drone \u00bb l\u00e0 o\u00f9 la simple filature est impossible, il enqu\u00eate, pour commencer, sur le braquage mortel d\u2019un horloger marseillais dont la montre s\u2019est arr\u00eat\u00e9e \u00e0 l\u2019heure du crime\u2026 Ou pas d\u2019ailleurs, car il faudra aller jusqu\u2019en Suisse pour apprendre les subtilit\u00e9s de la mesure du temps. Une histoire qui s\u2019inspire de plusieurs braquages sanglants de bijouteries qui avaient frapp\u00e9 la cit\u00e9 phoc\u00e9enne il y a plus d\u2019une d\u00e9cennie.<\/p>\n<p class=\"paragraph text_align_left lp-f-body-02\">\u00ab Bien s\u00fbr, cette s\u00e9rie de livres \u00e0 venir est un hommage \u00e0 Marseille, la plus belle ville de ma vie d\u2019o\u00f9 toutes les enqu\u00eates partiront, mais je me suis aussi souvenu que j\u2019avais vraiment recueilli et soign\u00e9 un gabian bless\u00e9 \u00bb, raconte Boniface Alfonsi, un \u00ab Corso-marseillais \u00bb de 75 ans qui s\u2019est adapt\u00e9 \u00e0 toutes les \u00e9volutions de son m\u00e9tier de d\u00e9tective priv\u00e9.<\/p>\n<p class=\"paragraph text_align_left lp-f-body-02\">\u00ab C\u2019est en rencontrant Fran\u00e7ois Missen que je me suis mis \u00e0 \u00e9crire, il m\u2019a encourag\u00e9 \u00e0 raconter les histoires que j\u2019avais v\u00e9cues. Quant au dessin, je le pratique depuis l\u2019enfance. Dans cette premi\u00e8re histoire, on a mis quelques affaires que j\u2019avais vraiment trait\u00e9es, en mixant tout \u00e7a et en changeant les noms. \u00bb<\/p>\n<p class=\"paragraph text_align_left lp-f-body-02\">\u00ab On avait envie de cr\u00e9er un d\u00e9tective dans la ville de Marseille, qui est un personnage majeur et incontournable \u00bb, confirme Fran\u00e7ois Missen qui d\u00e9borde de projets. \u00ab On est partis autour de faits divers et on a brod\u00e9. Boniface a apport\u00e9 toute son expertise, sa connaissance des m\u00e9canismes d\u2019une enqu\u00eate et nous avons construit une fiction autour. \u00bb<\/p>\n<p class=\"paragraph text_align_left lp-f-body-02\">Alors que le tome 2 est d\u00e9j\u00e0 annonc\u00e9 pour mars prochain, les auteurs fourbissent \u00e0 six mains leurs armes pour continuer \u00e0 c\u00e9l\u00e9brer \u00ab l\u2019amiti\u00e9 et la collaboration entre l\u2019homme et l\u2019oiseau \u00bb dans de nouvelles histoires. \u00ab On ne va pas se contenter des faits divers, on va \u00e9galement aborder d\u2019autres th\u00e8mes comme la politique ou les ph\u00e9nom\u00e8nes de soci\u00e9t\u00e9 \u00bb, pr\u00e9vient Denis Trossero. C\u2019est promis, \u00ab le Gabian va continuer de voler longtemps \u00bb.<\/p>\n","protected":false},"excerpt":{"rendered":"Attention (m\u00e8fi, comme on dit \u00e0 Marseille) au gabian noir ! Un nouveau h\u00e9ros de polar est n\u00e9&hellip;\n","protected":false},"author":2,"featured_media":543230,"comment_status":"","ping_status":"","sticky":false,"template":"","format":"standard","meta":{"footnotes":""},"categories":[2814],"tags":[1111,11,11004,872,459,1777,674,1011,27,884,12,882,25],"class_list":{"0":"post-543229","1":"post","2":"type-post","3":"status-publish","4":"format-standard","5":"has-post-thumbnail","7":"category-marseille","8":"tag-actu","9":"tag-actualites","10":"tag-bouches-du-rhone-13","11":"tag-culture-et-loisirs","12":"tag-departements-horsidfo","13":"tag-eu","14":"tag-europe","15":"tag-fr","16":"tag-france","17":"tag-marseille","18":"tag-news","19":"tag-provence-alpes-cote-dazur","20":"tag-republique-francaise"},"share_on_mastodon":{"url":"https:\/\/pubeurope.com\/@fr\/115572659195630922","error":""},"_links":{"self":[{"href":"https:\/\/www.europesays.com\/fr\/wp-json\/wp\/v2\/posts\/543229","targetHints":{"allow":["GET"]}}],"collection":[{"href":"https:\/\/www.europesays.com\/fr\/wp-json\/wp\/v2\/posts"}],"about":[{"href":"https:\/\/www.europesays.com\/fr\/wp-json\/wp\/v2\/types\/post"}],"author":[{"embeddable":true,"href":"https:\/\/www.europesays.com\/fr\/wp-json\/wp\/v2\/users\/2"}],"replies":[{"embeddable":true,"href":"https:\/\/www.europesays.com\/fr\/wp-json\/wp\/v2\/comments?post=543229"}],"version-history":[{"count":0,"href":"https:\/\/www.europesays.com\/fr\/wp-json\/wp\/v2\/posts\/543229\/revisions"}],"wp:featuredmedia":[{"embeddable":true,"href":"https:\/\/www.europesays.com\/fr\/wp-json\/wp\/v2\/media\/543230"}],"wp:attachment":[{"href":"https:\/\/www.europesays.com\/fr\/wp-json\/wp\/v2\/media?parent=543229"}],"wp:term":[{"taxonomy":"category","embeddable":true,"href":"https:\/\/www.europesays.com\/fr\/wp-json\/wp\/v2\/categories?post=543229"},{"taxonomy":"post_tag","embeddable":true,"href":"https:\/\/www.europesays.com\/fr\/wp-json\/wp\/v2\/tags?post=543229"}],"curies":[{"name":"wp","href":"https:\/\/api.w.org\/{rel}","templated":true}]}}