{"id":543231,"date":"2025-11-18T20:46:14","date_gmt":"2025-11-18T20:46:14","guid":{"rendered":"https:\/\/www.europesays.com\/fr\/543231\/"},"modified":"2025-11-18T20:46:14","modified_gmt":"2025-11-18T20:46:14","slug":"choquee-et-apeuree-marseille-essuie-ses-larmes-sous-haute-surveillance","status":"publish","type":"post","link":"https:\/\/www.europesays.com\/fr\/543231\/","title":{"rendered":"\u00ab\u00a0Choqu\u00e9e\u00a0\u00bb et \u00ab\u00a0apeur\u00e9e\u00a0\u00bb, Marseille essuie ses larmes sous haute surveillance"},"content":{"rendered":"<p> \u00abLe charbon 7\/7 &#8211; 24\/24h &#8211; c\u2019est par l\u00e0\u00a0\u00bb, renseigne un tag fait sans soin, comme il en existe des dizaines \u00e0 <a href=\"https:\/\/www.20minutes.fr\/marseille\/\" class=\"c-link c-link--is-underlined\" target=\"_blank\" rel=\"noopener\">Marseille<\/a>, et ici \u00e0 l\u2019entr\u00e9e de la cit\u00e9 Frais-Vallon, dans les <a href=\"https:\/\/www.20minutes.fr\/dossier\/quartiers_nord\" class=\"c-link c-link--is-underlined\" target=\"_blank\" rel=\"noopener\">quartiers nord<\/a>. Ce mardi, le porche o\u00f9 s\u2019affiche le menu des drogues est d\u00e9sert\u00e9. A 50 m\u00e8tres de l\u00e0, de l\u2019autre c\u00f4t\u00e9 du b\u00e2timent B, Amine Kessaci assiste \u00e0 la c\u00e9r\u00e9monie religieuse des obs\u00e8ques de son fr\u00e8re<a href=\"https:\/\/www.20minutes.fr\/faits_divers\/faits-divers-marseille\/4185587-20251114-marseille-sait-assassinat-frere-amine-kessaci-militant-politique-engage-contre-narcotrafic\" class=\"c-link c-link--is-underlined\" target=\"_blank\" rel=\"noopener\"> Mehdi, 20 ans, abattu ce jeudi de six balles de 9\u00a0mm, \u00e0 cinq cents m\u00e8tres de l\u00e0<\/a>, au volant de la voiture de sa s\u0153ur qu\u2019il venait de garer devant la pharmacie. Le deuxi\u00e8me des fr\u00e8res Kessaci \u00e0 \u00eatre assassin\u00e9 par le narcotrafic, apr\u00e8s l\u2019a\u00een\u00e9 Brahim, \u00e0 la fin de l\u2019ann\u00e9e\u00a02020. Mais si ce dernier a semble-t-il \u00e9t\u00e9 victime d\u2019un <a href=\"https:\/\/www.20minutes.fr\/dossier\/reglement-compte\" class=\"c-link c-link--is-underlined\" target=\"_blank\" rel=\"noopener\">r\u00e8glement de comptes<\/a> entre trafiquants, Mehdi, lui, se tenait loin de cette gangr\u00e8ne qui d\u00e9vore tant d\u2019enfants de Marseille. Il pr\u00e9parait les concours de la police. Et surtout, <a href=\"https:\/\/www.20minutes.fr\/justice\/4186078-20251117-mort-frere-amine-kessaci-marseille-procureur-confirme-piste-crime-avertissement\" class=\"c-link c-link--is-underlined\" target=\"_blank\" rel=\"noopener\">selon les \u00e9l\u00e9ments de l\u2019enqu\u00eate, son assassinat serait le premier \u00ab\u00a0d\u2019avertissement\u00a0\u00bb<\/a>, en lien avec les engagements d\u2019Amine, militant politique chez EELV, et m\u00e9diatiquement connu pour sa lutte contre le <a href=\"https:\/\/www.20minutes.fr\/dossier\/narcotrafiquants\" class=\"c-link c-link--is-underlined\" target=\"_blank\" rel=\"noopener\">narcotrafic <\/a>avec son association \u00ab\u00a0Conscience\u00a0\u00bb, cr\u00e9\u00e9e en r\u00e9action \u00e0 la mort de Brahim, ex\u00e9cut\u00e9 puis br\u00fbl\u00e9 dans le coffre d\u2019une voiture.<\/p>\n<\/p>\n<p>Entre les hauts b\u00e2timents qui ceintrent la mosqu\u00e9e de Frais-Vallon o\u00f9 convergent ce mardi en d\u00e9but d\u2019apr\u00e8s-midi plusieurs dizaines, une centaine peut-\u00eatre, d\u2019habitants, de voisins, d\u2019amis, de proches de la famille Kessaci, le soleil d\u2019hiver peine \u00e0 trouver son chemin et \u00e0 r\u00e9chauffer les corps\u00a0; peine perdue pour les c\u0153urs, froids, lourds.<\/p>\n<p>Le dispositif de s\u00e9curisation est du jamais-vu ici. Une centaine de policiers, en uniforme, en civil, du RAID, de la BAC, \u00e0 chaque acc\u00e8s de la cit\u00e9, chaque croisement dans ce d\u00e9dale de b\u00e9ton. Les trois entr\u00e9es de la mosqu\u00e9e sont gard\u00e9es par des agents arm\u00e9s, les fusils d\u2019assaut en \u00e9vidence.<\/p>\n<p>\u00ab\u00a0On a tous peur\u00a0\u00bb, confie \u00e0 20 Minutes, une dame en route pour la mosqu\u00e9e qui esp\u00e8re \u00ab\u00a0ne pas avoir \u00e9t\u00e9 vue en train de parler\u00a0\u00bb avant de filer prier. \u00ab\u00a0C\u2019est important pour la famille\u00a0\u00bb, ajoute-t-elle.<\/p>\n<p>\u00ab\u00a0Des balles perdues, il y en a d\u00e9j\u00e0 eu, mais \u00e7a\u00a0\u00bb\u2026<\/p>\n<p>\u00ab\u00a0La peur\u00a0\u00bb, c\u2019est ce que ressentent aussi Karina et Sandra, deux habitantes de 40 et 38 ans. \u00ab\u00a0On est tous choqu\u00e9s. Ils ne se cachent m\u00eame plus, ils n\u2019ont plus peur de rien, et c\u2019est bien \u00e7a qui nous fait flipper. S\u2019ils ont tu\u00e9 Mehdi juste parce que son fr\u00e8re Amine parle, de quoi sont-ils capables\u00a0? Des balles perdues, il y en a d\u00e9j\u00e0 eu, mais \u00e7a n\u2019en \u00e9tait pas une\u00a0\u00bb, disent les deux jeunes femmes qui veillent avec inqui\u00e9tude sur leurs enfants. Et cet assassinat de Mehdi n\u2019est pas pour leur donner go\u00fbt de s\u2019engager contre le narcotrafic. \u00ab\u00a0Je n\u2019y avais pas vraiment pens\u00e9, mais alors l\u00e0, encore moins\u00a0\u00bb, exprime Sandra que l\u2019association Conscience avait accompagn\u00e9e dans des d\u00e9marches administratives. \u00ab\u00a0C\u2019est n\u2019importe quoi, mais qu\u2019est-ce que tu veux qu\u2019on y fasse\u00a0\u00bb, s\u2019interroge un homme venu avec sa femme du 15e\u00a0arrondissement voisin, o\u00f9 vivait le p\u00e8re d\u2019Amine et Mehdi avec leur belle-m\u00e8re. \u00ab\u00a0L\u2019important aujourd\u2019hui, c\u2019est d\u2019\u00eatre avec la famille, de prier pour elle et le d\u00e9funt\u00a0\u00bb, conclut-il.<\/p>\n<p>La foule endeuill\u00e9e est silencieuse. Les regards sont embu\u00e9s, les visages hagards. A la sortie de la mosqu\u00e9e, un homme tr\u00e9buche. Peu avant, le p\u00e8re d\u2019Amine et Mehdi Kessaci s\u2019est effondr\u00e9, \u00ab\u00a0fou de douleur, malade de chagrin\u00a0\u00bb, comprend un ami venu de loin et qui s\u2019occupe de chasser les cam\u00e9ras venues filmer cette sc\u00e8ne.<\/p>\n<p>Des obs\u00e8ques en gilet pare-balles<\/p>\n<p>Faouzi, lui, est rest\u00e9 en dehors la mosqu\u00e9e pendant la c\u00e9r\u00e9monie. \u00ab\u00a0\u00c7a d\u00e9passe toutes les bornes, toutes les limites\u00a0\u00bb. A 71 ans, cet ancien m\u00e9canicien a pass\u00e9 l\u2019essentiel de sa vie ici, \u00e0 Frais-Vallon.\u00a0 \u00ab Il y a beaucoup de monde\u00a0\u00bb, constate-t-il, esp\u00e9rant que cela \u00ab\u00a0am\u00e8ne les gens \u00e0 r\u00e9fl\u00e9chir, car on ne peut pas mettre un policier derri\u00e8re chaque personne\u00a0\u00bb.<\/p>\n<p>Amine Kessaci, lui en a plus d\u2019un aujourd\u2019hui en permanence derri\u00e8re lui. A 22 ans, d\u2019un cauchemar, sa vie tourne \u00e0 l\u2019enfer. Sous protection polici\u00e8re renforc\u00e9e depuis l\u2019assassinat de Mehdi, le jeune homme est apparu rev\u00eatu d\u2019un gilet pare-balles sous sa veste en jean laiss\u00e9e ouverte, et encadr\u00e9 de quatre policiers du RAID, avant de filer dans un van d\u2019une escorte comptant une dizaine de v\u00e9hicules, en direction du cimeti\u00e8re de Saint-Henri.<\/p>\n<p>Et de Frais-Vallon \u00e0 Saint-Henri, le trajet est \u00e0 lui seul une g\u00e9ographie du narcotrafic marseillais. La Paternelle d\u2019abord, suivie de Bassens, la Visitation, puis Campagne-L\u00e9v\u00eaque un peu sur la gauche, et enfin la Castellane, quelques centaines de m\u00e8tres au-dessus du cimeti\u00e8re o\u00f9 se d\u00e9roule dans l\u2019intimit\u00e9 l\u2019inhumation.<\/p>\n<p><a href=\"https:\/\/www.20minutes.fr\/dossier\/narcotrafiquants\" class=\"c-link c-btn c-btn--primary\" target=\"_blank\" rel=\"noopener\">Nos articles sur le narcotrafic<\/a><\/p>\n<p>Quelques officiels et \u00e9lus sont pr\u00e9sents, \u00e0 distance. La grande famille des \u00e9colos marseillais, parti avec lequel Amine Kessaci a concouru aux \u00e9lections europ\u00e9ennes de\u00a02022 et aux l\u00e9gislatives de\u00a02024. Laurent Carri\u00e9, un temps pr\u00e9fet d\u00e9l\u00e9gu\u00e9 \u00e0 l\u2019\u00e9galit\u00e9 des chances en charge du \u00ab\u00a0plan Marseille en grand\u00a0\u00bb est \u00e9galement pr\u00e9sent, aux c\u00f4t\u00e9s de Sabrina Roubache.<\/p>\n<p>Une marche blanche ce samedi<\/p>\n<p>Ce jeudi, les ministres de la Justice G\u00e9rald Darmanin et celui de l\u2019Int\u00e9rieur, Laurent Nu\u00f1ez, sont attendus \u00e0 Marseille. Emmanuel Macron a annonc\u00e9 un d\u00e9placement mi-d\u00e9cembre. Entre-temps, une marche blanche est pr\u00e9vue pour ce samedi. Elle s\u2019\u00e9lancera du lieu de l\u2019assassinat de Mehdi.<\/p>\n<p>Ce mardi, une fois encore, Marseille essuie ses larmes. Mais d\u00e9j\u00e0, d\u2019autres commencent \u00e0 couler. Tandis que la c\u00e9r\u00e9monie religieuse allait commencer \u00e0 Frais-Vallon, <a href=\"https:\/\/www.20minutes.fr\/faits_divers\/faits-divers-marseille\/4186367-20251118-marseille-homme-tue-balles-13e-arrondissement\" class=\"c-link c-link--is-underlined\" target=\"_blank\" rel=\"noopener\">un homme s\u2019est fait tirer dessus peu apr\u00e8s 14 heures, dans la cit\u00e9 les Olives<\/a>, voisine imm\u00e9diate de Frais-Vallon. Il est d\u00e9c\u00e9d\u00e9.<\/p>\n<p>\u00ab\u00a0Vivre et mourir en terre de narcotrafic\u00a0\u00bb, dit le sous-titre du livre Marseille, essuie tes larmes, r\u00e9quisitoire personnel contre les r\u00e9seaux publi\u00e9 par Amine Kessaci en d\u00e9cembre dernier. Avec, \u00e0 l\u2019int\u00e9rieur, ces mots, d\u2019une justesse qu\u2019on n\u2019aurait pas voulue proph\u00e9tique\u00a0: \u00ab\u00a0Il faut parler. Il faut raconter. M\u00eame si \u00e7a fait mal. M\u00eame si \u00e7a salit un peu les souvenirs. M\u00eame si on doit y laisser des plumes\u00a0\u00bb.<\/p>\n","protected":false},"excerpt":{"rendered":"\u00abLe charbon 7\/7 &#8211; 24\/24h &#8211; c\u2019est par l\u00e0\u00a0\u00bb, renseigne un tag fait sans soin, comme il en&hellip;\n","protected":false},"author":2,"featured_media":543232,"comment_status":"","ping_status":"","sticky":false,"template":"","format":"standard","meta":{"footnotes":""},"categories":[2814],"tags":[1111,47,11,6744,885,47978,1052,1073,1777,674,118,7505,1011,27,432,5454,884,813,12,883,882,33962,8989,11681,25,104],"class_list":{"0":"post-543231","1":"post","2":"type-post","3":"status-publish","4":"format-standard","5":"has-post-thumbnail","7":"category-marseille","8":"tag-actu","9":"tag-actualite","10":"tag-actualites","11":"tag-assassinat","12":"tag-bouches-du-rhone","13":"tag-cartel","14":"tag-drogue","15":"tag-emmanuel-macron","16":"tag-eu","17":"tag-europe","18":"tag-faits-divers","19":"tag-faits-divers-marseille","20":"tag-fr","21":"tag-france","22":"tag-gerald-darmanin","23":"tag-laurent-nunez","24":"tag-marseille","25":"tag-narcotrafiquants","26":"tag-news","27":"tag-paca","28":"tag-provence-alpes-cote-dazur","29":"tag-quartiers-nord-de-marseille","30":"tag-raid","31":"tag-reglement-de-comptes","32":"tag-republique-francaise","33":"tag-societe"},"share_on_mastodon":{"url":"https:\/\/pubeurope.com\/@fr\/115572663035344503","error":""},"_links":{"self":[{"href":"https:\/\/www.europesays.com\/fr\/wp-json\/wp\/v2\/posts\/543231","targetHints":{"allow":["GET"]}}],"collection":[{"href":"https:\/\/www.europesays.com\/fr\/wp-json\/wp\/v2\/posts"}],"about":[{"href":"https:\/\/www.europesays.com\/fr\/wp-json\/wp\/v2\/types\/post"}],"author":[{"embeddable":true,"href":"https:\/\/www.europesays.com\/fr\/wp-json\/wp\/v2\/users\/2"}],"replies":[{"embeddable":true,"href":"https:\/\/www.europesays.com\/fr\/wp-json\/wp\/v2\/comments?post=543231"}],"version-history":[{"count":0,"href":"https:\/\/www.europesays.com\/fr\/wp-json\/wp\/v2\/posts\/543231\/revisions"}],"wp:featuredmedia":[{"embeddable":true,"href":"https:\/\/www.europesays.com\/fr\/wp-json\/wp\/v2\/media\/543232"}],"wp:attachment":[{"href":"https:\/\/www.europesays.com\/fr\/wp-json\/wp\/v2\/media?parent=543231"}],"wp:term":[{"taxonomy":"category","embeddable":true,"href":"https:\/\/www.europesays.com\/fr\/wp-json\/wp\/v2\/categories?post=543231"},{"taxonomy":"post_tag","embeddable":true,"href":"https:\/\/www.europesays.com\/fr\/wp-json\/wp\/v2\/tags?post=543231"}],"curies":[{"name":"wp","href":"https:\/\/api.w.org\/{rel}","templated":true}]}}