{"id":543233,"date":"2025-11-18T20:47:19","date_gmt":"2025-11-18T20:47:19","guid":{"rendered":"https:\/\/www.europesays.com\/fr\/543233\/"},"modified":"2025-11-18T20:47:19","modified_gmt":"2025-11-18T20:47:19","slug":"de-fortes-chutes-de-neige-annoncees","status":"publish","type":"post","link":"https:\/\/www.europesays.com\/fr\/543233\/","title":{"rendered":"de fortes chutes de neige annonc\u00e9es"},"content":{"rendered":"<p>                    Par<br \/>\n        <strong><br \/>\n            <a href=\"https:\/\/actu.fr\/auteur\/anthony-soudani\" title=\"Consulter tous les articles de Anthony Soudani\" rel=\"nofollow noopener\" target=\"_blank\">Anthony Soudani<\/a><br \/>\n                    <\/strong><\/p>\n<p>        Publi\u00e9 le<\/p>\n<p>            18 nov. 2025 \u00e0 18h30        <\/p>\n<p>Un v\u00e9ritable <strong>froid hivernal<\/strong> touche <a href=\"https:\/\/actu.fr\/lyon\/\" rel=\"nofollow noopener\" target=\"_blank\">Lyon<\/a> depuis ce mardi 18 novembre. Les temp\u00e9ratures vont encore baisser en passant en dessous des z\u00e9ros degr\u00e9s. M\u00e9t\u00e9o-France pr\u00e9voit m\u00eame de <a href=\"https:\/\/actu.fr\/meteo\/neige-meteo-france-confirme-l-arrivee-de-flocons-dans-le-rhone-les-secteurs-concernes_63447652.html\" rel=\"nofollow noopener\" target=\"_blank\">la neige dimanche dans le Rh\u00f4ne<\/a> avec des chutes possibles dans la capitale des Gaules.\u00a0<\/p>\n<p class=\" wall-content\">Voici les derni\u00e8res pr\u00e9visions.\u00a0<\/p>\n<p>Un froid hivernal toute la semaine<\/p>\n<p class=\" wall-content\">Le froid va durer. D\u00e8s ce mercredi 19 novembre, les temp\u00e9ratures minimales seront <strong>de -1\u00b0C<\/strong> alors que les maximales d\u00e9passeront \u00e0 peine les 8\u00b0C \u00e0 Lyon. Le ciel sera voil\u00e9 et nuageux. Jeudi, il fera entre 2\u00b0C et 7\u00b0C avec des \u00e9claircies tout au long de la journ\u00e9e.\u00a0<\/p>\n<p class=\" wall-content\">Vendredi, il faudra d\u2019autant plus se couvrir puisqu\u2019il fera entre -1\u00b0C et 5\u00b0C dans la capitale des Gaules. Et comme si cela ne suffisait pas, des rafales jusqu\u2019\u00e0 45 km\/h se produiront tout au long de la journ\u00e9e malgr\u00e9 des \u00e9claircies.\u00a0<\/p>\n<p class=\" wall-content\">Samedi, il fera entre 1\u00b0C et 6\u00b0C au plus chaud avec du soleil et peu de nuages. Cependant, le vent sera encore de la partie tout au long de la journ\u00e9e avec des rafales \u00e0 40 km\/h.<\/p>\n<p>De la neige \u00ab\u00a0forte et persistante\u00a0\u00bb annonc\u00e9e dimanche<\/p>\n<p class=\" wall-content\">\u00c0 en croire les pr\u00e9visions de <a href=\"https:\/\/actu.fr\/tag\/meteo-france\" rel=\"nofollow noopener\" target=\"_blank\">M\u00e9t\u00e9o-France<\/a>, des chutes de neige sont m\u00eame possibles dans le Rh\u00f4ne dimanche 23 novembre. Des pr\u00e9cipitations neigeuses sont annonc\u00e9es \u00e0 Lyon. \u00ab\u00a0Front venu de l\u2019ouest avec des pluies possiblement pr\u00e9c\u00e9d\u00e9es de neige, \u00e0 confirmer\u00a0\u00bb, \u00e9crit <a href=\"https:\/\/www.meteo-lyon.net\/week-end-prochain\" rel=\"nofollow noopener\" target=\"_blank\">M\u00e9t\u00e9o-Lyon<\/a> sur son site.<\/p>\n<p class=\" wall-content\">Il est possible que des chutes de neige, \u00ab\u00a0intermittentes ou persistantes\u00a0\u00bb, tombent sur la ville d\u00e8s 5h, dimanche matin, alors que les temp\u00e9ratures avoisineront 0\u00b0C.\u00a0<\/p>\n<p>Votre r\u00e9gion, votre actu !<\/p>\n<p>Recevez chaque jour les infos qui comptent pour vous.<\/p>\n<p>\t<a href=\"https:\/\/actu.fr\/newsletter\" class=\"ac-btn ac-btn--corner ac-btn--medium ac-btn--blue800\" rel=\"nofollow noopener\" target=\"_blank\">S&rsquo;incrire<\/a><\/p>\n<p class=\" wall-content\">Aux alentours de 10h, de la neige \u00ab\u00a0forte et persistante\u00a0\u00bb pourrait toucher Lyon et elle pourrait<strong> tenir au sol<\/strong>, d\u2019apr\u00e8s les pr\u00e9visions de M\u00e9t\u00e9o-Lyon. Toutefois,<strong> cela reste \u00e0 confirmer.<\/strong><\/p>\n<p class=\" wall-content\">La neige devrait ensuite s\u2019arr\u00eater de tomber dans la matin\u00e9e.\u00a0<\/p>\n<p class=\" wall-content\">Personnalisez votre actualit\u00e9 en ajoutant vos villes et m\u00e9dias en favori avec <a href=\"https:\/\/moncompte.actu.fr\" title=\"D\u00e9couvez Mon Actu\" rel=\"nofollow noopener\" data-trk=\"{&quot;cta&quot;:{&quot;action&quot;:&quot;https:\\\/\\\/moncompte.actu.fr&quot;,&quot;category&quot;:&quot;mon compte&quot;,&quot;from&quot;:&quot;article footer&quot;,&quot;name&quot;:&quot;Mon actu&quot;,&quot;type&quot;:&quot;cta&quot;}}\" target=\"_blank\">Mon Actu<\/a>.<\/p>\n","protected":false},"excerpt":{"rendered":"Par Anthony Soudani Publi\u00e9 le 18 nov. 2025 \u00e0 18h30 Un v\u00e9ritable froid hivernal touche Lyon depuis ce&hellip;\n","protected":false},"author":2,"featured_media":543234,"comment_status":"","ping_status":"","sticky":false,"template":"","format":"standard","meta":{"footnotes":""},"categories":[1889],"tags":[1111,11,2430,1777,674,1011,27,3447,2428,2487,2357,10584,12,25],"class_list":{"0":"post-543233","1":"post","2":"type-post","3":"status-publish","4":"format-standard","5":"has-post-thumbnail","7":"category-lyon","8":"tag-actu","9":"tag-actualites","10":"tag-auvergne-rhone-alpes","11":"tag-eu","12":"tag-europe","13":"tag-fr","14":"tag-france","15":"tag-froid","16":"tag-lyon","17":"tag-meteo","18":"tag-meteo-france","19":"tag-neige","20":"tag-news","21":"tag-republique-francaise"},"share_on_mastodon":{"url":"https:\/\/pubeurope.com\/@fr\/115572666968761297","error":""},"_links":{"self":[{"href":"https:\/\/www.europesays.com\/fr\/wp-json\/wp\/v2\/posts\/543233","targetHints":{"allow":["GET"]}}],"collection":[{"href":"https:\/\/www.europesays.com\/fr\/wp-json\/wp\/v2\/posts"}],"about":[{"href":"https:\/\/www.europesays.com\/fr\/wp-json\/wp\/v2\/types\/post"}],"author":[{"embeddable":true,"href":"https:\/\/www.europesays.com\/fr\/wp-json\/wp\/v2\/users\/2"}],"replies":[{"embeddable":true,"href":"https:\/\/www.europesays.com\/fr\/wp-json\/wp\/v2\/comments?post=543233"}],"version-history":[{"count":0,"href":"https:\/\/www.europesays.com\/fr\/wp-json\/wp\/v2\/posts\/543233\/revisions"}],"wp:featuredmedia":[{"embeddable":true,"href":"https:\/\/www.europesays.com\/fr\/wp-json\/wp\/v2\/media\/543234"}],"wp:attachment":[{"href":"https:\/\/www.europesays.com\/fr\/wp-json\/wp\/v2\/media?parent=543233"}],"wp:term":[{"taxonomy":"category","embeddable":true,"href":"https:\/\/www.europesays.com\/fr\/wp-json\/wp\/v2\/categories?post=543233"},{"taxonomy":"post_tag","embeddable":true,"href":"https:\/\/www.europesays.com\/fr\/wp-json\/wp\/v2\/tags?post=543233"}],"curies":[{"name":"wp","href":"https:\/\/api.w.org\/{rel}","templated":true}]}}