{"id":543235,"date":"2025-11-18T20:48:14","date_gmt":"2025-11-18T20:48:14","guid":{"rendered":"https:\/\/www.europesays.com\/fr\/543235\/"},"modified":"2025-11-18T20:48:14","modified_gmt":"2025-11-18T20:48:14","slug":"le-grand-lyon-cessera-a-lavenir-de-subventionner-lassociation-proche-des-anti%e2%80%90ivg","status":"publish","type":"post","link":"https:\/\/www.europesays.com\/fr\/543235\/","title":{"rendered":"le Grand Lyon cessera \u00e0 l\u2019avenir de subventionner l\u2019association proche des anti\u2010IVG"},"content":{"rendered":"<p class=\"single__lede\"><b>Au d\u00e9but du mois, une enqu\u00eate publi\u00e9e par Mediacit\u00e9s d\u00e9voilait la proximit\u00e9 de cette association lyonnaise en plein essor, sp\u00e9cialis\u00e9e dans l\u2019accompagnement dans la vie affective, avec le milliardaire d\u2019extr\u00eame droite Pierre-Edouard St\u00e9rin et les milieux catholiques traditionalistes.<\/b><\/p>\n<p>Familya devra faire sans. \u00ab\u202fEn l\u2019\u00e9tat, il para\u00eet clair que la m\u00e9tropole de Lyon ne donnera pas de nouvelles subventions\u202f\u00bb, nous a fait savoir la collectivit\u00e9 pr\u00e9sid\u00e9e par l\u2019\u00e9cologiste Bruno Bernard, quelques jours apr\u00e8s <a href=\"https:\/\/www.mediacites.fr\/enquete\/lyon\/2025\/11\/04\/familya-lassociation-proche-des-anti-ivg-soutenue-par-pierre-edouard-sterin-la-region-et-la-metropole-de-lyon\/\" target=\"_blank\" rel=\"noopener\">une longue enqu\u00eate<\/a>, publi\u00e9e par Mediacit\u00e9s, sur cette association fond\u00e9e \u00e0 Lyon par Thierry et Fr\u00e9d\u00e9rique Veyron la\u00a0Croix.<\/p>\n<p>Au terme de plusieurs mois d\u2019investigation, notre article<\/p>\n<p>Nous vous offrons l\u2019acc\u00e8s \u00e0 cet article<\/p>\n<p>Et \u00e0 toutes nos enqu\u00eates pendant deux jours\u00a0\u00a0! <br \/>Oui, on est g\u00e9n\u00e9reux \ud83d\ude09 Mais pensez aussi \u00e0 <a href=\"https:\/\/www.mediacites.fr\/sabonner\/\" target=\"_blank\" style=\"color:#fff\" rel=\"noopener\">vous abonner<\/a>\u00a0\u00a0!<\/p>\n<p>\t\tEn renseignant votre adresse, vous acceptez nos <a href=\"https:\/\/www.mediacites.fr\/conditions-generales-d-utilisation\/\" target=\"_blank\" rel=\"noopener\">conditions g\u00e9n\u00e9rales d\u2019utilisation<\/a>. <br \/>Mediacit\u00e9s s\u2019engage \u00e0 ne pas c\u00e9der votre adresse \u00e0 des tiers. En cas d\u2019\u00e9chec, \u00e9crivez \u00e0 <a href=\"https:\/\/www.mediacites.fr\/breve\/lyon\/2025\/11\/18\/familya-le-grand-lyon-cessera-a-lavenir-de-subventionner-lassociation-proche-des-anti-ivg\/mailto:contact@mediacites.fr\" target=\"_blank\" rel=\"noopener\">contact@mediacites.fr<\/a><\/p>\n<ul>\n<li>J\u2019acc\u00e8de aux 4 \u00e9ditions de Mediacit\u00e9s (Lille, Lyon, Nantes et Toulouse)<\/li>\n<li>Je d\u00e9couvre un m\u00e9dia 100 % ind\u00e9pendant, avec 0 % de publicit\u00e9<\/li>\n<\/ul>\n<p>Envie de lire la\u00a0suite\u202f?<\/p>\n<p>Depuis neuf ans, Mediacit\u00e9s enqu\u00eate en toute ind\u00e9pendance dans votre ville. Gr\u00e2ce \u00e0 ses lecteurs\u202f! Abonnez\u2010vous pour ne rien manquer de nos enqu\u00eates, suivre les \u00e9lections municipales et soutenir un journal local d\u2019investigation.<\/p>\n<ul>\n<li>Acc\u00e8s aux 4 \u00e9ditions de Mediacit\u00e9s (Lille, Lyon, Nantes et Toulouse)<\/li>\n<li>100 % ind\u00e9pendant, avec 0 % de publicit\u00e9<\/li>\n<li>R\u00e9siliation facile \u00e0 tout moment<\/li>\n<\/ul>\n<p>Mediacit\u00e9s offre l\u2019acc\u00e8s \u00e0 cet article aux lecteurs de News2Com<\/p>\n<p>Et \u00e0 toutes nos enqu\u00eates pendant deux jours\u00a0\u00a0! <br \/>Oui, on est g\u00e9n\u00e9reux \ud83d\ude09 Mais pensez aussi \u00e0 <a href=\"https:\/\/www.mediacites.fr\/sabonner\/\" target=\"_blank\" style=\"color:#fff\" rel=\"noopener\">vous abonner<\/a>\u00a0\u00a0!<\/p>\n<p>\t\tEn renseignant votre adresse, vous acceptez nos <a href=\"https:\/\/www.mediacites.fr\/conditions-generales-d-utilisation\/\" target=\"_blank\" rel=\"noopener\">conditions g\u00e9n\u00e9rales d\u2019utilisation<\/a>. <br \/>Mediacit\u00e9s s\u2019engage \u00e0 ne pas c\u00e9der votre adresse \u00e0 des tiers. En cas d\u2019\u00e9chec, \u00e9crivez \u00e0 <a href=\"https:\/\/www.mediacites.fr\/breve\/lyon\/2025\/11\/18\/familya-le-grand-lyon-cessera-a-lavenir-de-subventionner-lassociation-proche-des-anti-ivg\/mailto:contact@mediacites.fr\" target=\"_blank\" rel=\"noopener\">contact@mediacites.fr<\/a><\/p>\n<ul>\n<li>J\u2019acc\u00e8de aux 4 \u00e9ditions de Mediacit\u00e9s (Lille, Lyon, Nantes et Toulouse)<\/li>\n<li>Je d\u00e9couvre un m\u00e9dia 100 % ind\u00e9pendant, avec 0 % de publicit\u00e9<\/li>\n<\/ul>\n","protected":false},"excerpt":{"rendered":"Au d\u00e9but du mois, une enqu\u00eate publi\u00e9e par Mediacit\u00e9s d\u00e9voilait la proximit\u00e9 de cette association lyonnaise en plein&hellip;\n","protected":false},"author":2,"featured_media":543236,"comment_status":"","ping_status":"","sticky":false,"template":"","format":"standard","meta":{"footnotes":""},"categories":[1889],"tags":[1111,11,2430,1777,674,66127,1011,27,51816,2428,10510,12,24249,13386,25],"class_list":{"0":"post-543235","1":"post","2":"type-post","3":"status-publish","4":"format-standard","5":"has-post-thumbnail","7":"category-lyon","8":"tag-actu","9":"tag-actualites","10":"tag-auvergne-rhone-alpes","11":"tag-eu","12":"tag-europe","13":"tag-familya","14":"tag-fr","15":"tag-france","16":"tag-loeil-de-mediacites","17":"tag-lyon","18":"tag-metropole-de-lyon","19":"tag-news","20":"tag-pierre-edouard-sterin","21":"tag-region-auvergne-rhone-alpes","22":"tag-republique-francaise"},"share_on_mastodon":{"url":"https:\/\/pubeurope.com\/@fr\/115572670651878269","error":""},"_links":{"self":[{"href":"https:\/\/www.europesays.com\/fr\/wp-json\/wp\/v2\/posts\/543235","targetHints":{"allow":["GET"]}}],"collection":[{"href":"https:\/\/www.europesays.com\/fr\/wp-json\/wp\/v2\/posts"}],"about":[{"href":"https:\/\/www.europesays.com\/fr\/wp-json\/wp\/v2\/types\/post"}],"author":[{"embeddable":true,"href":"https:\/\/www.europesays.com\/fr\/wp-json\/wp\/v2\/users\/2"}],"replies":[{"embeddable":true,"href":"https:\/\/www.europesays.com\/fr\/wp-json\/wp\/v2\/comments?post=543235"}],"version-history":[{"count":0,"href":"https:\/\/www.europesays.com\/fr\/wp-json\/wp\/v2\/posts\/543235\/revisions"}],"wp:featuredmedia":[{"embeddable":true,"href":"https:\/\/www.europesays.com\/fr\/wp-json\/wp\/v2\/media\/543236"}],"wp:attachment":[{"href":"https:\/\/www.europesays.com\/fr\/wp-json\/wp\/v2\/media?parent=543235"}],"wp:term":[{"taxonomy":"category","embeddable":true,"href":"https:\/\/www.europesays.com\/fr\/wp-json\/wp\/v2\/categories?post=543235"},{"taxonomy":"post_tag","embeddable":true,"href":"https:\/\/www.europesays.com\/fr\/wp-json\/wp\/v2\/tags?post=543235"}],"curies":[{"name":"wp","href":"https:\/\/api.w.org\/{rel}","templated":true}]}}