{"id":543247,"date":"2025-11-18T21:02:37","date_gmt":"2025-11-18T21:02:37","guid":{"rendered":"https:\/\/www.europesays.com\/fr\/543247\/"},"modified":"2025-11-18T21:02:37","modified_gmt":"2025-11-18T21:02:37","slug":"un-climat-de-paranoia-a-moscou-lancien-ministre-de-la-defense-de-poutine-vise-par-une-tentative-dassassinat-avec-un-vase-de-fleurs","status":"publish","type":"post","link":"https:\/\/www.europesays.com\/fr\/543247\/","title":{"rendered":"Un climat de parano\u00efa \u00e0 Moscou: l&rsquo;ancien ministre de la D\u00e9fense de Poutine vis\u00e9 par une tentative d&rsquo;assassinat avec&#8230; un vase de fleurs?"},"content":{"rendered":"<p class=\"ap-StoryElement ap-StoryElement--mb ap-StoryText\">Via cette cam\u00e9ra, les responsables de cette tentative d&rsquo;assassinat auraient pu suivre la sc\u00e8ne en direct, et diriger les forces charg\u00e9es d&rsquo;appuyer sur la gachette.<\/p>\n<p><a href=\"https:\/\/www.lalibre.be\/international\/europe\/guerre-ukraine-russie\/2025\/11\/17\/paris-sengage-a-regenerer-larmee-ukrainienne-M2YBS57GMBHLRPOL6BUC7UU7PA\/\" target=\"_self\" class=\"ap-StoryInterstitialLink ap-StoryElement ap-StoryElement--mb\" rel=\"nofollow noopener\">Paris s&rsquo;engage \u00e0 \u00ab\u00a0r\u00e9g\u00e9n\u00e9rer l&rsquo;arm\u00e9e ukrainienne\u00a0\u00bb<\/a>Une explication douteuse<\/p>\n<p class=\"ap-StoryElement ap-StoryElement--mb ap-StoryText\">Plusieurs personnes ont \u00e9t\u00e9 arr\u00eat\u00e9es en Russie cette semaine, suite \u00e0 la tentative \u00e9chou\u00e9e. Malgr\u00e9 ces arrestations, pourtant, le quotidien souligne les nombreux doutes qui persistent quant \u00e0 la v\u00e9racit\u00e9 de cette tentative d&rsquo;assassinat.<\/p>\n<p class=\"ap-StoryElement ap-StoryElement--mb ap-StoryText\">Depuis le d\u00e9but de la guerre en Ukraine, Sergue\u00ef Cho\u00efgou est rapidement devenu la cible de nombreuses critiques russes, ainsi qu&rsquo;un \u00e9l\u00e9ment isol\u00e9 des proches de Poutine.<\/p>\n<p class=\"ap-StoryElement ap-StoryElement--mb ap-StoryText\">Selon plusieurs experts, il n&rsquo;est pas exclu que cette tentative vienne de l&rsquo;int\u00e9rieur, ou qu&rsquo;elle ne soit qu&rsquo;une strat\u00e9gie de manipulation, visant \u00e0 accuser l&rsquo;Ukraine, pr\u00eate \u00e0 tout pour arriver \u00e0 ses fins, y compris en p\u00e9n\u00e9trant dans un endroit sacr\u00e9 comme un cimeti\u00e8re.<\/p>\n<p><a href=\"https:\/\/www.lalibre.be\/international\/europe\/2025\/11\/14\/meme-en-guerre-lukraine-cest-mieux-que-le-desastre-de-gaza-des-survivants-de-lenclave-palestinienne-trouvent-refuge-a-odessa-ZZDPTCE3QBGGFGJL76KKZDL3F4\/\" target=\"_self\" class=\"ap-StoryInterstitialLink ap-StoryElement ap-StoryElement--mb\" rel=\"nofollow noopener\">\u00ab\u00a0M\u00eame en guerre, l&rsquo;Ukraine, c&rsquo;est mieux que le d\u00e9sastre de Gaza\u00a0\u00bb : des survivants de l&rsquo;enclave palestinienne trouvent refuge \u00e0 Odessa<\/a><\/p>\n","protected":false},"excerpt":{"rendered":"Via cette cam\u00e9ra, les responsables de cette tentative d&rsquo;assassinat auraient pu suivre la sc\u00e8ne en direct, et diriger&hellip;\n","protected":false},"author":2,"featured_media":543248,"comment_status":"","ping_status":"","sticky":false,"template":"","format":"standard","meta":{"footnotes":""},"categories":[1591],"tags":[11,3057,1887,1227,12,1885,1886,132],"class_list":{"0":"post-543247","1":"post","2":"type-post","3":"status-publish","4":"format-standard","5":"has-post-thumbnail","7":"category-russie","8":"tag-actualites","9":"tag-essential","10":"tag-federation-de-russie","11":"tag-horizontal","12":"tag-news","13":"tag-russia","14":"tag-russian-federation","15":"tag-russie"},"share_on_mastodon":{"url":"https:\/\/pubeurope.com\/@fr\/115572725745278874","error":""},"_links":{"self":[{"href":"https:\/\/www.europesays.com\/fr\/wp-json\/wp\/v2\/posts\/543247","targetHints":{"allow":["GET"]}}],"collection":[{"href":"https:\/\/www.europesays.com\/fr\/wp-json\/wp\/v2\/posts"}],"about":[{"href":"https:\/\/www.europesays.com\/fr\/wp-json\/wp\/v2\/types\/post"}],"author":[{"embeddable":true,"href":"https:\/\/www.europesays.com\/fr\/wp-json\/wp\/v2\/users\/2"}],"replies":[{"embeddable":true,"href":"https:\/\/www.europesays.com\/fr\/wp-json\/wp\/v2\/comments?post=543247"}],"version-history":[{"count":0,"href":"https:\/\/www.europesays.com\/fr\/wp-json\/wp\/v2\/posts\/543247\/revisions"}],"wp:featuredmedia":[{"embeddable":true,"href":"https:\/\/www.europesays.com\/fr\/wp-json\/wp\/v2\/media\/543248"}],"wp:attachment":[{"href":"https:\/\/www.europesays.com\/fr\/wp-json\/wp\/v2\/media?parent=543247"}],"wp:term":[{"taxonomy":"category","embeddable":true,"href":"https:\/\/www.europesays.com\/fr\/wp-json\/wp\/v2\/categories?post=543247"},{"taxonomy":"post_tag","embeddable":true,"href":"https:\/\/www.europesays.com\/fr\/wp-json\/wp\/v2\/tags?post=543247"}],"curies":[{"name":"wp","href":"https:\/\/api.w.org\/{rel}","templated":true}]}}