{"id":543251,"date":"2025-11-18T21:07:25","date_gmt":"2025-11-18T21:07:25","guid":{"rendered":"https:\/\/www.europesays.com\/fr\/543251\/"},"modified":"2025-11-18T21:07:25","modified_gmt":"2025-11-18T21:07:25","slug":"usa-meta-gagne-son-proces-antitrust-contre-la-ftc-et-pourra-conserver-instagram-et-whatsapp","status":"publish","type":"post","link":"https:\/\/www.europesays.com\/fr\/543251\/","title":{"rendered":"USA : Meta gagne son proc\u00e8s antitrust contre la FTC et pourra conserver Instagram et WhatsApp"},"content":{"rendered":"<p><img decoding=\"async\" height=\"30\" alt=\"Logo Meta Platforms, Inc.\" onerror=\"this.onerror=null;this.style.display = 'none'\" src=\"https:\/\/www.europesays.com\/fr\/wp-content\/uploads\/2025\/11\/instruments-squared-10547141.png\"\/><br \/>\n        Meta Platforms, Inc. est sp\u00e9cialis\u00e9 dans les prestations de services de r\u00e9seautage social en ligne. Le CA par activit\u00e9 se r\u00e9partit comme suit :<\/p>\n<p>&#8211; exploitation de plates-formes de r\u00e9seaux sociaux, de messagerie et de partage de photos et de vid\u00e9os (98,7%) : exploitation des plateformes Facebook, Instagram, Messenger, Threads et WhatsApp (3,35 milliards d&rsquo;utilisateurs actifs par jour en 2024) ;<\/p>\n<p>&#8211; vente de produits, de logiciels et de dispositifs de r\u00e9alit\u00e9 virtuelle et augment\u00e9e (1,3%) : casques de r\u00e9alit\u00e9 virtuelle (Meta Quest), \u00e9crans connect\u00e9s (Facebook Portal), dispositifs mobiles, etc.<\/p>\n<p>Le CA par source de revenus se ventile entre ventes d&rsquo;espaces publicitaires (97,6%) et autres (2,4%).<\/p>\n<p>La r\u00e9partition g\u00e9ographique du CA est la suivante : Etats-Unis et Canada (38,4%), Asie-Pacifique (27,4%), Europe (23,3%) et autres (10,9%).<\/p>\n","protected":false},"excerpt":{"rendered":"Meta Platforms, Inc. est sp\u00e9cialis\u00e9 dans les prestations de services de r\u00e9seautage social en ligne. Le CA par&hellip;\n","protected":false},"author":2,"featured_media":48534,"comment_status":"","ping_status":"","sticky":false,"template":"","format":"standard","meta":{"footnotes":""},"categories":[1589],"tags":[11,340,73,1866,12,1864,1865,1863,308],"class_list":{"0":"post-543251","1":"post","2":"type-post","3":"status-publish","4":"format-standard","5":"has-post-thumbnail","7":"category-etats-unis","8":"tag-actualites","9":"tag-bourse","10":"tag-etats-unis","11":"tag-etats-unis-damerique","12":"tag-news","13":"tag-united-states","14":"tag-united-states-of-america","15":"tag-us","16":"tag-usa"},"share_on_mastodon":{"url":"https:\/\/pubeurope.com\/@fr\/115572746255503681","error":""},"_links":{"self":[{"href":"https:\/\/www.europesays.com\/fr\/wp-json\/wp\/v2\/posts\/543251","targetHints":{"allow":["GET"]}}],"collection":[{"href":"https:\/\/www.europesays.com\/fr\/wp-json\/wp\/v2\/posts"}],"about":[{"href":"https:\/\/www.europesays.com\/fr\/wp-json\/wp\/v2\/types\/post"}],"author":[{"embeddable":true,"href":"https:\/\/www.europesays.com\/fr\/wp-json\/wp\/v2\/users\/2"}],"replies":[{"embeddable":true,"href":"https:\/\/www.europesays.com\/fr\/wp-json\/wp\/v2\/comments?post=543251"}],"version-history":[{"count":0,"href":"https:\/\/www.europesays.com\/fr\/wp-json\/wp\/v2\/posts\/543251\/revisions"}],"wp:featuredmedia":[{"embeddable":true,"href":"https:\/\/www.europesays.com\/fr\/wp-json\/wp\/v2\/media\/48534"}],"wp:attachment":[{"href":"https:\/\/www.europesays.com\/fr\/wp-json\/wp\/v2\/media?parent=543251"}],"wp:term":[{"taxonomy":"category","embeddable":true,"href":"https:\/\/www.europesays.com\/fr\/wp-json\/wp\/v2\/categories?post=543251"},{"taxonomy":"post_tag","embeddable":true,"href":"https:\/\/www.europesays.com\/fr\/wp-json\/wp\/v2\/tags?post=543251"}],"curies":[{"name":"wp","href":"https:\/\/api.w.org\/{rel}","templated":true}]}}