{"id":543252,"date":"2025-11-18T21:08:20","date_gmt":"2025-11-18T21:08:20","guid":{"rendered":"https:\/\/www.europesays.com\/fr\/543252\/"},"modified":"2025-11-18T21:08:20","modified_gmt":"2025-11-18T21:08:20","slug":"royaume-uni-rachel-reeves-prevoit-une-hausse-des-depenses-sociales-dans-le-prochain-budget","status":"publish","type":"post","link":"https:\/\/www.europesays.com\/fr\/543252\/","title":{"rendered":"Royaume-Uni : Rachel Reeves pr\u00e9voit une hausse des d\u00e9penses sociales dans le prochain budget"},"content":{"rendered":"<p>La ministre britannique des Finances, Rachel Reeves, s&rsquo;appr\u00eate \u00e0 augmenter les d\u00e9penses allou\u00e9es aux prestations sociales dans son budget annuel, qui sera pr\u00e9sent\u00e9 la semaine prochaine, rapporte le Telegraph ce mardi.<\/p>\n<p>Selon le quotidien, Mme Reeves envisage d&rsquo;accro\u00eetre les d\u00e9penses li\u00e9es aux aides sociales de 6\u00a0milliards de livres sterling (soit 7,89\u00a0milliards de dollars), avec une revalorisation des versements destin\u00e9s aux personnes en \u00e2ge de travailler de 3,8\u00a0% \u00e0 partir d&rsquo;avril prochain.<\/p>\n<p>Un porte-parole du minist\u00e8re des Finances a indiqu\u00e9 qu&rsquo;il ne commentait pas les \u00ab sp\u00e9culations budg\u00e9taires \u00bb.<\/p>\n<p>Le gouvernement avait renonc\u00e9 en juillet \u00e0 des r\u00e9formes du syst\u00e8me d&rsquo;aides sociales destin\u00e9es \u00e0 r\u00e9aliser des \u00e9conomies, soulevant des interrogations sur sa volont\u00e9 de prendre des d\u00e9cisions budg\u00e9taires difficiles.<\/p>\n<p>Rachel Reeves devrait devoir mobiliser plusieurs dizaines de milliards de livres pour maintenir le cap de ses objectifs fiscaux dans le cadre de ce budget.<\/p>\n<p>La semaine derni\u00e8re, le co\u00fbt de l&#8217;emprunt pour le gouvernement britannique a bondi, \u00e0 la suite d&rsquo;informations selon lesquelles Mme Reeves, dans un revirement politique majeur, ne pr\u00e9voirait finalement plus d&rsquo;augmenter l&rsquo;imp\u00f4t sur le revenu dans son budget, gr\u00e2ce \u00e0 de meilleures pr\u00e9visions financi\u00e8res.<\/p>\n<p>Des investisseurs, des entreprises et des groupes de r\u00e9flexion ont affirm\u00e9 que les messages contradictoires autour du budget nuisent \u00e0 la cr\u00e9dibilit\u00e9 du gouvernement.<\/p>\n<p>(1\u00a0dollar\u00a0= 0,7604\u00a0livre sterling)<\/p>\n","protected":false},"excerpt":{"rendered":"La ministre britannique des Finances, Rachel Reeves, s&rsquo;appr\u00eate \u00e0 augmenter les d\u00e9penses allou\u00e9es aux prestations sociales dans son&hellip;\n","protected":false},"author":2,"featured_media":543253,"comment_status":"","ping_status":"","sticky":false,"template":"","format":"standard","meta":{"footnotes":""},"categories":[1588],"tags":[11,340,1777,674,12,473,1853,1851,1850,1852],"class_list":{"0":"post-543252","1":"post","2":"type-post","3":"status-publish","4":"format-standard","5":"has-post-thumbnail","7":"category-royaume-uni","8":"tag-actualites","9":"tag-bourse","10":"tag-eu","11":"tag-europe","12":"tag-news","13":"tag-royaume-uni","14":"tag-royaume-uni-de-grande-bretagne-et-dirlande-du-nord","15":"tag-uk","16":"tag-united-kingdom","17":"tag-united-kingdom-of-great-britain-and-northern-ireland"},"share_on_mastodon":{"url":"https:\/\/pubeurope.com\/@fr\/115572749352944932","error":""},"_links":{"self":[{"href":"https:\/\/www.europesays.com\/fr\/wp-json\/wp\/v2\/posts\/543252","targetHints":{"allow":["GET"]}}],"collection":[{"href":"https:\/\/www.europesays.com\/fr\/wp-json\/wp\/v2\/posts"}],"about":[{"href":"https:\/\/www.europesays.com\/fr\/wp-json\/wp\/v2\/types\/post"}],"author":[{"embeddable":true,"href":"https:\/\/www.europesays.com\/fr\/wp-json\/wp\/v2\/users\/2"}],"replies":[{"embeddable":true,"href":"https:\/\/www.europesays.com\/fr\/wp-json\/wp\/v2\/comments?post=543252"}],"version-history":[{"count":0,"href":"https:\/\/www.europesays.com\/fr\/wp-json\/wp\/v2\/posts\/543252\/revisions"}],"wp:featuredmedia":[{"embeddable":true,"href":"https:\/\/www.europesays.com\/fr\/wp-json\/wp\/v2\/media\/543253"}],"wp:attachment":[{"href":"https:\/\/www.europesays.com\/fr\/wp-json\/wp\/v2\/media?parent=543252"}],"wp:term":[{"taxonomy":"category","embeddable":true,"href":"https:\/\/www.europesays.com\/fr\/wp-json\/wp\/v2\/categories?post=543252"},{"taxonomy":"post_tag","embeddable":true,"href":"https:\/\/www.europesays.com\/fr\/wp-json\/wp\/v2\/tags?post=543252"}],"curies":[{"name":"wp","href":"https:\/\/api.w.org\/{rel}","templated":true}]}}