{"id":543258,"date":"2025-11-18T21:11:32","date_gmt":"2025-11-18T21:11:32","guid":{"rendered":"https:\/\/www.europesays.com\/fr\/543258\/"},"modified":"2025-11-18T21:11:32","modified_gmt":"2025-11-18T21:11:32","slug":"lebron-james-previent-avant-son-retour-aux-lakers-je-nai-jamais-eu","status":"publish","type":"post","link":"https:\/\/www.europesays.com\/fr\/543258\/","title":{"rendered":"LeBron James pr\u00e9vient avant son retour aux Lakers : \u00ab Je n&rsquo;ai jamais eu&#8230;"},"content":{"rendered":"<p class=\"has-text-color has-small-font-size\" style=\"color:#747474\">Par <a href=\"https:\/\/www.parlons-basket.com\/biographie-redaction\/\" target=\"_blank\" rel=\"noopener\">R\u00e9daction<\/a> |\u00a0Sport<\/p>\n<p><strong>Le d\u00e9but de saison des Lakers a surpris par sa solidit\u00e9 malgr\u00e9 l\u2019absence de LeBron James, port\u00e9 notamment par les performances de Luka Doncic et Austin Reaves. Plusieurs observateurs ont m\u00eame estim\u00e9 que la dynamique actuelle pourrait \u00eatre fragilis\u00e9e par le retour du v\u00e9t\u00e9ran. Pourtant, le joueur de bient\u00f4t 41 ans s\u2019appr\u00eate \u00e0 retrouver les parquets avec une vision claire de son r\u00f4le.<\/strong><\/p>\n<p>Les d\u00e9bats autour de son influence r\u00e9elle au sein du collectif ont circul\u00e9 ces derniers jours, certains analystes jugeant que la fluidit\u00e9 offensive des Lakers pourrait se compliquer \u00e0 son retour. Cette id\u00e9e n\u2019a toutefois pas emp\u00each\u00e9 LeBron d\u2019afficher une confiance totale dans sa capacit\u00e9 \u00e0 s\u2019adapter \u00e0 n\u2019importe quel contexte. Les Lakers, eux, continuent de pr\u00e9parer la transition avec prudence. L\u2019objectif reste simple : remettre leur leader dans les meilleures dispositions possibles sans perturber les \u00e9quilibres acquis.<\/p>\n<p>C\u2019est dans ce cadre que LeBron a tenu \u00e0 clarifier sa vision du jeu, rappelant que sa polyvalence reste sa plus grande force. Il a affirm\u00e9 : \u00ab Je suis un basketteur. Le meilleur dans tout \u00e7a, et la mani\u00e8re dont j\u2019ai construit mon jeu toute ma vie, c\u2019est que je n\u2019ai jamais eu de poste \u00bb. Avant d\u2019ajouter : \u00ab Spo disait toujours : basket sans poste, sois sans poste. Il n\u2019y a pas une seule \u00e9quipe au monde dans laquelle je ne pourrais pas m\u2019int\u00e9grer. Je peux tout faire sur le terrain \u00bb. Un message limpide pour ceux qui doutent de son impact.<\/p>\n<p>Une polyvalence encore pr\u00e9cieuse pour les Lakers<\/p>\n<p>Les chiffres de la saison pass\u00e9e rappellent que James demeure un \u00e9l\u00e9ment essentiel d\u00e8s qu\u2019il est sur pied. Avec ses 24,4 points, 7,8 rebonds et 8,2 passes par rencontre \u00e0 51,3% au tir, il reste l\u2019un des joueurs les plus complets de la ligue malgr\u00e9 son \u00e2ge avanc\u00e9. Les Lakers l\u2019ont d\u2019ailleurs construit comme un point d\u2019ancrage, capable de stabiliser les s\u00e9quences offensives ou d\u2019acc\u00e9l\u00e9rer le tempo selon les besoins. Rien n\u2019indique que cette capacit\u00e9 ait disparu avant sa 23\u00e8me campagne.<\/p>\n<p><\/p>\n<p>\t\t\t\tLire aussi<\/p>\n<p>\t\t<a class=\"next-post__link\" href=\"https:\/\/www.parlons-basket.com\/2025\/11\/17\/nba-aucun-probleme-avec-michael-jordan-lebron-james-lui-il-a-disparu-en-finale\/\" target=\"_blank\" rel=\"noopener\"><br \/>\n\u00ab Aucun probl\u00e8me avec Michael Jordan. LeBron James ? Lui, il a disparu en finale \u00bb<\/a><\/p>\n<p>Dans ce contexte, la possibilit\u00e9 de revoir LeBron sur le parquet aussi t\u00f4t que mardi face au Jazz attire forc\u00e9ment les regards. Plusieurs rapports indiquent que son retour est imminent, ce qui ouvrirait une nouvelle phase dans la gestion collective des Lakers. Le staff technique anticipe une mont\u00e9e en puissance progressive, mais la simple pr\u00e9sence du quadruple MVP peut d\u00e9j\u00e0 transformer les responsabilit\u00e9s de certains joueurs. L\u2019id\u00e9e n\u2019est pas de bousculer l\u2019\u00e9quilibre, mais de l\u2019enrichir.<\/p>\n<p>Si certains estiment que sa r\u00e9int\u00e9gration pourrait perturber les automatismes acquis, le groupe semble au contraire pr\u00eat \u00e0 l\u2019accueillir sans changement brusque. LeBron, qui conna\u00eet mieux que quiconque les ajustements n\u00e9cessaires \u00e0 un retour apr\u00e8s blessure, ne cherche pas \u00e0 reprendre imm\u00e9diatement un volume d\u00e9mesur\u00e9. Les Lakers misent d\u2019ailleurs sur une transition fluide pour limiter les risques de surmenage, tout en capitalisant sur sa cr\u00e9ativit\u00e9 offensive.<\/p>\n<p>Le retour de James devrait aussi permettre d\u2019all\u00e9ger la charge port\u00e9e par Luka Doncic et Austin Reaves, qui ont jusqu\u2019ici assum\u00e9 un r\u00f4le majeur dans la cr\u00e9ation du jeu. Les deux joueurs pourraient b\u00e9n\u00e9ficier de lignes de passes plus simples, d\u2019un meilleur spacing et d\u2019une structure offensive plus lisible. Pour Los Angeles, l\u2019arriv\u00e9e imminente de leur leader offre donc une occasion de consolider leur d\u00e9but de saison, de renforcer leur ambition et d\u2019aborder la suite du calendrier avec davantage de certitudes.<\/p>\n","protected":false},"excerpt":{"rendered":"Par R\u00e9daction |\u00a0Sport Le d\u00e9but de saison des Lakers a surpris par sa solidit\u00e9 malgr\u00e9 l\u2019absence de LeBron&hellip;\n","protected":false},"author":2,"featured_media":543259,"comment_status":"","ping_status":"","sticky":false,"template":"","format":"standard","meta":{"footnotes":""},"categories":[1586],"tags":[11,1777,674,1779,1011,27,8641,62324,2182,12,25,1778,364],"class_list":{"0":"post-543258","1":"post","2":"type-post","3":"status-publish","4":"format-standard","5":"has-post-thumbnail","7":"category-europe","8":"tag-actualites","9":"tag-eu","10":"tag-europe","11":"tag-european-union","12":"tag-fr","13":"tag-france","14":"tag-lebron-james","15":"tag-los-angeles-lakers","16":"tag-nba","17":"tag-news","18":"tag-republique-francaise","19":"tag-ue","20":"tag-union-europeenne"},"share_on_mastodon":{"url":"https:\/\/pubeurope.com\/@fr\/115572761191364374","error":""},"_links":{"self":[{"href":"https:\/\/www.europesays.com\/fr\/wp-json\/wp\/v2\/posts\/543258","targetHints":{"allow":["GET"]}}],"collection":[{"href":"https:\/\/www.europesays.com\/fr\/wp-json\/wp\/v2\/posts"}],"about":[{"href":"https:\/\/www.europesays.com\/fr\/wp-json\/wp\/v2\/types\/post"}],"author":[{"embeddable":true,"href":"https:\/\/www.europesays.com\/fr\/wp-json\/wp\/v2\/users\/2"}],"replies":[{"embeddable":true,"href":"https:\/\/www.europesays.com\/fr\/wp-json\/wp\/v2\/comments?post=543258"}],"version-history":[{"count":0,"href":"https:\/\/www.europesays.com\/fr\/wp-json\/wp\/v2\/posts\/543258\/revisions"}],"wp:featuredmedia":[{"embeddable":true,"href":"https:\/\/www.europesays.com\/fr\/wp-json\/wp\/v2\/media\/543259"}],"wp:attachment":[{"href":"https:\/\/www.europesays.com\/fr\/wp-json\/wp\/v2\/media?parent=543258"}],"wp:term":[{"taxonomy":"category","embeddable":true,"href":"https:\/\/www.europesays.com\/fr\/wp-json\/wp\/v2\/categories?post=543258"},{"taxonomy":"post_tag","embeddable":true,"href":"https:\/\/www.europesays.com\/fr\/wp-json\/wp\/v2\/tags?post=543258"}],"curies":[{"name":"wp","href":"https:\/\/api.w.org\/{rel}","templated":true}]}}