{"id":543265,"date":"2025-11-18T21:17:16","date_gmt":"2025-11-18T21:17:16","guid":{"rendered":"https:\/\/www.europesays.com\/fr\/543265\/"},"modified":"2025-11-18T21:17:16","modified_gmt":"2025-11-18T21:17:16","slug":"louis-bielle-biarrey-la-decision-est-officielle","status":"publish","type":"post","link":"https:\/\/www.europesays.com\/fr\/543265\/","title":{"rendered":"Louis Bielle-Biarrey, la d\u00e9cision est officielle"},"content":{"rendered":"<p><strong>Ce mardi, Louis Bielle-Biarrey a<br \/>\nappris qu&rsquo;il \u00e9tait nomm\u00e9 par World Rugby au titre de meilleur<br \/>\njoueur de l&rsquo;ann\u00e9e 2025.<\/strong><\/p>\n<p>Tandis qu\u2019il est en pleine tourn\u00e9e d\u2019automne avec le <a href=\"https:\/\/www.sports.fr\/rugby\/xv-de-france\" rel=\"nofollow noopener\" target=\"_blank\">XV de France<\/a>, Louis<br \/>\nBielle-Biarrey a appris ce mardi qu\u2019il pourrait bien remporter un<br \/>\nnouveau troph\u00e9e individuel cette ann\u00e9e. Celui qui a d\u00e9j\u00e0 \u00e9t\u00e9<br \/>\nd\u00e9sign\u00e9 meilleur international tricolore en 2025 et meilleur joueur<br \/>\ndu Tournoi des VI Nations est d\u00e9sormais l\u2019un des quatre nomm\u00e9s au<br \/>\ntitre de meilleur joueur mondial de l\u2019ann\u00e9e 2025.<\/p>\n<p>L\u2019ailier de l\u2019Union Bordeaux-B\u00e8gles, par ailleurs champion<br \/>\nd\u2019Europe avec son club en mai dernier, a de sacr\u00e9s atouts dans sa<br \/>\nbesace pour l\u2019emporter. Mais la concurrence s\u2019annonce tout de m\u00eame<br \/>\ntr\u00e8s rude. Face \u00e0 lui, c\u2019est une ligue sud-africaine qui se<br \/>\npr\u00e9sente puisque dans son annonce faite ce mardi, World Rugby a<br \/>\naussi r\u00e9v\u00e9l\u00e9 que Pieter-Steph Du Toit, Malcolm Marx et Ox Nche<br \/>\n\u00e9tait le trio qui compl\u00e9tait ce quatuor de pr\u00e9tendants.<\/p>\n<blockquote class=\"twitter-tweet\"><p><a class=\"twitter-link\" rel=\"noindex, nofollow noopener\" href=\"https:\/\/twitter.com\/sports_fr\/status\/1990438413648990470\" target=\"_blank\"><\/p><\/blockquote>\n<p>Du Toit a d\u2019ailleurs d\u00e9j\u00e0 remport\u00e9 \u00e0 deux reprises cette<br \/>\ndistinction individuelle en 2019 et 2024. Comme l\u2019instance du rugby<br \/>\nmondiale l\u2019a pr\u00e9cis\u00e9, \u00ab\u00a0chaque candidat a \u00e9t\u00e9 s\u00e9lectionn\u00e9<br \/>\npar le jury des World Rugby Awards, compos\u00e9 d\u2019anciennes l\u00e9gendes du<br \/>\nrugby\u00a0\u00bb. Quant \u00e0 l\u2019annonce du vainqueur, elle sera faite<br \/>\nle samedi 22 novembre sur les plateformes num\u00e9riques de World<br \/>\nRugby.<\/p>\n<p>Louis Bielle-Biarrey pour succ\u00e9der \u00e0 Pieter-Steph Du Toit<br \/>\n?<\/p>\n<p>\u00c0 noter que les quatre nomm\u00e9s occupent chacun un poste<br \/>\ndiff\u00e9rent. Louis Bielle-Biarrey pour les trois-quarts, Pieter-Steph<br \/>\nDu Toit en tant que troisi\u00e8me-ligne, un pilier avec Ox Nche et le<br \/>\ntalonneur Malcolm Marx. D\u2019autres titre seront d\u00e9voil\u00e9s le m\u00eame<br \/>\njour, dont celui de la r\u00e9v\u00e9lation de l\u2019ann\u00e9e.<\/p>\n<blockquote class=\"twitter-tweet\"><p><a class=\"twitter-link\" rel=\"noindex, nofollow noopener\" href=\"https:\/\/twitter.com\/WorldRugby\/status\/1990706543784833310\" target=\"_blank\"><\/p><\/blockquote>\n<p>Pas de Fran\u00e7ais cette fois, mais un Anglais avec Henry Pollock,<br \/>\nun Australien incarn\u00e9 par Joseph-Aukuso Sua\u2019ali\u2019i, un N\u00e9o-Z\u00e9landais<br \/>\navec le deuxi\u00e8me-ligne Fabian Holland, et enfin un Sud-Africain<br \/>\navec Ethan Hooker. Le plus bel essai sera \u00e9galement \u00e9lu, et l\u00e0<br \/>\nnon-plus il n\u2019y a pas de drapeau fran\u00e7ais \u00e0 l\u2019horizon.<\/p>\n<p><script async src=\"https:\/\/platform.twitter.com\/widgets.js\" charset=\"utf-8\"><\/script><\/p>\n","protected":false},"excerpt":{"rendered":"Ce mardi, Louis Bielle-Biarrey a appris qu&rsquo;il \u00e9tait nomm\u00e9 par World Rugby au titre de meilleur joueur de&hellip;\n","protected":false},"author":2,"featured_media":543266,"comment_status":"","ping_status":"","sticky":false,"template":"","format":"standard","meta":{"footnotes":""},"categories":[1416],"tags":[1011,27,479,1468,60],"class_list":{"0":"post-543265","1":"post","2":"type-post","3":"status-publish","4":"format-standard","5":"has-post-thumbnail","7":"category-rugby","8":"tag-fr","9":"tag-france","10":"tag-rugby","11":"tag-rugby-football","12":"tag-sports"},"share_on_mastodon":{"url":"https:\/\/pubeurope.com\/@fr\/115572784775155233","error":""},"_links":{"self":[{"href":"https:\/\/www.europesays.com\/fr\/wp-json\/wp\/v2\/posts\/543265","targetHints":{"allow":["GET"]}}],"collection":[{"href":"https:\/\/www.europesays.com\/fr\/wp-json\/wp\/v2\/posts"}],"about":[{"href":"https:\/\/www.europesays.com\/fr\/wp-json\/wp\/v2\/types\/post"}],"author":[{"embeddable":true,"href":"https:\/\/www.europesays.com\/fr\/wp-json\/wp\/v2\/users\/2"}],"replies":[{"embeddable":true,"href":"https:\/\/www.europesays.com\/fr\/wp-json\/wp\/v2\/comments?post=543265"}],"version-history":[{"count":0,"href":"https:\/\/www.europesays.com\/fr\/wp-json\/wp\/v2\/posts\/543265\/revisions"}],"wp:featuredmedia":[{"embeddable":true,"href":"https:\/\/www.europesays.com\/fr\/wp-json\/wp\/v2\/media\/543266"}],"wp:attachment":[{"href":"https:\/\/www.europesays.com\/fr\/wp-json\/wp\/v2\/media?parent=543265"}],"wp:term":[{"taxonomy":"category","embeddable":true,"href":"https:\/\/www.europesays.com\/fr\/wp-json\/wp\/v2\/categories?post=543265"},{"taxonomy":"post_tag","embeddable":true,"href":"https:\/\/www.europesays.com\/fr\/wp-json\/wp\/v2\/tags?post=543265"}],"curies":[{"name":"wp","href":"https:\/\/api.w.org\/{rel}","templated":true}]}}