{"id":543267,"date":"2025-11-18T21:18:12","date_gmt":"2025-11-18T21:18:12","guid":{"rendered":"https:\/\/www.europesays.com\/fr\/543267\/"},"modified":"2025-11-18T21:18:12","modified_gmt":"2025-11-18T21:18:12","slug":"rinderknech-battu-par-bergs-la-france-eliminee-des-les-quarts-de-finale-de-la-coupe-davis-lequipe","status":"publish","type":"post","link":"https:\/\/www.europesays.com\/fr\/543267\/","title":{"rendered":"Rinderknech battu par Bergs : la France \u00e9limin\u00e9e d\u00e8s les quarts de finale de la Coupe Davis &#8211; L&#039;\u00c9quipe"},"content":{"rendered":"<ol>\n<li><a href=\"https:\/\/news.google.com\/rss\/articles\/CBMi1AFBVV95cUxOX3BpTlFxOFR5cDNmdG1wNXZxQmJONlh3aEZuc01fdDRyVEc2c1pLUV81MUEta2ZYZnY0RlFOUEZRQnVCTTNyUFg2RHgxUWM5LWZFTUFlS0J6WnYzWEtfZmpELUpXVXB0allXY0ozWGFNRExmdnRJa1pUUWFoeUlGT1M2N1pia0ZpX2h3eUxKOHBYdTFtcVNnbjlCUEEtNXV0ZUEtU3kyRXVXS0pLZmJLbnVaMXh0Z3NFbG8tYU4zSjU3WUNGYll1aTk0VlpvQzBmZ1hUdg?oc=5\" target=\"_blank\" rel=\"nofollow noopener\">Rinderknech battu par Bergs : la France \u00e9limin\u00e9e d\u00e8s les quarts de finale de la Coupe Davis<\/a>&nbsp;&nbsp;L&rsquo;\u00c9quipe<\/li>\n<li><a href=\"https:\/\/news.google.com\/rss\/articles\/CBMi-gFBVV95cUxNQWpBWHdWa1JkY1VTRTd0S09uZ0ZCSFJHdU9NQ1B3MlFjODkxMGlMdWRLQjJ3QmFJMlZrT2dmckI4bzBXTlJLd084QnlQcjJPa1dmTUFNVFZEMFg0dkhLVy15NF9faGNManc1OUF4ajZqNUhHR21WV2dKZnF2X1VBaUo1NU9OeWN0Y1lZNlJjVFVlVHlpZW5ib3c1eXoweE1kQ2ZmTnBSNW9iZk84ejY2YjRPcFE2Z09ybG9JNHUwbUtKV0hXZGp4RmVURDNPWWJRcGhlQUxpaUV0eWxaWjY1cGQzX21LV3VnQ1BRYmVVbXhGVFBxSHA0RDdn?oc=5\" target=\"_blank\" rel=\"nofollow noopener\">\u00ab\u00a0Je n&rsquo;ai pas trouv\u00e9 les mots\u00a0\u00bb : Mathieu d\u00e9douane ses joueurs<\/a>&nbsp;&nbsp;Eurosport<\/li>\n<li><a href=\"https:\/\/news.google.com\/rss\/articles\/CBMi7AFBVV95cUxObUY4dHk2anZ6YWJzUGQtb2ZqOUlSWm5vd0JIcFlCR0UyeEVNcUFvX01JWDdxUFJEdWNUODRUWXB1OEdfTFY1RlhHZEl0TEt2TjFUODVUU2pwMGJyRDBZSVVHSDZaS3FiYjBHVFNmNVhMYVYtM3VzdUpwb0lPNkg1dGU0d3k4ekg3YW5xNlZ4Qy1LSURWYTNNS3YyNXJMM0phYWpRMlk5cHl0QzYwODdtYW5TdHREWUowV3Y1YTVxRnZSLWZRWmh3SEFDT1dNd05MTVg3VjRhdFRBMmMzRVRWMmpibkNocjh4Tnh0Rg?oc=5\" target=\"_blank\" rel=\"nofollow noopener\">L\u2019\u00e9quipe de France de tennis balay\u00e9e par la Belgique en quarts de finale de la Coupe Davis<\/a>&nbsp;&nbsp;Le Monde.fr<\/li>\n<li><a href=\"https:\/\/news.google.com\/rss\/articles\/CBMiowFBVV95cUxPcGdPZmd2eFlqc3JIQ0MyN1ZUZ3dILTlTQjN0UVV1N0IyNl9pTWh6TklqVXIzc2hSSHdNbGZxZ3NDZExUUFF1cHZqVmxyRkRMOTlZa0dwRHBhblN6N0wtLVM4dkJyZ2ZOOU5tWkZ6MER1amgtNzJHMnI5Y0Q1WWVEemJPSVZUQU9NclZHdWhQdVpIZUVHemdXUG9Uc0UxNi1XbWow0gGiAUFVX3lxTE5FZTd2M2UwdjFydFZIQWxCMVV4Z0NnbVNaV1BudTFDYnZXbFpWbGcxSDBRcWRLcEtGUXNQLUVsM3M0MFRyS1ViX3EzeU4xRDBXcWdsTjE0X0M5eXg0SXpnYlZkU2RmRjlCa3FWZ1pCRUN1eDlRN2p0aF8yRDhBaVNKa3V1UHhXUjhrUEhYZmNxQ2drLUVJT2VPX09ScklxOENYUQ?oc=5\" target=\"_blank\" rel=\"nofollow noopener\">Coupe Davis : Zizou (Bergs) \u00e9limine les Bleus ! : Sports &#8211; Orange<\/a>&nbsp;&nbsp;Sports &#8211; Orange<\/li>\n<li><a href=\"https:\/\/news.google.com\/rss\/articles\/CBMirAFBVV95cUxORnRqbTAxOTlnUDFaenlDQ2Y1YThBWmJJWUpWZlNaUXpISEhhZDZhYV9IZDdrRC15MGtYZHJCXzZoekpSRUNCaE8wWDNSWVJSTVhPbmthaHVQeExtRVJGXzZENjBvU0JVY2pCeWtOY3cxaWpYTnRvYTlXVkxRLXlvd3IyVmNYbjRySFZvaXFkZTNabm5QRzlJaDhRT1FQc0hfZVNZMU0tRlZma0Z0?oc=5\" target=\"_blank\" rel=\"nofollow noopener\">Un Jour avec les Bleus #5 | Phase finale | Coupe Davis 2025<\/a>&nbsp;&nbsp;F\u00e9d\u00e9ration Fran\u00e7aise de Tennis<\/li>\n<\/ol>\n","protected":false},"excerpt":{"rendered":"Rinderknech battu par Bergs : la France \u00e9limin\u00e9e d\u00e8s les quarts de finale de la Coupe Davis&nbsp;&nbsp;L&rsquo;\u00c9quipe \u00ab\u00a0Je&hellip;\n","protected":false},"author":2,"featured_media":543268,"comment_status":"","ping_status":"","sticky":false,"template":"","format":"standard","meta":{"footnotes":""},"categories":[1415],"tags":[1011,27,60,1467],"class_list":{"0":"post-543267","1":"post","2":"type-post","3":"status-publish","4":"format-standard","5":"has-post-thumbnail","7":"category-tennis","8":"tag-fr","9":"tag-france","10":"tag-sports","11":"tag-tennis"},"share_on_mastodon":{"url":"https:\/\/pubeurope.com\/@fr\/115572788603946875","error":""},"_links":{"self":[{"href":"https:\/\/www.europesays.com\/fr\/wp-json\/wp\/v2\/posts\/543267","targetHints":{"allow":["GET"]}}],"collection":[{"href":"https:\/\/www.europesays.com\/fr\/wp-json\/wp\/v2\/posts"}],"about":[{"href":"https:\/\/www.europesays.com\/fr\/wp-json\/wp\/v2\/types\/post"}],"author":[{"embeddable":true,"href":"https:\/\/www.europesays.com\/fr\/wp-json\/wp\/v2\/users\/2"}],"replies":[{"embeddable":true,"href":"https:\/\/www.europesays.com\/fr\/wp-json\/wp\/v2\/comments?post=543267"}],"version-history":[{"count":0,"href":"https:\/\/www.europesays.com\/fr\/wp-json\/wp\/v2\/posts\/543267\/revisions"}],"wp:featuredmedia":[{"embeddable":true,"href":"https:\/\/www.europesays.com\/fr\/wp-json\/wp\/v2\/media\/543268"}],"wp:attachment":[{"href":"https:\/\/www.europesays.com\/fr\/wp-json\/wp\/v2\/media?parent=543267"}],"wp:term":[{"taxonomy":"category","embeddable":true,"href":"https:\/\/www.europesays.com\/fr\/wp-json\/wp\/v2\/categories?post=543267"},{"taxonomy":"post_tag","embeddable":true,"href":"https:\/\/www.europesays.com\/fr\/wp-json\/wp\/v2\/tags?post=543267"}],"curies":[{"name":"wp","href":"https:\/\/api.w.org\/{rel}","templated":true}]}}