{"id":543273,"date":"2025-11-18T21:24:16","date_gmt":"2025-11-18T21:24:16","guid":{"rendered":"https:\/\/www.europesays.com\/fr\/543273\/"},"modified":"2025-11-18T21:24:16","modified_gmt":"2025-11-18T21:24:16","slug":"noemie-et-guillaume-le-limousin-lamour-est-dans-le-pre-racontent-la-naissance-compliquee-de-leur-fille","status":"publish","type":"post","link":"https:\/\/www.europesays.com\/fr\/543273\/","title":{"rendered":"No\u00e9mie et Guillaume le Limousin (L&rsquo;amour est dans le pr\u00e9) racontent la naissance compliqu\u00e9e de leur fille"},"content":{"rendered":"<p>Pr\u00e9sents aux 20 ans de L&rsquo;amour est dans le pr\u00e9, dont la premi\u00e8re partie sera bient\u00f4t diffus\u00e9e sur M6, Guillaume le Limousin et No\u00e9mie \u2014 d\u00e9couverts en 2022 dans la saison 17 du programme de dating champ\u00eatre \u2014 ont pr\u00e9sent\u00e9 leur petite fille \u00e0 Karine Le Marchand. Une naissance compliqu\u00e9e pour les jeunes parents, comme ils l&rsquo;ont r\u00e9v\u00e9l\u00e9 dans l&rsquo;\u00e9mission, dont on a pu voir quelques images.<\/p>\n<p>Des noces de porcelaine. C&rsquo;est ce que s&rsquo;appr\u00eate \u00e0 f\u00eater <a href=\"https:\/\/www.programme-tv.net\/news\/tv\/366741-l-amour-est-dans-le-pre-2025-portraits-des-futurs-candidats-tournage-ce-que-l-on-sait-sur-la-saison-20\/\" data-api-deeplink=\"teleloisirs:\/\/news\/366741\" target=\"_blank\" rel=\"noopener\">L&rsquo;amour est dans le pr\u00e9<\/a> avec son public tr\u00e8s prochainement. Pour c\u00e9l\u00e9brer ses 20 ans, <a href=\"https:\/\/www.programme-tv.net\/news\/tv\/392177-l-amour-est-dans-le-pre-voici-la-date-de-diffusion-des-20-ans-de-l-emission-avec-plein-danciens-candidats\/\" data-api-deeplink=\"teleloisirs:\/\/news\/392177\" target=\"_blank\" rel=\"noopener\">l&rsquo;\u00e9mission de dating champ\u00eatre a r\u00e9uni plusieurs dizaines d&rsquo;agriculteurs embl\u00e9matiques<\/a>, avec leurs familles respectives, le temps d&rsquo;un week-end dans le Sud. Un rendez-vous dont la premi\u00e8re partie sera diffus\u00e9e sur M6 d\u00e8s le lundi 8 d\u00e9cembre. T\u00e9l\u00e9-Loisirs a pu d\u00e9couvrir en avant-premi\u00e8re quelques s\u00e9quences de l&rsquo;\u00e9mission, <a href=\"https:\/\/www.programme-tv.net\/news\/people\/387902-guillaume-et-noemie-l-amour-est-dans-le-pre-17-annoncent-la-naissance-de-leur-premier-enfant-c-est-un-bebe-de-reve\/\" data-api-deeplink=\"teleloisirs:\/\/news\/387902\" target=\"_blank\" rel=\"noopener\">parmi lesquels la pr\u00e9sentation du 94e b\u00e9b\u00e9 ADP<\/a>, une petite \u00c9leonore, n\u00e9e des amours de Guillaume le Limousin et No\u00e9mie, <a href=\"https:\/\/www.programme-tv.net\/news\/people\/368205-je-t-aime-l-amour-de-ma-vie-guillaume-et-noemie-l-amour-est-dans-le-pre-partagent-une-belle-photo-et-se-font-une-sublime-declaration-d-amour\/\" data-api-deeplink=\"teleloisirs:\/\/news\/368205\" target=\"_blank\" rel=\"noopener\">couple phare de la saison 17<\/a>.<\/p>\n<p>\u00ab\u00a0Elle est rest\u00e9e une semaine \u00e0 l&rsquo;h\u00f4pital\u00a0\u00bb : No\u00e9mie et Guillaume (ADP 2022) racontent la naissance compliqu\u00e9e de leur fille<\/p>\n<p>Karine Le Marchand n&rsquo;a \u00e9videmment pas manqu\u00e9 de rendre une petite visite au dernier n\u00e9 de la grande famille ADP. Une naissance compliqu\u00e9e sur laquelle les jeunes parents sont revenus. \u00ab\u00a0<b>Elle est n\u00e9e avec le cordon autour du cou<\/b>\u00ab\u00a0, indique d&rsquo;abord Guillaume. \u00ab\u00a0<b>Et donc elle s&rsquo;\u00e9tranglait ?<\/b>\u00ab\u00a0, demande la pr\u00e9sentatrice de 57 ans. \u00ab\u00a0Oui, elle \u00e9tait un peu grise\u00a0\u00bb, poursuit le jeune papa, pr\u00e9cisant que l&rsquo;enfant a \u00e9t\u00e9 \u00ab\u00a0pos\u00e9e deux secondes sur le c\u0153ur de No\u00e9mie\u00a0\u00bb, mais pas plus longtemps. \u00ab\u00a0<b>Elle ne respirait plus. <\/b>Elle a \u00e9t\u00e9 transf\u00e9r\u00e9e dans un autre \u00e9tablissement et moi, je n&rsquo;ai pas pu venir tout de suite, je n&rsquo;\u00e9tais pas transportable. Donc s\u00e9paration\u00a0\u00bb, explique No\u00e9mie, tr\u00e8s \u00e9mue. \u00ab\u00a0<b>\u00c7a a \u00e9t\u00e9 dur<\/b>\u00ab\u00a0, rench\u00e9rit la jeune maman, pr\u00e9cisant tout de m\u00eame que son compagnon a pu suivre leur enfant dans cette autre maternit\u00e9. \u00ab\u00a0Elle est rest\u00e9e \u00e0 l&rsquo;h\u00f4pital une semaine\u00a0\u00bb, conclut la jeune maman, ravie aujourd&rsquo;hui de pouvoir profiter des joies de la parentalit\u00e9.<\/p>\n<p>                        L&rsquo;amour est dans le pr\u00e9 : Karine Le Marchand est-elle la marraine d&rsquo;enfants n\u00e9s gr\u00e2ce \u00e0 l&rsquo;\u00e9mission ?<\/p>\n<p>En 20 ans d&rsquo;\u00e9mission, L&rsquo;amour est dans le pr\u00e9 a mis en avant 250 agriculteurs et vu plusieurs dizaines d&rsquo;entre eux se marier. De ces amours sont n\u00e9s 94 enfants \u2014\u00a0et <a href=\"https:\/\/www.programme-tv.net\/news\/people\/391914-lucile-l-amour-est-dans-le-pre-a-prepare-une-belle-surprise-pour-jerome-a-quelques-jours-de-son-accouchement-non-sans-larme\/\" data-api-deeplink=\"teleloisirs:\/\/news\/391914\" target=\"_blank\" rel=\"noopener\">un 95e devrait bient\u00f4t voir le jour chez J\u00e9r\u00f4me et Lucile<\/a> ! Une grande famille \u00e0 laquelle appartient \u00e9videmment Karine Le Marchand. Mais \u00ab\u00a0Tata Kaka\u00a0\u00bb est-elle \u00e9galement marraine ? \u00ab\u00a0Je ne veux pas \u00eatre la marraine d&rsquo;un des enfants parce que je n&rsquo;aurais pas le temps de m&rsquo;en occuper. Pour moi, \u00eatre marraine, c&rsquo;est important, \u00e7a veut dire quelque chose. Donc, je ne veux \u00eatre ni t\u00e9moin de mariage, ni marraine d&rsquo;un enfant parce que je ne saurais pas tenir mon r\u00f4le\u00a0\u00bb, nous a confi\u00e9 l&rsquo;animatrice.<\/p>\n<p>En revanche, l&rsquo;animatrice ne loupe pas une miette des premiers pas et des grands moments des uns et des autres, m\u00eame loin des cam\u00e9ras.<\/p>\n","protected":false},"excerpt":{"rendered":"Pr\u00e9sents aux 20 ans de L&rsquo;amour est dans le pr\u00e9, dont la premi\u00e8re partie sera bient\u00f4t diffus\u00e9e sur&hellip;\n","protected":false},"author":2,"featured_media":543274,"comment_status":"","ping_status":"","sticky":false,"template":"","format":"standard","meta":{"footnotes":""},"categories":[1359],"tags":[244,58,59,1011,27,66128,2173,5413,7988,494,973,1630],"class_list":{"0":"post-543273","1":"post","2":"type-post","3":"status-publish","4":"format-standard","5":"has-post-thumbnail","7":"category-people","8":"tag-commentaire","9":"tag-divertissement","10":"tag-entertainment","11":"tag-fr","12":"tag-france","13":"tag-guillaume-du-limousin-lamour-est-dans-le-pru00e9-17","14":"tag-interview","15":"tag-karine-le-marchand","16":"tag-lamour-est-dans-le-pru00e9","17":"tag-m6","18":"tag-people","19":"tag-zapping"},"share_on_mastodon":{"url":"https:\/\/pubeurope.com\/@fr\/115572812697120715","error":""},"_links":{"self":[{"href":"https:\/\/www.europesays.com\/fr\/wp-json\/wp\/v2\/posts\/543273","targetHints":{"allow":["GET"]}}],"collection":[{"href":"https:\/\/www.europesays.com\/fr\/wp-json\/wp\/v2\/posts"}],"about":[{"href":"https:\/\/www.europesays.com\/fr\/wp-json\/wp\/v2\/types\/post"}],"author":[{"embeddable":true,"href":"https:\/\/www.europesays.com\/fr\/wp-json\/wp\/v2\/users\/2"}],"replies":[{"embeddable":true,"href":"https:\/\/www.europesays.com\/fr\/wp-json\/wp\/v2\/comments?post=543273"}],"version-history":[{"count":0,"href":"https:\/\/www.europesays.com\/fr\/wp-json\/wp\/v2\/posts\/543273\/revisions"}],"wp:featuredmedia":[{"embeddable":true,"href":"https:\/\/www.europesays.com\/fr\/wp-json\/wp\/v2\/media\/543274"}],"wp:attachment":[{"href":"https:\/\/www.europesays.com\/fr\/wp-json\/wp\/v2\/media?parent=543273"}],"wp:term":[{"taxonomy":"category","embeddable":true,"href":"https:\/\/www.europesays.com\/fr\/wp-json\/wp\/v2\/categories?post=543273"},{"taxonomy":"post_tag","embeddable":true,"href":"https:\/\/www.europesays.com\/fr\/wp-json\/wp\/v2\/tags?post=543273"}],"curies":[{"name":"wp","href":"https:\/\/api.w.org\/{rel}","templated":true}]}}