{"id":543275,"date":"2025-11-18T21:25:17","date_gmt":"2025-11-18T21:25:17","guid":{"rendered":"https:\/\/www.europesays.com\/fr\/543275\/"},"modified":"2025-11-18T21:25:17","modified_gmt":"2025-11-18T21:25:17","slug":"decoration-les-10-grandes-tendances-qui-simposeront-dans-les-salons-en-2026","status":"publish","type":"post","link":"https:\/\/www.europesays.com\/fr\/543275\/","title":{"rendered":"D\u00e9coration : les 10 grandes tendances qui s\u2019imposeront dans les salons en 2026"},"content":{"rendered":"<p><strong>Voici \u00e0 quoi ressembleront les salons modernes en 2026 : des couleurs profondes, des textures riches et beaucoup de personnalit\u00e9<\/strong><\/p>\n<p>En 2026, les <a href=\"https:\/\/www.admagazine.fr\/article\/comment-decorer-salon-10-idees-deco-tendance\" target=\"_blank\" rel=\"noopener\">salons<\/a> ne conna\u00eetront pas de grands bouleversements, mais prolongeront les tendances amorc\u00e9es au d\u00e9but de l\u2019ann\u00e9e 2025 : des couleurs chaudes et profondes, des textures riches au toucher et une forte personnalit\u00e9.<\/p>\n<p>Andrea Lorente, directrice artistique de The Masie, le sait parfaitement : \u00ab Le <a href=\"https:\/\/www.admagazine.fr\/article\/feng-shui-maximalisme-coexister\" target=\"_blank\" rel=\"noopener\">maximalisme<\/a> raffin\u00e9 est sans aucun doute le style qui va marquer le plus cette ann\u00e9e. Ou, comme j\u2019aime l\u2019appeler : l\u2019art d\u2019habiter avec intention. Dans un monde qui, pendant des ann\u00e9es, nous a vendu la puret\u00e9 du blanc, les lignes droites et les espaces vides comme synonymes de bon go\u00fbt, le maximalisme raffin\u00e9 vient nous dire que vivre dans la beaut\u00e9 n\u2019est pas synonyme de vivre dans l\u2019aust\u00e9rit\u00e9. \u00bb<\/p>\n<p>\u00ab Il ne s\u2019agit pas de remplir des \u00e9tag\u00e8res ou d\u2019accumuler des objets pour le plaisir d\u2019accumuler ; le maximalisme raffin\u00e9 est tout le contraire : c\u2019est savoir choisir, m\u00e9langer, \u00e9diter. C\u2019est s\u2019entourer d\u2019<a href=\"https:\/\/www.admagazine.fr\/article\/objets-accessibles-style-decorateurs-ad100\" target=\"_blank\" rel=\"noopener\">objets<\/a> qui racontent quelque chose, qui ont une histoire, qui vous \u00e9meuvent \u00bb, poursuit-elle. En d\u2019autres termes : des objets qui refl\u00e8tent votre identit\u00e9. \u00ab Dans un salon con\u00e7u selon cette approche, nous ne voyons pas seulement le design, nous voyons la personne qui l\u2019habite. Il y a des livres lus, des objets h\u00e9rit\u00e9s, de l\u2019art local, des souvenirs de voyage, des fleurs s\u00e9ch\u00e9es cueillies lors d\u2019une promenade. Tout parle. Tout a une \u00e2me. \u00bb<\/p>\n<p><img decoding=\"async\" alt=\"grandes tendances dcoration salon moderne 2026  salon clectique  couleurs terre  mobilier sculptural\" loading=\"lazy\" class=\"ResponsiveImageContainer-eNxvmU cfBbTk responsive-image__image\"   src=\"https:\/\/www.europesays.com\/fr\/wp-content\/uploads\/2025\/11\/THE%20MASIE9546.jpg\"\/><\/p>\n<p>\u00ab En 2026, les <a href=\"https:\/\/www.admagazine.fr\/article\/tendance-meubles-colores-grand-pari-2026\" target=\"_blank\" rel=\"noopener\">meubles<\/a> modulaires ou d\u2019angle font leur grand retour. Ils sont parfaits pour optimiser l\u2019espace sans perdre en style \u00bb, explique Andrea Lorente, de The Masie.<\/p>\n<p>\u00a9 The MasieLes nouvelles couleurs phares de 2026<\/p>\n<p>Des tonalit\u00e9s terreuses, enveloppantes<\/p>\n<p>\u00ab En 2026, les <a href=\"https:\/\/www.admagazine.fr\/article\/silhouette-couleur-annee-2026-benjamin-moore\" target=\"_blank\" rel=\"noopener\">couleurs<\/a> tendent vers une palette chaude, enveloppante et sophistiqu\u00e9e. Les tons terreux tels que les rouges rouille, les prunes intenses et les bruns chocolat profonds occuperont le devant de la sc\u00e8ne \u00bb, explique Westwing.<\/p>\n<p>Des associations tr\u00e8s inattendues<\/p>\n<p>Quelles sont les nouvelles couleurs qui seront \u00e9galement \u00e0 l\u2019honneur ? L\u2019Electric Indigo (un bleu violac\u00e9 brillant), le Bright Emerald (un vert \u00e9meraude tr\u00e8s vif) et l\u2019Amber Haze (un ambre dor\u00e9 doux), selon Andrea Lorente. L\u2019experte nous explique \u00e9galement qu\u2019ils seront associ\u00e9s \u00e0 des tons neutres chauds, tels que le <a href=\"https:\/\/www.admagazine.fr\/article\/tendances-deco-2026-architectes-interieur\" target=\"_blank\" rel=\"noopener\">beige<\/a> classique et le Wax Paper (un beige jaun\u00e2tre semblable au parchemin), et m\u00eame \u00e0 des touches m\u00e9talliques d\u2019acier ou d\u2019or p\u00e2le.<\/p>\n<p>Mais attention : \u00ab Nous verrons \u00e9galement des incrustations de blocs de couleur, une technique qui joue avec la g\u00e9om\u00e9trie pour transformer des pi\u00e8ces fonctionnelles en objets presque sculpturaux. Ce sont des accents graphiques qui rompent la monotonie sans saturer \u00bb, explique Andrea Lorente. Nous verrons m\u00eame des bois teints dans des nuances allant du rouge vin aux verts intenses ou aux <a href=\"https:\/\/www.admagazine.fr\/article\/inspirations-salle-de-bains-bleue\" target=\"_blank\" rel=\"noopener\">bleus<\/a> sourds.<\/p>\n<p>Le minimalisme organique surnomm\u00e9 \u00ab soft modern \u00bb<\/p>\n<p>Chez Sklum, cependant, on croit en une ann\u00e9e 2026 plus organique et plus calme : \u00ab Nous verrons beaucoup de vert sauge, de bruns intenses et de beiges cr\u00e9meux, des nuances qui \u00e9voquent la nature et l\u2019\u00e9quilibre. Les imprim\u00e9s passeront au second plan ; l\u2019accent sera mis sur la texture et la mati\u00e8re. \u00bb En effet, selon eux, le style de l\u2019ann\u00e9e ne sera pas le maximalisme, mais une sorte de minimalisme organique qu\u2019ils appellent \u00ab soft modern \u00bb, \u00ab une \u00e9volution du style <a href=\"https:\/\/www.admagazine.fr\/article\/plantes-interieur-style-japandi\" target=\"_blank\" rel=\"noopener\">Japandi<\/a>, plus terre-\u00e0-terre et \u00e9motionnel \u00bb.<\/p>\n","protected":false},"excerpt":{"rendered":"Voici \u00e0 quoi ressembleront les salons modernes en 2026 : des couleurs profondes, des textures riches et beaucoup&hellip;\n","protected":false},"author":2,"featured_media":543276,"comment_status":"","ping_status":"","sticky":false,"template":"","format":"standard","meta":{"footnotes":""},"categories":[1358],"tags":[1348,1384,1385,63524,1386,58,59,1011,27,19246],"class_list":{"0":"post-543275","1":"post","2":"type-post","3":"status-publish","4":"format-standard","5":"has-post-thumbnail","7":"category-arts-et-design","8":"tag-arts","9":"tag-arts-and-design","10":"tag-arts-et-design","11":"tag-couleurs-tendances","12":"tag-design","13":"tag-divertissement","14":"tag-entertainment","15":"tag-fr","16":"tag-france","17":"tag-tendances-dinterieur"},"share_on_mastodon":{"url":"https:\/\/pubeurope.com\/@fr\/115572817070809974","error":""},"_links":{"self":[{"href":"https:\/\/www.europesays.com\/fr\/wp-json\/wp\/v2\/posts\/543275","targetHints":{"allow":["GET"]}}],"collection":[{"href":"https:\/\/www.europesays.com\/fr\/wp-json\/wp\/v2\/posts"}],"about":[{"href":"https:\/\/www.europesays.com\/fr\/wp-json\/wp\/v2\/types\/post"}],"author":[{"embeddable":true,"href":"https:\/\/www.europesays.com\/fr\/wp-json\/wp\/v2\/users\/2"}],"replies":[{"embeddable":true,"href":"https:\/\/www.europesays.com\/fr\/wp-json\/wp\/v2\/comments?post=543275"}],"version-history":[{"count":0,"href":"https:\/\/www.europesays.com\/fr\/wp-json\/wp\/v2\/posts\/543275\/revisions"}],"wp:featuredmedia":[{"embeddable":true,"href":"https:\/\/www.europesays.com\/fr\/wp-json\/wp\/v2\/media\/543276"}],"wp:attachment":[{"href":"https:\/\/www.europesays.com\/fr\/wp-json\/wp\/v2\/media?parent=543275"}],"wp:term":[{"taxonomy":"category","embeddable":true,"href":"https:\/\/www.europesays.com\/fr\/wp-json\/wp\/v2\/categories?post=543275"},{"taxonomy":"post_tag","embeddable":true,"href":"https:\/\/www.europesays.com\/fr\/wp-json\/wp\/v2\/tags?post=543275"}],"curies":[{"name":"wp","href":"https:\/\/api.w.org\/{rel}","templated":true}]}}