{"id":543277,"date":"2025-11-18T21:27:16","date_gmt":"2025-11-18T21:27:16","guid":{"rendered":"https:\/\/www.europesays.com\/fr\/543277\/"},"modified":"2025-11-18T21:27:16","modified_gmt":"2025-11-18T21:27:16","slug":"en-direct-la-grande-confrontation-suivez-lemission-avec-raphael-glucksmann-sur-lci","status":"publish","type":"post","link":"https:\/\/www.europesays.com\/fr\/543277\/","title":{"rendered":"EN DIRECT &#8211; \u00ab\u00a0La Grande confrontation\u00a0\u00bb : suivez l&rsquo;\u00e9mission avec Rapha\u00ebl Glucksmann sur LCI"},"content":{"rendered":"<ul class=\"jsx-862013697 ArticleChapo__List\">\n<li class=\"jsx-862013697 ArticleChapo__List_Item flex\">Rapha\u00ebl Glucksmann, leader de Place publique, est l&rsquo;invit\u00e9 ce mardi 18 novembre de \u00ab\u00a0La Grande confrontation\u00a0\u00bb sur LCI.<\/li>\n<li class=\"jsx-862013697 ArticleChapo__List_Item flex\">Fiscalit\u00e9, retraites, s\u00e9curit\u00e9, immigration&#8230; Le d\u00e9put\u00e9 europ\u00e9en r\u00e9pond aux questions des Fran\u00e7ais.<\/li>\n<li class=\"jsx-862013697 ArticleChapo__List_Item flex\">Suivez l&rsquo;\u00e9mission en direct \u00e0 partir de 20h40.<\/li>\n<\/ul>\n<p>Minute par minute\u00a0\u00bbLA FAIBLESSE DES SANCTIONS N&rsquo;EST PAS NORMALE\u00a0\u00bb22:24<\/p>\n<p>Nadia Benachour, m\u00e8re d&rsquo;un enfant agress\u00e9, interroge Rapha\u00ebl Glucksmann sur la justice des mineurs, puisque les agresseurs de son fils, mineurs, ont \u00e9t\u00e9 condamn\u00e9s \u00ab\u00a0\u00e0 15 jours de stage de bonne conduite, avant d&rsquo;en sortir en rigolant\u00a0\u00bb, affirme-t-elle. \u00ab\u00a0C&rsquo;est r\u00e9voltant\u00a0\u00bb, r\u00e9agit Rapha\u00ebl Glucksmann. \u00ab\u00a0Il est normal de ne pas consid\u00e9rer les mineurs et les majeurs de la m\u00eame mani\u00e8re. Mais la faiblesse des sanctions n&rsquo;est pas normale. Je ne veux pas que la victime d&rsquo;une agression soit oblig\u00e9e de d\u00e9m\u00e9nager, il faut d\u00e9velopper des centres d&rsquo;\u00e9ducation ferm\u00e9s.\u00a0\u00bb<\/p>\n<p>\u00ab\u00a0UN FONDS DE COMPENSATION POUR L&rsquo;AC\u00c9TAMIPRIDE\u00a0\u00bb22:12<\/p>\n<p>Rapha\u00ebl Glucksmann est interrog\u00e9 par un agriculteur qui lui reproche d&rsquo;\u00eatre contre l&rsquo;ac\u00e9tamipride, l&rsquo;insecticide au c\u0153ur des pol\u00e9miques <a href=\"https:\/\/www.tf1info.fr\/politique\/loi-duplomb-la-petition-sera-bel-et-bien-examinee-en-commission-a-l-assemblee-2395207.html\" target=\"_blank\" rel=\"noopener\">dans la loi Duplomb<\/a>. \u00ab\u00a0Comment est-il possible que les interdictions ne soient pas les m\u00eames \u00e0 partir du moment o\u00f9 en est dans un march\u00e9 commun ?\u00a0\u00bb, se demande le leader de Place publique. \u00ab\u00a0Quand une d\u00e9cision d&rsquo;interdiction est prise, il faut un fonds de compensation. C&rsquo;est un probl\u00e8me. Il fallait tout de suite un fonds d&rsquo;accompagnement, sinon c&rsquo;est compl\u00e8tement d\u00e9loyal.\u00a0\u00bb<\/p>\n<p>\u00ab\u00a0TAXER LES PETITS COLIS ET BANNIR LES PRODUITS DU TRAVAIL FORC\u00c9\u00a0\u00bb22:01<\/p>\n<p>Denis Arnoult, pr\u00e9sident d&rsquo;une entreprise de textile, interroge Rapha\u00ebl Glucksmann sur la concurrence de la Chine sur l&rsquo;industrie. \u00ab\u00a0Le syst\u00e8me actuel va \u00e9radiquer notre production, d\u00e9truire l&rsquo;environnement et fouler au pied les droits humains et sociaux\u00a0\u00bb, r\u00e9pond le leader de Place publique. \u00ab\u00a0Il faut changer drastiquement de politique commerciale. Il faut taxer d\u00e8s 2026 les petits colis en dessous de 150 euros, non tax\u00e9s aujourd&rsquo;hui. Il faut mettre en place le bannissement des produits du travail forc\u00e9 et le devoir de vigilance des multinationales.\u00a0\u00bb<\/p>\n<p>GLUCKSMANN FAVORABLE \u00c0 UN RETOUR DE L&rsquo;ISF21:50<\/p>\n<p>\u00ab\u00a0Il faut un nouveau contrat social lisible et qui privil\u00e9gie les travailleurs\u00a0\u00bb, affirme Rapha\u00ebl Glucksmann. \u00ab\u00a0Oui\u00a0\u00bb, le leader de Place publique est pour un retour de l&rsquo;imp\u00f4t sur la fortune (ISF). \u00ab\u00a0Commencer un mandat en abolissant l&rsquo;ISF, c&rsquo;\u00e9tait se placer sous le signe de l&rsquo;injustice fiscale.\u00a0\u00bb<\/p>\n<p>\u00ab\u00a0LES ULTRARICHES \u00c9CHAPPENT \u00c0 LA PROGRESSIVIT\u00c9 DE L&rsquo;IMP\u00d4T\u00a0\u00bb21:44<\/p>\n<p>Rapha\u00ebl Glucksmann est d\u00e9sormais interrog\u00e9 par Guillaume Rostand, install\u00e9 \u00e0 Barcelone qui affirme que de plus en plus de Fran\u00e7ais s&rsquo;expatrient en raison de la fiscalit\u00e9. \u00ab\u00a0Je suis pour la philosophie derri\u00e8re la taxe Zucman, m\u00eame si j&rsquo;entends qu&rsquo;il y a des probl\u00e8mes d&rsquo;application\u00a0\u00bb, r\u00e9pond Rapha\u00ebl Glucksmann. \u00ab\u00a0Il faut mettre fin \u00e0 l&rsquo;injustice qui fait que les ultrariches parviennent \u00e0 \u00e9chapper \u00e0 la progressivit\u00e9 de l&rsquo;imp\u00f4t. Ceux qui ont le plus doivent participer le plus \u00e0 l&rsquo;effort commun.\u00a0\u00bb<\/p>\n<p>\u00ab\u00a0L&rsquo;\u00c2GE L\u00c9GAL DE LA RETRAITE ? PAS JUSTE DE METTRE TOUT LE MONDE SUR LA M\u00caME LIGNE\u00a0\u00bb21:35<\/p>\n<p>\u00ab\u00a0Si on veut le progr\u00e8s social tout en investissement dans l&rsquo;\u00e9cole, l&rsquo;h\u00f4pital, la police, la justice, il faut une r\u00e9forme des retraites juste\u00a0\u00bb, affirme Rapha\u00ebl Glucksmann. \u00ab\u00a0Les gens qui ont des salaires \u00e9lev\u00e9s et de tr\u00e8s bonnes conditions de travail devront participer \u00e0 l&rsquo;effort commun. Ce n&rsquo;est pas juste de mettre tout le monde sur la m\u00eame ligne de d\u00e9part. Oui, des gens doivent travailler plus, mais pas une femme de m\u00e9nage ou un travailleur dans un abattoir.\u00a0\u00bb<\/p>\n<p>\u00ab\u00a0LES RETRAITES ? TOUT LE MONDE NE POURRA PAS PARTIR \u00c0 60 ANS\u00a0\u00bb21:31<\/p>\n<p>Une institutrice du Val-de-Marne interroge Rapha\u00ebl Glucksmann sur l&rsquo;\u00e2ge l\u00e9gal de la retraite. \u00ab\u00a0Nous avons combattu la r\u00e9forme d&rsquo;Emmanuel Macron, qui \u00e9tait injuste\u00a0\u00bb, rappelle le leader de Place publique. \u00ab\u00a0Je ne crois pas que tout le monde pourra partir \u00e0 60 ans. Ceux qui le disent n&rsquo;y croient pas eux-m\u00eames : il y a 1,7 actif pour 1 retrait\u00e9. Mais l&rsquo;\u00e2ge l\u00e9gal universel est injuste. Je ne trouve pas juste qu&rsquo;un cadre sup\u00e9rieur d&rsquo;un grand groupe parte \u00e0 la retraite en m\u00eame temps qu&rsquo;un travailleur dans un abattoir.\u00a0\u00bb<\/p>\n<p>\u00ab\u00a0METTRE FIN AUX CRIMES DE GUERRE DU GOUVERNEMENT ISRA\u00c9LIEN\u00a0\u00bb21:20<\/p>\n<p>Rapha\u00ebl Glucksmann est d\u00e9sormais interrog\u00e9 par Mahmoud Albanna, ancien habitant de Gaza qui a perdu plusieurs membres de sa famille dans la guerre. Il lui demande pourquoi il n&#8217;emploie pas le terme de \u00ab\u00a0g\u00e9nocide\u00a0\u00bb.<\/p>\n<p>\u00ab\u00a0L&#8217;emploi du terme g\u00e9nocide ou non ne d\u00e9termine pas les actions pour mettre fin aux crimes\u00a0\u00bb, r\u00e9pond Rapha\u00ebl Glucksmann. \u00ab\u00a0J&rsquo;ai toujours \u00e9t\u00e9 extr\u00eamement pr\u00e9cautionneux dans l&#8217;emploi de ce terme parce que sinon je ne sais pas comment on qualifie l&rsquo;extermination des juifs d&rsquo;Europe. Cela n&rsquo;enl\u00e8ve rien \u00e0 la gravit\u00e9 des crimes et \u00e0 la n\u00e9cessit\u00e9 d&rsquo;agir : il faut mettre fin aux crimes de guerre et aux crimes contre l&rsquo;humanit\u00e9 commis par le gouvernement isra\u00e9lien.\u00a0\u00bb<\/p>\n<p>\u00ab\u00a0UNE CONFRONTATION QUE NOUS N&rsquo;AVONS PAS CHOISIE\u00a0\u00bb21:11<\/p>\n<p>\u00ab\u00a0Apr\u00e8s l&rsquo;invasion de la G\u00e9orgie en 2008, on nous a expliqu\u00e9 que le seul probl\u00e8me de Poutine, c&rsquo;\u00e9tait la G\u00e9orgie\u00a0\u00bb, rappelle Rapha\u00ebl Glucksmann. \u00ab\u00a0Ensuite, il y a eu la Crim\u00e9e. Maintenant, il y a toute l&rsquo;Ukraine. La cible du r\u00e9gime russe, c&rsquo;est l&rsquo;Union europ\u00e9enne, comme quand il favorise l&rsquo;extr\u00eame droite lors d&rsquo;\u00e9lections en Roumanie. Nos d\u00e9mocraties sont menac\u00e9es. Nous sommes dans une confrontation que nous n&rsquo;avons pas choisie. Si on veut la paix, il faut la fermet\u00e9.\u00a0\u00bb<\/p>\n<p>\u00ab\u00a0NOUS SOMMES VIS\u00c9S PAR LE R\u00c9GIME RUSSE\u00a0\u00bb21:07<\/p>\n<p>Rapha\u00ebl Glucksmann est interrog\u00e9 par Jean Sayad, vice-pr\u00e9sident de l&rsquo;association \u00ab\u00a0Amiti\u00e9s russes\u00a0\u00bb, sur la guerre en Ukraine. \u00ab\u00a0Nous aidons autant l&rsquo;Ukraine parce que c&rsquo;est nous qui sommes vis\u00e9s par le r\u00e9gime russe\u00a0\u00bb, affirme-t-il. \u00ab\u00a0Notre s\u00e9curit\u00e9 est en p\u00e9ril. \u00c9coutons nos services de s\u00e9curit\u00e9 quand ils nous disent que la guerre de Vladimir Poutine ne se limitera pas aux fronti\u00e8res de l&rsquo;Ukraine. Ce r\u00e9gime russe &#8211; pas le peuple russe &#8211; nous livre une guerre hybride et nous cible. C&rsquo;est pour aider la France que l&rsquo;on aide l&rsquo;Ukraine, pour \u00e9viter que nos soldats soient sur la ligne de front.\u00a0\u00bb<\/p>\n<p>\u00ab\u00a0LE NARCOTRAFIC ? CONSID\u00c9RER QUE C&rsquo;EST UNE GUERRE\u00a0\u00bb21:00<\/p>\n<p>Faut-il culpabiliser les consommateurs de drogue ? \u00ab\u00a0Il faut d&rsquo;abord mettre l&rsquo;accent sur les r\u00e9seaux\u00a0\u00bb, r\u00e9pond Rapha\u00ebl Glucksmann sur LCI. \u00ab\u00a0Ce qui s&rsquo;est pass\u00e9 \u00e0 Marseille doit nous marquer. Nous sommes \u00e0 un moment de rupture. Les narcotrafiquants ont une avance technologique sur l&rsquo;\u00c9tat en permanence. Oui, il va falloir consid\u00e9rer que c&rsquo;est une guerre. Toutes les villes sont touch\u00e9es.\u00a0\u00bb<\/p>\n<p>\u00ab\u00a0LA D\u00c9TENTION DE BOUALEM SANSAL \u00c9TAIT SCANDALEUSE\u00a0\u00bb20:56<\/p>\n<p>La d\u00e9tention \u00a0de Boualem Sansal \u00e0 Alger \u00e9tait \u00ab\u00a0scandaleuse\u00a0\u00bb, affirme sur LCI Rapha\u00ebl Glucksmann. \u00ab\u00a0On n&rsquo;enferme pas un \u00e9crivain pour ses paroles. Il a fait preuve d&rsquo;un courage immense. Sa lib\u00e9ration a \u00e9t\u00e9 un soulagement immense. Sa d\u00e9tention heurte tous nos principes. Nous pouvons remercier l&rsquo;Allemagne : quand l&rsquo;Europe agit de concert, cela peut fonctionner.\u00a0\u00bb<\/p>\n<p>LA GRANDE CONFRONTATION20:47<\/p>\n<p>\ud83d\udcfa Suivez \u00ab\u00a0La Grande confrontation\u00a0\u00bb avec Rapha\u00ebl Glucksmann d\u00e8s maintenant sur LCI (canal 15).<\/p>\n<p>5 CHOSES \u00c0 SAVOIR SUR RAPHA\u00cbL GLUCKSMANN20:05<\/p>\n<p>Rapha\u00ebl Glucksmann est pressenti pour \u00eatre candidat \u00e0 la prochaine \u00e9lection pr\u00e9sidentielle. Voici 5 choses \u00e0 savoir sur lui.<\/p>\n<p>\u00c9lections Municipales 2026<img decoding=\"async\" src=\"https:\/\/www.europesays.com\/fr\/wp-content\/uploads\/2025\/11\/raphael-glucksmann-et-aurore-lalucq-apres-leur-rencontre-avec-francois-bayrou-le-2-septembre-2025-b5.jpeg\" alt=\"5 choses \u00e0 savoir sur Rapha\u00ebl Glucksmann, invit\u00e9 de &quot;La Grande confrontation&quot; sur LCI\" loading=\"lazy\" importance=\"low\" fetchpriority=\"low\" class=\"\" aria-hidden=\"true\"\/>Publi\u00e9 aujourd&rsquo;hui \u00e0 12h2220:02<\/p>\n<p>Bonsoir et bienvenue sur TF1info pour suivre \u00ab\u00a0La Grande confrontation\u00a0\u00bb. Le cofondateur de Place publique Rapha\u00ebl Glucksmann est l&rsquo;invit\u00e9 de LCI \u00e0 partir de 20h40.<\/p>\n<p data-module=\"article-paragraph\" class=\"jsx-3046738180 Paragraph Paragraph__End\">Il fait partie des noms cit\u00e9s dans la course \u00e0 l&rsquo;\u00c9lys\u00e9e en 2027. L&rsquo;eurod\u00e9put\u00e9 <a href=\"https:\/\/www.tf1info.fr\/actualite\/raphael-glucksmann-13599\/\" target=\"_blank\" rel=\"noopener\">Rapha\u00ebl Glucksmann<\/a>, cofondateur du parti Place publique, est l&rsquo;invit\u00e9 ce mardi 18 novembre <a href=\"https:\/\/www.tf1info.fr\/politique\/la-grande-confrontation-avec-raphael-glucksmann-ce-mardi-18-novembre-2025-a-20h40-sur-lci-2407265.html\" target=\"_blank\" rel=\"noopener\">de \u00ab\u00a0La Grande confrontation\u00a0\u00bb sur LCI<\/a>. Quelle est sa position sur les d\u00e9bats budg\u00e9taires ? Quelles sont ses propositions sur la s\u00e9curit\u00e9 ou l&rsquo;immigration ? Celui qui souhaite \u00ab\u00a0embrasser l&rsquo;h\u00e9ritage politique\u00a0\u00bb de la social-d\u00e9mocratie, selon son entourage, va r\u00e9pondre aux questions de David Pujadas et des Fran\u00e7ais.<\/p>\n<p><a href=\"https:\/\/www.tf1info.fr\/elections\/elections-europeennes-2024-5-choses-a-savoir-sur-raphael-glucksmann-place-publique-candidat-tete-de-liste-ps-gabriel-attal-sarkozy-2284724.html\" rel=\"noopener\" class=\"jsx-3308031228 Link flex\" target=\"_blank\"><img decoding=\"async\" src=\"https:\/\/www.europesays.com\/fr\/wp-content\/uploads\/2025\/11\/raphael-glucksmann-et-aurore-lalucq-apres-leur-rencontre-avec-francois-bayrou-le-2-septembre-2025-3b.jpeg\" alt=\"Bertrand GUAY \/ AFP\" loading=\"lazy\" importance=\"low\" fetchpriority=\"low\" class=\"\" aria-hidden=\"true\"\/><\/p>\n<p class=\"jsx-3657663356 ReadMoreArticle__Title\">Lire aussi<\/p>\n<p class=\"jsx-3657663356\">5 choses \u00e0 savoir sur Rapha\u00ebl Glucksmann, invit\u00e9 de \u00ab\u00a0La Grande confrontation\u00a0\u00bb sur LCI<\/p>\n<p><\/a><\/p>\n<p data-module=\"article-paragraph\" class=\"jsx-3046738180 Paragraph Paragraph__End\">Pour l&rsquo;heure, Rapha\u00ebl Glucksmann n&rsquo;a pas confirm\u00e9 s&rsquo;il se pr\u00e9sentait \u00e0 la pr\u00e9sidentielle dans un an et demi. Lui refuse en tout cas de participer \u00e0 <a href=\"https:\/\/www.tf1info.fr\/politique\/election-presidentielle-2027-la-gauche-unitaire-lfi-les-ecologistes-parti-socialiste-annonce-une-primaire-pour-l-automne-2026-2406949.html\" target=\"_blank\" rel=\"noopener\">la primaire de la gauche unitaire<\/a> programm\u00e9e \u00e0 l&rsquo;automne 2026, apr\u00e8s avoir conduit la liste Place publique\/Parti socialiste <a href=\"https:\/\/www.tf1info.fr\/elections\/resultats-elections-europeennes-2024-quels-scores-quelle-liste-gagne-dans-votre-ville-commune-village-en-france-2303177.html\" target=\"_blank\" rel=\"noopener\">aux europ\u00e9ennes en 2024<\/a> (3\u1d49 avec 13,83% des suffrages) et obtenu un million de voix de plus que celle de La France insoumise, qu&rsquo;il combat. Ce mardi soir, c&rsquo;est \u00e0 l&rsquo;autre c\u00f4t\u00e9 de l&rsquo;\u00e9chiquier politique qu&rsquo;il va se confronter : <a href=\"https:\/\/www.tf1info.fr\/actualite\/eric-zemmour-11186\/\" target=\"_blank\" rel=\"noopener\">Eric Zemmour<\/a>, patron du parti Reconqu\u00eate, d\u00e9battra avec lui.<\/p>\n<p data-module=\"article-paragraph\" class=\"jsx-3046738180 Paragraph Paragraph__End\"><strong>Suivez \u00ab\u00a0La Grande confrontation\u00a0\u00bb avec Rapha\u00ebl Glucksmann ce mardi 18 novembre \u00e0 partir de 20h40, en direct sur LCI (canal 15), TF1+, TF1info ainsi que sur nos r\u00e9seaux sociaux YouTube et X.<\/strong><\/p>\n<p>Id\u00e8r NABILI<\/p>\n","protected":false},"excerpt":{"rendered":"Rapha\u00ebl Glucksmann, leader de Place publique, est l&rsquo;invit\u00e9 ce mardi 18 novembre de \u00ab\u00a0La Grande confrontation\u00a0\u00bb sur LCI.&hellip;\n","protected":false},"author":2,"featured_media":543278,"comment_status":"","ping_status":"","sticky":false,"template":"","format":"standard","meta":{"footnotes":""},"categories":[1356],"tags":[1111,11,1921,58,59,3220,1011,27,1922,50202,3541,4289,15923,252,1364,133,4530,14843],"class_list":{"0":"post-543277","1":"post","2":"type-post","3":"status-publish","4":"format-standard","5":"has-post-thumbnail","7":"category-television","8":"tag-actu","9":"tag-actualites","10":"tag-article-video","11":"tag-divertissement","12":"tag-entertainment","13":"tag-eric-zemmour","14":"tag-fr","15":"tag-france","16":"tag-info","17":"tag-la-grande-confrontation","18":"tag-parti-socialiste","19":"tag-place-publique","20":"tag-raphael-glucksmann","21":"tag-television","22":"tag-tv","23":"tag-video","24":"tag-video-politique","25":"tag-vie-politique-francaise"},"share_on_mastodon":{"url":"https:\/\/pubeurope.com\/@fr\/115572824882352513","error":""},"_links":{"self":[{"href":"https:\/\/www.europesays.com\/fr\/wp-json\/wp\/v2\/posts\/543277","targetHints":{"allow":["GET"]}}],"collection":[{"href":"https:\/\/www.europesays.com\/fr\/wp-json\/wp\/v2\/posts"}],"about":[{"href":"https:\/\/www.europesays.com\/fr\/wp-json\/wp\/v2\/types\/post"}],"author":[{"embeddable":true,"href":"https:\/\/www.europesays.com\/fr\/wp-json\/wp\/v2\/users\/2"}],"replies":[{"embeddable":true,"href":"https:\/\/www.europesays.com\/fr\/wp-json\/wp\/v2\/comments?post=543277"}],"version-history":[{"count":0,"href":"https:\/\/www.europesays.com\/fr\/wp-json\/wp\/v2\/posts\/543277\/revisions"}],"wp:featuredmedia":[{"embeddable":true,"href":"https:\/\/www.europesays.com\/fr\/wp-json\/wp\/v2\/media\/543278"}],"wp:attachment":[{"href":"https:\/\/www.europesays.com\/fr\/wp-json\/wp\/v2\/media?parent=543277"}],"wp:term":[{"taxonomy":"category","embeddable":true,"href":"https:\/\/www.europesays.com\/fr\/wp-json\/wp\/v2\/categories?post=543277"},{"taxonomy":"post_tag","embeddable":true,"href":"https:\/\/www.europesays.com\/fr\/wp-json\/wp\/v2\/tags?post=543277"}],"curies":[{"name":"wp","href":"https:\/\/api.w.org\/{rel}","templated":true}]}}