{"id":54328,"date":"2025-04-26T12:03:16","date_gmt":"2025-04-26T12:03:16","guid":{"rendered":"https:\/\/www.europesays.com\/fr\/54328\/"},"modified":"2025-04-26T12:03:16","modified_gmt":"2025-04-26T12:03:16","slug":"la-lyceenne-tuee-de-57-coups-de-couteau-le-suspect-ne-donne-aucun-mobile","status":"publish","type":"post","link":"https:\/\/www.europesays.com\/fr\/54328\/","title":{"rendered":"la lyc\u00e9enne tu\u00e9e de 57 coups de couteau, le suspect ne donne \u00ab\u00a0aucun mobile\u00a0\u00bb"},"content":{"rendered":"<p>L&rsquo;adolescent de 16 ans qui a tu\u00e9 de 57 coups de couteau une lyc\u00e9enne \u00e0 Nantes jeudi est \u00ab\u00a0un jeune \u00e0 l&rsquo;\u00e9vidence suicidaire\u00a0\u00bb, \u00ab\u00a0extr\u00eamement solitaire\u00a0\u00bb, mais \u00ab\u00a0il n&rsquo;y a absolument aucun mobile susceptible d&rsquo;\u00eatre \u00e9voqu\u00e9 (&#8230;) d&rsquo;une fa\u00e7on certaine\u00a0\u00bb pour expliquer son geste, a indiqu\u00e9 vendredi le procureur Antoine Leroy.<\/p>\n<p><a href=\"https:\/\/www.france24.com\/fr\/france\/20250424-nantes-lyc\u00e9en-poignarde-\u00e9l\u00e8ves-mort-bless\u00e9s-couteau-faits-divers-\u00e9ducation\" rel=\"nofollow noopener\" target=\"_blank\" data-ylk=\"slk:L&#039;adolescente de 15 ans d\u00e9c\u00e9d\u00e9e jeudi dans un lyc\u00e9e priv\u00e9 de Nantes;elm:context_link;itc:0;sec:content-canvas\" class=\"link \">L&rsquo;adolescente de 15 ans d\u00e9c\u00e9d\u00e9e jeudi dans un lyc\u00e9e priv\u00e9 de Nantes<\/a> a \u00e9t\u00e9 frapp\u00e9e de \u00ab\u00a057 coups de couteau\u00a0\u00bb lors d&rsquo;une violente attaque commise par un \u00e9l\u00e8ve, mais \u00ab\u00a0aucun mobile\u00a0\u00bb ne peut \u00eatre \u00e9voqu\u00e9 de \u00ab\u00a0fa\u00e7on certaine\u00a0\u00bb, a annonc\u00e9, vendredi 25 avril, le procureur Antoine Leroy.<\/p>\n<p>Jeudi, vers 12 h 30, le mis en cause, masqu\u00e9 et muni d&rsquo;un couteau de chasse d&rsquo;environ 20 cm, fait irruption dans la salle de classe o\u00f9 se trouvait la lyc\u00e9enne, au premier \u00e9tage du coll\u00e8ge-lyc\u00e9e Notre-Dame-de-Toutes-Aides.<\/p>\n<p>\u00ab\u00a0Sans parler, il s&rsquo;en prend imm\u00e9diatement et exclusivement \u00e0 une seule personne qui sera la jeune fille qui d\u00e9c\u00e8dera des suites des coups de couteau qu&rsquo;il lui aura donn\u00e9s\u00a0\u00bb, selon le r\u00e9cit du procureur au cours d&rsquo;une conf\u00e9rence de presse.<\/p>\n<p>\u00c0 lire aussi<a href=\"https:\/\/www.france24.com\/fr\/france\/20250424-nantes-lyc\u00e9en-poignarde-\u00e9l\u00e8ves-mort-bless\u00e9s-couteau-faits-divers-\u00e9ducation\" class=\"link \" rel=\"nofollow noopener\" target=\"_blank\" data-ylk=\"slk:Nantes : un lyc\u00e9en poignarde \u00e0 mort une \u00e9l\u00e8ve et fait trois bless\u00e9s;elm:context_link;itc:0;sec:content-canvas\">Nantes : un lyc\u00e9en poignarde \u00e0 mort une \u00e9l\u00e8ve et fait trois bless\u00e9s<\/a><\/p>\n<p>La plupart des \u00ab\u00a057 coups de couteau\u00a0\u00bb inflig\u00e9s \u00e0 cette victime lui ont \u00e9t\u00e9 donn\u00e9s \u00ab\u00a0sur le haut du corps, sur le cr\u00e2ne, dans la gorge\u00a0\u00bb, a pr\u00e9cis\u00e9 Antoine Leroy.<\/p>\n<p>\u00ab\u00a0En l&rsquo;\u00e9tat, il n&rsquo;y pas d&rsquo;\u00e9l\u00e9ment d\u00e9clencheur qui permette de comprendre\u00a0\u00bb ce drame, a ajout\u00e9 le procureur.<\/p>\n<p><a href=\"https:\/\/www.france24.com\/fr\/france\/20250426-nantes-lyc%C3%A9enne-tu%C3%A9e-57-coups-couteau-suspect-ne-donne-aucun-mobile\" rel=\"nofollow noopener\" target=\"_blank\" data-ylk=\"slk:Lire la suite sur FRANCE 24;elm:context_link;itc:0;sec:content-canvas\" class=\"link \">Lire la suite sur FRANCE 24<\/a><\/p>\n<p>Lire aussi:<br \/><a href=\"https:\/\/www.france24.com\/fr\/info-en-continu\/20250425-lyc%C3%A9enne-tu%C3%A9e-%C3%A0-coups-de-couteau-%C3%A0-nantes-le-profil-de-l-agresseur-au-centre-de-l-enqu%C3%AAte\" rel=\"nofollow noopener\" target=\"_blank\" data-ylk=\"slk:Attaque meurtri\u00e8re dans un lyc\u00e9e \u00e0 Nantes : le profil de l&#039;agresseur au centre de l&#039;enqu\u00eate;elm:context_link;itc:0;sec:content-canvas\" class=\"link \">Attaque meurtri\u00e8re dans un lyc\u00e9e \u00e0 Nantes : le profil de l&rsquo;agresseur au centre de l&rsquo;enqu\u00eate<\/a><br \/><a href=\"https:\/\/www.france24.com\/fr\/france\/20250424-nantes-lyc%C3%A9en-poignarde-%C3%A9l%C3%A8ves-mort-bless%C3%A9s-couteau-faits-divers-%C3%A9ducation\" rel=\"nofollow noopener\" target=\"_blank\" data-ylk=\"slk:Nantes : un lyc\u00e9en poignarde \u00e0 mort une \u00e9l\u00e8ve et fait trois bless\u00e9s;elm:context_link;itc:0;sec:content-canvas\" class=\"link \">Nantes : un lyc\u00e9en poignarde \u00e0 mort une \u00e9l\u00e8ve et fait trois bless\u00e9s<\/a><\/p>\n","protected":false},"excerpt":{"rendered":"L&rsquo;adolescent de 16 ans qui a tu\u00e9 de 57 coups de couteau une lyc\u00e9enne \u00e0 Nantes jeudi est&hellip;\n","protected":false},"author":2,"featured_media":54329,"comment_status":"","ping_status":"","sticky":false,"template":"","format":"standard","meta":{"footnotes":""},"categories":[2818],"tags":[1111,11,14874,1153,14875,1777,674,1011,27,14876,766,12,2636,25],"class_list":{"0":"post-54328","1":"post","2":"type-post","3":"status-publish","4":"format-standard","5":"has-post-thumbnail","7":"category-nantes","8":"tag-actu","9":"tag-actualites","10":"tag-antoine-leroy","11":"tag-conference-de-presse","12":"tag-couteau-de-chasse","13":"tag-eu","14":"tag-europe","15":"tag-fr","16":"tag-france","17":"tag-lyceenne","18":"tag-nantes","19":"tag-news","20":"tag-pays-de-la-loire","21":"tag-republique-francaise"},"share_on_mastodon":{"url":"https:\/\/pubeurope.com\/@fr\/114404170480364984","error":""},"_links":{"self":[{"href":"https:\/\/www.europesays.com\/fr\/wp-json\/wp\/v2\/posts\/54328","targetHints":{"allow":["GET"]}}],"collection":[{"href":"https:\/\/www.europesays.com\/fr\/wp-json\/wp\/v2\/posts"}],"about":[{"href":"https:\/\/www.europesays.com\/fr\/wp-json\/wp\/v2\/types\/post"}],"author":[{"embeddable":true,"href":"https:\/\/www.europesays.com\/fr\/wp-json\/wp\/v2\/users\/2"}],"replies":[{"embeddable":true,"href":"https:\/\/www.europesays.com\/fr\/wp-json\/wp\/v2\/comments?post=54328"}],"version-history":[{"count":0,"href":"https:\/\/www.europesays.com\/fr\/wp-json\/wp\/v2\/posts\/54328\/revisions"}],"wp:featuredmedia":[{"embeddable":true,"href":"https:\/\/www.europesays.com\/fr\/wp-json\/wp\/v2\/media\/54329"}],"wp:attachment":[{"href":"https:\/\/www.europesays.com\/fr\/wp-json\/wp\/v2\/media?parent=54328"}],"wp:term":[{"taxonomy":"category","embeddable":true,"href":"https:\/\/www.europesays.com\/fr\/wp-json\/wp\/v2\/categories?post=54328"},{"taxonomy":"post_tag","embeddable":true,"href":"https:\/\/www.europesays.com\/fr\/wp-json\/wp\/v2\/tags?post=54328"}],"curies":[{"name":"wp","href":"https:\/\/api.w.org\/{rel}","templated":true}]}}