{"id":543281,"date":"2025-11-18T21:29:18","date_gmt":"2025-11-18T21:29:18","guid":{"rendered":"https:\/\/www.europesays.com\/fr\/543281\/"},"modified":"2025-11-18T21:29:18","modified_gmt":"2025-11-18T21:29:18","slug":"ce-film-continue-de-faire-pleurer-les-abonnes-de-tele-loisirs","status":"publish","type":"post","link":"https:\/\/www.europesays.com\/fr\/543281\/","title":{"rendered":"Ce film continue de faire pleurer les abonn\u00e9s de T\u00e9l\u00e9-Loisirs"},"content":{"rendered":"<p>Plus de deux ans apr\u00e8s sa sortie sur la plateforme de streaming Netflix, un film continue de chambouler les spectateurs. En effet, les abonn\u00e9s de T\u00e9l\u00e9-Loisirs ont r\u00e9v\u00e9l\u00e9 \u00e0 quel point ils \u00e9taient \u00e9mus apr\u00e8s avoir d\u00e9couvert ce film, inspir\u00e9 d\u2019une histoire vraie.<\/p>\n<p>Si <a href=\"https:\/\/www.programme-tv.net\/guide-netflix\/\" target=\"_blank\" rel=\"noopener\">la plateforme de streaming Netflix<\/a> peut proposer des s\u00e9ries intenses qui passionnent ses abonn\u00e9s, \u00e0 l\u2019image de la s\u00e9rie cor\u00e9enne Squid Game ou de <a href=\"https:\/\/www.programme-tv.net\/news\/series-tv\/392081-encore-mieux-que-squid-game-et-hunger-games-la-serie-netflix-la-plus-vue-du-moment-dans-le-monde-a-fait-vibrer-les-abonnes\/\" data-api-deeplink=\"teleloisirs:\/\/news\/392081\" target=\"_blank\" rel=\"noopener\">cette nouveaut\u00e9 qui a tenu les internautes en haleine<\/a>, elle aime \u00e9galement faire vibrer autrement les t\u00e9l\u00e9spectateurs en ajoutant \u00e0 son catalogue des films dramatiques qui touchent au c\u0153ur. C\u2019est le cas d\u2019un long-m\u00e9trage mis en ligne en 2023, 2 C\u0153urs. Port\u00e9 notamment par Jacob Elordi, l\u2019acteur australien vu dans la s\u00e9rie Euphoria, mais \u00e9galement <a href=\"https:\/\/www.programme-tv.net\/news\/cinema\/391653-frankenstein-netflix-a-quoi-ressemble-jacob-elordi-qui-joue-la-creature-sans-les-effets-speciaux-photo\/\" data-api-deeplink=\"teleloisirs:\/\/news\/391653\" target=\"_blank\" rel=\"noopener\">dans le tout r\u00e9cent Frankenstein de Guillermo del Toro<\/a>, le long m\u00e9trage met en sc\u00e8ne deux histoires d\u2019amour, celle entre Christopher (Jacob Elordi), un \u00e9tudiant de 19 ans, et sa camarade de classe Sam (Tiera Skovbye), mais \u00e9galement celle d&rsquo;un exil\u00e9 cubain, Jorge (<a href=\"https:\/\/www.programme-tv.net\/news\/series-tv\/344427-mort-dadan-canto-a-42-ans-sa-femme-stephanie-lui-rend-un-hommage-dechirant-sur-les-reseaux-sociaux-et-devoile-une-photo-avec-lacteur\/\" data-api-deeplink=\"teleloisirs:\/\/news\/344427\" target=\"_blank\" rel=\"noopener\">Adan Canto, malheureusement d\u00e9c\u00e9d\u00e9 depuis<\/a>) et de Leslie (Radha Mitchell), une h\u00f4tesse de l&rsquo;air. Si leurs vies ne se d\u00e9roulent pas au m\u00eame endroit et qu\u2019ils ne se connaissent pas, un lien particulier unit Christopher et Jorge. Le film, qui a \u00e9mu les t\u00e9l\u00e9spectateurs, est d\u2019ailleurs <a href=\"https:\/\/www.programme-tv.net\/news\/cinema\/319868-2-coeurs-netflix-la-fascinante-histoire-vraie-derriere-ce-film-emouvant-avec-jacob-elordi\/\" data-api-deeplink=\"teleloisirs:\/\/news\/319868\" target=\"_blank\" rel=\"noopener\">tir\u00e9 d\u2019une histoire vraie particuli\u00e8rement touchante<\/a>.<\/p>\n<p>                        <b>2 C\u0153urs<\/b><b> : les abonn\u00e9s de T\u00e9l\u00e9-Loisirs \u00e9mus aux larmes<\/b><\/p>\n<p>Sur <a href=\"https:\/\/www.facebook.com\/groups\/368619363542041\/permalink\/2068939563510004\/\" target=\"_blank\" rel=\"noopener\">Facebook<\/a>, les abonn\u00e9s de T\u00e9l\u00e9-Loisirs se sont confi\u00e9s sur leur ressenti face \u00e0 ce film, <a href=\"https:\/\/www.programme-tv.net\/news\/cinema\/386903-prenez-un-stock-de-mouchoirs-a-voir-sur-netflix-ce-film-a-laisse-les-abonnes-de-tele-loisirs-en-pls\/\" data-api-deeplink=\"teleloisirs:\/\/news\/386903\" target=\"_blank\" rel=\"noopener\">qui les a visiblement beaucoup touch\u00e9s<\/a>. \u00ab\u00a0Je viens de finir ce film tr\u00e8s beau et \u00e9mouvant, les yeux pleins de larmes. On commence avec deux histoires d\u2019amour puis, je ne vous d\u00e9voilerai pas la suite, inspir\u00e9 d\u2019une histoire vraie. C&rsquo;est une ode \u00e0 la vie et au don\u00a0\u00bb, \u00ab\u00a0Vu et heureusement que j&rsquo;avais ma bo\u00eete de mouchoirs pr\u00e8s de moi&#8230; J&rsquo;ai eu du mal \u00e0 m&rsquo;en remettre\u00a0\u00bb, \u00ab\u00a0J&rsquo;ai ador\u00e9. Il m&rsquo;a fait pleurer ce film\u00a0\u00bb, \u00ab\u00a0Il est magnifique, je n&rsquo;ai pas arr\u00eat\u00e9 de pleurer\u00a0\u00bb ou encore \u00ab\u00a0Excellent film. Vous allez certainement verser quelques larmes \u00e0 la fin\u00a0\u00bb, ont not\u00e9 certains d\u2019entre eux en commentaires.<\/p>\n<p><b>2 C\u0153urs<\/b><b> : le film rencontre un vrai succ\u00e8s sur Netflix<\/b><\/p>\n<p>Sorti en 2023, 2 C\u0153urs a rencontr\u00e9 le succ\u00e8s, avant de dispara\u00eetre du top, puis d\u2019y faire une nouvelle apparition \u00e0 la fin du mois d\u2019ao\u00fbt de cette ann\u00e9e puisqu&rsquo;il a \u00e9t\u00e9 supprim\u00e9 puis rajout\u00e9 sur la plateforme. <a href=\"https:\/\/www.programme-tv.net\/news\/cinema\/386197-netflix-2-ans-apres-sa-sortie-ce-film-bouleversant-remonte-de-maniere-inattendue-dans-le-top\/\" data-api-deeplink=\"teleloisirs:\/\/news\/386197\" target=\"_blank\" rel=\"noopener\">Il a m\u00eame atteint la cinqui\u00e8me place<\/a>, marquant toujours les internautes de son empreinte. Pr\u00e8s de trois mois apr\u00e8s cette remont\u00e9e fracassante, il semble donc que le long m\u00e9trage continue de toucher les t\u00e9l\u00e9spectateurs, qui en parlent sur les r\u00e9seaux sociaux.<\/p>\n<p>Article \u00e9crit avec la collaboration de 6Medias<\/p>\n","protected":false},"excerpt":{"rendered":"Plus de deux ans apr\u00e8s sa sortie sur la plateforme de streaming Netflix, un film continue de chambouler&hellip;\n","protected":false},"author":2,"featured_media":543282,"comment_status":"","ping_status":"","sticky":false,"template":"","format":"standard","meta":{"footnotes":""},"categories":[1354],"tags":[66129,244,58,59,1346,1011,27,35104,1360,127,1722,129],"class_list":{"0":"post-543281","1":"post","2":"type-post","3":"status-publish","4":"format-standard","5":"has-post-thumbnail","7":"category-films","8":"tag-2-coeurs","9":"tag-commentaire","10":"tag-divertissement","11":"tag-entertainment","12":"tag-films","13":"tag-fr","14":"tag-france","15":"tag-jacob-elordi","16":"tag-movies","17":"tag-netflix","18":"tag-pub-streaming-netflix","19":"tag-svod"},"share_on_mastodon":{"url":"https:\/\/pubeurope.com\/@fr\/115572832059138929","error":""},"_links":{"self":[{"href":"https:\/\/www.europesays.com\/fr\/wp-json\/wp\/v2\/posts\/543281","targetHints":{"allow":["GET"]}}],"collection":[{"href":"https:\/\/www.europesays.com\/fr\/wp-json\/wp\/v2\/posts"}],"about":[{"href":"https:\/\/www.europesays.com\/fr\/wp-json\/wp\/v2\/types\/post"}],"author":[{"embeddable":true,"href":"https:\/\/www.europesays.com\/fr\/wp-json\/wp\/v2\/users\/2"}],"replies":[{"embeddable":true,"href":"https:\/\/www.europesays.com\/fr\/wp-json\/wp\/v2\/comments?post=543281"}],"version-history":[{"count":0,"href":"https:\/\/www.europesays.com\/fr\/wp-json\/wp\/v2\/posts\/543281\/revisions"}],"wp:featuredmedia":[{"embeddable":true,"href":"https:\/\/www.europesays.com\/fr\/wp-json\/wp\/v2\/media\/543282"}],"wp:attachment":[{"href":"https:\/\/www.europesays.com\/fr\/wp-json\/wp\/v2\/media?parent=543281"}],"wp:term":[{"taxonomy":"category","embeddable":true,"href":"https:\/\/www.europesays.com\/fr\/wp-json\/wp\/v2\/categories?post=543281"},{"taxonomy":"post_tag","embeddable":true,"href":"https:\/\/www.europesays.com\/fr\/wp-json\/wp\/v2\/tags?post=543281"}],"curies":[{"name":"wp","href":"https:\/\/api.w.org\/{rel}","templated":true}]}}