{"id":543287,"date":"2025-11-18T21:32:12","date_gmt":"2025-11-18T21:32:12","guid":{"rendered":"https:\/\/www.europesays.com\/fr\/543287\/"},"modified":"2025-11-18T21:32:12","modified_gmt":"2025-11-18T21:32:12","slug":"andrew-apres-avoir-perdu-ses-titres-il-reapparait-pour-la-premiere-fois-en-bonne-compagnie","status":"publish","type":"post","link":"https:\/\/www.europesays.com\/fr\/543287\/","title":{"rendered":"Andrew : apr\u00e8s avoir perdu ses titres, il r\u00e9appara\u00eet pour la premi\u00e8re fois\u2026 en bonne compagnie"},"content":{"rendered":"<p data-start=\"320\" data-end=\"633\">D\u00e9chu de tous ses titres, banni<br \/>\nde Windsor et d\u00e9sormais simple Andrew Mountbatten-Windsor, le fr\u00e8re<br \/>\ncadet du roi pensait entrer dans une longue p\u00e9riode d\u2019invisibilit\u00e9.<br \/>\n<a href=\"https:\/\/www.closermag.fr\/royautes\/andrew-perd-son-titre-de-prince-plus-seul-que-jamais-le-frere-de-charles-iii-na-plus-personne-vers-qui-se-tourner-3591447\" target=\"_blank\" rel=\"noopener\"><br \/>\nApr\u00e8s la d\u00e9cision radicale de Charles III<\/a>, beaucoup imaginaient<br \/>\nqu\u2019il se ferait discret, <strong>voire qu\u2019il vivrait d\u00e9j\u00e0 son exil<br \/>\nannonc\u00e9 \u00e0 Sandringham.<\/strong><\/p>\n<p data-start=\"635\" data-end=\"961\">Pourtant, le <a href=\"https:\/\/www.dailymail.co.uk\/news\/article-15301495\/Andrew-riding-horse-Windsor-not-good-look-King-annoy-William-Kate-Windsor-Royal-Lodge.html\" target=\"_blank\" rel=\"noopener\"><br \/>\nDaily Mail<\/a> a surpris tout le monde en publiant des<br \/>\nphotos inattendues. Non loin du <a href=\"https:\/\/www.closermag.fr\/royautes\/prince-andrew-humilie-on-sait-enfin-ou-il-pose-ses-valises-et-ca-na-plus-rien-de-royal-photos-3590707\" target=\"_blank\" rel=\"noopener\"><br \/>\nRoyal Lodge o\u00f9 il logeait avant la d\u00e9ch\u00e9ance<\/a>, l\u2019ex-prince<br \/>\nappara\u00eet en balade, <strong>serein, \u00e0 cheval, accompagn\u00e9 d\u2019une<br \/>\nfemme dont l\u2019identit\u00e9 n\u2019a pas \u00e9t\u00e9 d\u00e9voil\u00e9e.<\/strong> Une<br \/>\nr\u00e9apparition qui interroge, tant elle contraste avec les<br \/>\nbouleversements de ces derniers mois.<\/p>\n<p>Une d\u00e9ch\u00e9ance sans pr\u00e9c\u00e9dent<br \/>\net un quotidien qui semble inchang\u00e9<\/p>\n<p data-start=\"1032\" data-end=\"1594\">Depuis l\u2019affaire Epstein,<br \/>\nAndrew Mountbatten-Windsor encha\u00eene les chutes. D\u2019abord<br \/>\npubliquement discr\u00e9dit\u00e9, puis lentement d\u00e9pouill\u00e9 de ses honneurs<br \/>\nmilitaires, de ses privil\u00e8ges royaux et finalement de l\u2019int\u00e9gralit\u00e9<br \/>\nde ses titres, <strong>sur ordre d\u2019Elizabeth II puis de Charles<br \/>\nIII<\/strong>. Le point de bascule a \u00e9t\u00e9 l\u2019arrangement financier<br \/>\nconclu en 2022 avec <a href=\"https:\/\/www.closermag.fr\/royautes\/le-prince-andrew-vise-par-une-enquete-apres-la-decouverte-de-nouveaux-e-mails-accablants-sur-son-accusatrice-3588862\" target=\"_blank\" rel=\"noopener\"><br \/>\nVirginia Giuffre, la femme l\u2019accusant de l\u2019avoir viol\u00e9e<\/a><br \/>\nlorsqu\u2019elle \u00e9tait mineure. Celle-ci, qui s\u2019est donn\u00e9 la mort avant<br \/>\nla publication de son autobiographie en octobre, a remis l\u2019affaire<br \/>\nau centre de l\u2019attention.<\/p>\n<p data-start=\"1596\" data-end=\"1969\">La r\u00e9action de Charles III ne<br \/>\ns\u2019est pas fait attendre. Une fois le livre paru, le roi a pris une<br \/>\nd\u00e9cision historique : retirer \u00e0 Andrew tout ce qu\u2019il lui restait.<br \/>\nPlus de titre, plus d\u2019honneurs, plus de repr\u00e9sentation. Et pour<br \/>\nparachever le bannissement, <strong>la fin de son bail au Royal<br \/>\nLodge<\/strong>, cette r\u00e9sidence de 30 pi\u00e8ces qu\u2019il occupait depuis<br \/>\ndes ann\u00e9es, lui a \u00e9t\u00e9 signifi\u00e9e.<\/p>\n<p>Une<br \/>\nr\u00e9apparition inattendue pr\u00e8s du Royal Lodge<\/p>\n<p data-start=\"2023\" data-end=\"2334\">Malgr\u00e9 cette d\u00e9ch\u00e9ance totale,<br \/>\nl\u2019ex-duc d\u2019York n\u2019avait pas \u00e9t\u00e9 revu publiquement depuis les<br \/>\nannonces fracassantes du palais. Charles et Camilla eux-m\u00eames ont<br \/>\nadmis <strong>ne pas croire \u00e0 ses d\u00e9n\u00e9gations<\/strong>. Mais ce<br \/>\nlundi 17 novembre, le Daily<br \/>\nMail a diffus\u00e9 ces fameuses images montrant Andrew\u2026 exactement<br \/>\nl\u00e0 o\u00f9 on ne l\u2019attendait pas.<\/p>\n<p data-start=\"2336\" data-end=\"2707\">\u00c0 cheval, dans le domaine de<br \/>\nWindsor, visiblement \u00e0 son aise, il appara\u00eet <strong>en compagnie<br \/>\nd\u2019une femme dont le visage n\u2019a pas \u00e9t\u00e9 identifi\u00e9.<\/strong> Une<br \/>\npr\u00e9sence qui ne correspond pas \u00e0 Sarah Ferguson, son ex-\u00e9pouse<br \/>\n\u00e9galement frapp\u00e9e par les sanctions royales et invit\u00e9e \u00e0 \u201cse<br \/>\nd\u00e9brouiller seule\u201d. Andrew, lui, semble mener le m\u00eame train de<br \/>\nvie qu\u2019avant, comme si rien n\u2019avait chang\u00e9. Les images ne montrent<br \/>\naucun signe de bouleversement imminent, mais son d\u00e9m\u00e9nagement reste<br \/>\nin\u00e9vitable. Pouss\u00e9 vers la sortie, il devra bient\u00f4t quitter<br \/>\nWindsor, o\u00f9 les nouveaux voisins (le prince William et Kate<br \/>\nMiddleton, <a href=\"https:\/\/www.closermag.fr\/royautes\/prince-andrew-expulse-de-la-famille-royale-cet-ultimatum-que-kate-et-william-lui-ont-pose-3589447\" target=\"_blank\" rel=\"noopener\"><br \/>\ninstall\u00e9s \u00e0 Forrest Lodge depuis d\u00e9but novembre<\/a>) ne semblent<br \/>\npas dispos\u00e9s \u00e0 composer avec son retour. Une page se referme, m\u00eame<br \/>\nsi l\u2019int\u00e9ress\u00e9, pour l\u2019instant, para\u00eet l\u2019ignorer encore.<\/p>\n","protected":false},"excerpt":{"rendered":"D\u00e9chu de tous ses titres, banni de Windsor et d\u00e9sormais simple Andrew Mountbatten-Windsor, le fr\u00e8re cadet du roi&hellip;\n","protected":false},"author":2,"featured_media":543288,"comment_status":"","ping_status":"","sticky":false,"template":"","format":"standard","meta":{"footnotes":""},"categories":[8],"tags":[10281,581,58,59,545,1011,27,66130,546,65861],"class_list":{"0":"post-543287","1":"post","2":"type-post","3":"status-publish","4":"format-standard","5":"has-post-thumbnail","7":"category-divertissement","8":"tag-buzz-nonli","9":"tag-charles-iii","10":"tag-divertissement","11":"tag-entertainment","12":"tag-famille-royale-britannique","13":"tag-fr","14":"tag-france","15":"tag-photos-choc","16":"tag-prince-andrew","17":"tag-trend"},"share_on_mastodon":{"url":"https:\/\/pubeurope.com\/@fr\/115572843924776638","error":""},"_links":{"self":[{"href":"https:\/\/www.europesays.com\/fr\/wp-json\/wp\/v2\/posts\/543287","targetHints":{"allow":["GET"]}}],"collection":[{"href":"https:\/\/www.europesays.com\/fr\/wp-json\/wp\/v2\/posts"}],"about":[{"href":"https:\/\/www.europesays.com\/fr\/wp-json\/wp\/v2\/types\/post"}],"author":[{"embeddable":true,"href":"https:\/\/www.europesays.com\/fr\/wp-json\/wp\/v2\/users\/2"}],"replies":[{"embeddable":true,"href":"https:\/\/www.europesays.com\/fr\/wp-json\/wp\/v2\/comments?post=543287"}],"version-history":[{"count":0,"href":"https:\/\/www.europesays.com\/fr\/wp-json\/wp\/v2\/posts\/543287\/revisions"}],"wp:featuredmedia":[{"embeddable":true,"href":"https:\/\/www.europesays.com\/fr\/wp-json\/wp\/v2\/media\/543288"}],"wp:attachment":[{"href":"https:\/\/www.europesays.com\/fr\/wp-json\/wp\/v2\/media?parent=543287"}],"wp:term":[{"taxonomy":"category","embeddable":true,"href":"https:\/\/www.europesays.com\/fr\/wp-json\/wp\/v2\/categories?post=543287"},{"taxonomy":"post_tag","embeddable":true,"href":"https:\/\/www.europesays.com\/fr\/wp-json\/wp\/v2\/tags?post=543287"}],"curies":[{"name":"wp","href":"https:\/\/api.w.org\/{rel}","templated":true}]}}