{"id":543291,"date":"2025-11-18T21:34:12","date_gmt":"2025-11-18T21:34:12","guid":{"rendered":"https:\/\/www.europesays.com\/fr\/543291\/"},"modified":"2025-11-18T21:34:12","modified_gmt":"2025-11-18T21:34:12","slug":"face-a-cnews-france-televisions-et-radio-france-portent-la-riposte-sur-le-terrain-judiciaire","status":"publish","type":"post","link":"https:\/\/www.europesays.com\/fr\/543291\/","title":{"rendered":"Face \u00e0 CNews, France T\u00e9l\u00e9visions et Radio France portent la riposte sur le terrain judiciaire"},"content":{"rendered":"\n<p class=\"article__paragraph  \">France T\u00e9l\u00e9visions et Radio France s\u2019en remettent d\u00e9sormais \u00e0 la justice. Les deux entreprises de l\u2019audiovisuel public ont saisi le tribunal de commerce, la semaine du 10\u00a0novembre, pour d\u00e9nigrement constitutif d\u2019une concurrence d\u00e9loyale envers CNews, Europe 1 et Le Journal du dimanche\u00a0\u2212\u00a0une information r\u00e9v\u00e9l\u00e9e par Le Figaro, que les deux groupes confirment.<\/p>\n<p>                              Lire aussi |  Article r\u00e9serv\u00e9 \u00e0 nos abonn\u00e9s  <a href=\"https:\/\/www.lemonde.fr\/economie\/article\/2025\/09\/08\/thomas-legrand-et-patrick-cohen-enregistres-a-leur-insu-une-polemique-qui-fragilise-l-audiovisuel-public_6639753_3234.html\" class=\"js-article-read-also catcher--favoris__link\" data-premium=\"1\" id=\"article-title-3437049\" rel=\"nofollow noopener\" target=\"_blank\">Thomas Legrand et Patrick Cohen enregistr\u00e9s \u00e0 leur insu\u00a0: une pol\u00e9mique qui fragilise l\u2019audiovisuel public<\/a>    <\/p>\n<p>   Lire plus tard  <\/p>\n<p class=\"article__paragraph  \">Le projet \u00e9tait en gestation depuis que, en septembre, les critiques venues des m\u00e9dias du groupe Bollor\u00e9 ont plu sans discontinuer, pendant plusieurs jours, dans un d\u00e9luge d\u2019une intensit\u00e9 exceptionnelle. La diffusion, par le m\u00e9dia d\u2019extr\u00eame droite en ligne L\u2019Incorrect, d\u2019une vid\u00e9o montrant deux journalistes de l\u2019audiovisuel public en conversation priv\u00e9e avec deux responsables du Parti socialiste (PS) avait fait office de d\u00e9clencheur.<\/p>\n<p class=\"article__paragraph  \">Sur l\u2019antenne de CNews, le pr\u00e9sentateur Pascal Praud, notamment, assumait d\u2019\u00eatre entr\u00e9 dans <a href=\"https:\/\/www.lemonde.fr\/economie\/article\/2025\/09\/13\/france-inter-cible-d-une-offensive-des-medias-de-bollore_6640700_3234.html\" rel=\"nofollow noopener\" target=\"_blank\">une \u00ab\u00a0bataille culturelle\u00a0\u00bb<\/a>. En portant leur riposte judiciaire sur le terrain commercial, France T\u00e9l\u00e9visions et Radio France font preuve de pragmatisme. Les deux entreprises semblent ainsi rappeler qu\u2019au-del\u00e0 de la promotion d\u2019un projet id\u00e9ologique, les m\u00e9dias du groupe Bollor\u00e9 ont un int\u00e9r\u00eat \u00e9conomique \u00e0 d\u00e9nigrer leurs confr\u00e8res du public. La cha\u00eene d\u2019information CNews est, en effet, une concurrente directe de Franceinfo (la t\u00e9l\u00e9vision), et Europe 1, station de radio g\u00e9n\u00e9raliste, une concurrente directe de France Inter.<\/p>\n<p>           \u00ab\u00a0Caract\u00e8re outrancier\u00a0\u00bb           <\/p>\n<p class=\"article__paragraph  \">Dans une lettre ouverte adress\u00e9e, en septembre, \u00e0 l\u2019Autorit\u00e9 de r\u00e9gulation de la communication audiovisuelle et num\u00e9rique (Arcom), Delphine Ernotte, la pr\u00e9sidente de France T\u00e9l\u00e9visions, et Sibyle Veil, la pr\u00e9sidente de Radio France, avaient d\u00e9nonc\u00e9 une \u00ab\u00a0campagne de d\u00e9nigrement\u00a0\u00bb. \u00ab\u00a0Le caract\u00e8re outrancier et d\u00e9s\u00e9quilibr\u00e9 de cette campagne, \u00e9tait-il \u00e9crit dans le courrier, d\u00e9passe d\u00e9sormais le simple d\u00e9bat d\u2019opinions\u00a0: il contribue \u00e0 miner la confiance dans l\u2019information de service public, \u00e0 relativiser la responsabilit\u00e9 de l\u2019acte d\u2019informer \u2013 qui suppose honn\u00eatet\u00e9 et rigueur \u2013 et, ce faisant, \u00e0 fragiliser la qualit\u00e9 du d\u00e9bat d\u00e9mocratique.\u00a0\u00bb L\u2019Arcom avait assimil\u00e9 cette interpellation \u00e0 une saisine, avant de se raviser, celle-ci n\u2019\u00e9tant pas formellement formul\u00e9e.<\/p>\n<p class=\"reading-mode-only \"><strong>Il vous reste 30.22% de cet article \u00e0 lire. La suite est r\u00e9serv\u00e9e aux abonn\u00e9s.<\/strong><\/p>\n","protected":false},"excerpt":{"rendered":"France T\u00e9l\u00e9visions et Radio France s\u2019en remettent d\u00e9sormais \u00e0 la justice. Les deux entreprises de l\u2019audiovisuel public ont&hellip;\n","protected":false},"author":2,"featured_media":508,"comment_status":"","ping_status":"","sticky":false,"template":"","format":"standard","meta":{"footnotes":""},"categories":[6],"tags":[35,33,34,1011,27],"class_list":{"0":"post-543291","1":"post","2":"type-post","3":"status-publish","4":"format-standard","5":"has-post-thumbnail","7":"category-economie","8":"tag-business","9":"tag-economie","10":"tag-economy","11":"tag-fr","12":"tag-france"},"share_on_mastodon":{"url":"https:\/\/pubeurope.com\/@fr\/115572851620363127","error":""},"_links":{"self":[{"href":"https:\/\/www.europesays.com\/fr\/wp-json\/wp\/v2\/posts\/543291","targetHints":{"allow":["GET"]}}],"collection":[{"href":"https:\/\/www.europesays.com\/fr\/wp-json\/wp\/v2\/posts"}],"about":[{"href":"https:\/\/www.europesays.com\/fr\/wp-json\/wp\/v2\/types\/post"}],"author":[{"embeddable":true,"href":"https:\/\/www.europesays.com\/fr\/wp-json\/wp\/v2\/users\/2"}],"replies":[{"embeddable":true,"href":"https:\/\/www.europesays.com\/fr\/wp-json\/wp\/v2\/comments?post=543291"}],"version-history":[{"count":0,"href":"https:\/\/www.europesays.com\/fr\/wp-json\/wp\/v2\/posts\/543291\/revisions"}],"wp:featuredmedia":[{"embeddable":true,"href":"https:\/\/www.europesays.com\/fr\/wp-json\/wp\/v2\/media\/508"}],"wp:attachment":[{"href":"https:\/\/www.europesays.com\/fr\/wp-json\/wp\/v2\/media?parent=543291"}],"wp:term":[{"taxonomy":"category","embeddable":true,"href":"https:\/\/www.europesays.com\/fr\/wp-json\/wp\/v2\/categories?post=543291"},{"taxonomy":"post_tag","embeddable":true,"href":"https:\/\/www.europesays.com\/fr\/wp-json\/wp\/v2\/tags?post=543291"}],"curies":[{"name":"wp","href":"https:\/\/api.w.org\/{rel}","templated":true}]}}