{"id":54330,"date":"2025-04-26T12:04:11","date_gmt":"2025-04-26T12:04:11","guid":{"rendered":"https:\/\/www.europesays.com\/fr\/54330\/"},"modified":"2025-04-26T12:04:11","modified_gmt":"2025-04-26T12:04:11","slug":"la-fresque-commemorant-le-naufrage-du-paquebot-lafrique-degradee-a-bordeaux","status":"publish","type":"post","link":"https:\/\/www.europesays.com\/fr\/54330\/","title":{"rendered":"La fresque comm\u00e9morant le naufrage du paquebot \u00ab\u00a0L&rsquo;Afrique\u00a0\u00bb d\u00e9grad\u00e9e \u00e0 Bordeaux"},"content":{"rendered":"<p class=\"wp-block-post-excerpt__excerpt\">Mise en place quai des Chartrons \u00e0 l\u2019initiative de l\u2019association M\u00e9moires et Partages, la fresque rendant hommage au naufrage du paquebot l\u2019Afrique, qui avait fait naufrage alors qu\u2019il transportait des Tirailleurs s\u00e9n\u00e9galais, a \u00e9t\u00e9 d\u00e9grad\u00e9e. <\/p>\n<p class=\"font-sans\">\n\t\t\tCet article est en acc\u00e8s libre. Pour soutenir Rue89Bordeaux,<br \/>\n\t\t\t<a class=\"underline\" href=\"https:\/\/rue89bordeaux.com\/abonnement\/\" target=\"_blank\" rel=\"noopener\">abonnez-vous<\/a>.\n\t\t<\/p>\n<p>Ismael Boisard<\/p>\n<p>Publi\u00e9 le 26 avril 2025\u00a0\u00a0\u00b7\u00a0\u00a0<\/p>\n<p>Imprim\u00e9 le 26 avril 2025 \u00e0 13h41\u00a0\u00a0\u00b7\u00a0\u00a0<\/p>\n<p>\t\t\t\t\t1\u00a0minute\n<\/p>\n<p>Lundi 21 avril, la secr\u00e9taire g\u00e9n\u00e9rale de l\u2019association M\u00e9moires et Partages, Clarisse Gomis, observe avec stupeur des d\u00e9gradations sur la fresque peinte en hommage aux tirailleurs s\u00e9n\u00e9galais quai des Chartrons. En effet, cette derni\u00e8re a \u00e9t\u00e9 partiellement recouverte d\u2019une peinture noire, selon l\u2019association :<\/p>\n<blockquote class=\"wp-block-quote is-layout-flow wp-block-quote-is-layout-flow\">\n<p>\u00ab\u00a0Nous sommes tristes et en col\u00e8re de voir cette fresque d\u00e9grad\u00e9e, dit-elle. Elle rend hommage aux tirailleurs qui se sont battus pour la France et dont on a pas parl\u00e9 pendant des ann\u00e9es. Cette d\u00e9gradation pi\u00e9tine la m\u00e9moire de ces personnes.\u00a0\u00bb <\/p>\n<\/blockquote>\n<p>\t\tPas de plainte d\u00e9pos\u00e9e<\/p>\n<p>Inaugur\u00e9e le 12 janvier 2023, la fresque \u00e9voque les 192 tirailleurs s\u00e9n\u00e9galais morts dans <a href=\"https:\/\/rue89bordeaux.com\/2020\/01\/les-568-naufrages-oublies-du-paquebot-afrique-parti-de-bordeaux-il-y-a-un-siecle\/\" target=\"_blank\" rel=\"noreferrer noopener\">le naufrage du paquebot \u00ab l\u2019Afrique \u00bb en 1920<\/a>, qui avec 568 victimes est le plus grand naufrage civil fran\u00e7ais. Ces soldats rentraient au S\u00e9n\u00e9gal apr\u00e8s avoir servi pendant la guerre. La fresque, peinte par le street artiste A-MO, repr\u00e9sente une baleine bleue nageant sous la silhouette du navire. Il s\u2019agit de la seule oeuvre fran\u00e7aise comm\u00e9morant cet \u00e9v\u00e9nement.<\/p>\n<blockquote class=\"wp-block-quote is-layout-flow wp-block-quote-is-layout-flow\">\n<p>\u00ab\u00a0On a propos\u00e9 \u00e0 A-MO de la remettre en \u00e9tat. On souhaite aussi que la mairie mette en place une signal\u00e9tique pour permettre \u00e0 chacun de savoir ce que repr\u00e9sente cette fresque\u00a0\u00bb, affirme Clarisse Gomis<\/p>\n<\/blockquote>\n<p>La d\u00e9gradation n\u2019a pas \u00e9t\u00e9 revendiqu\u00e9e, et l\u2019association a demand\u00e9 qu\u2019une enqu\u00eate soit ouverte \u00e0 partir des images de vid\u00e9osurveillances, sans avoir toutefois d\u00e9pos\u00e9 plainte \u00e0 ce stade. M\u00e9moires et Partages se souvient encore de la <a href=\"https:\/\/rue89bordeaux.com\/2021\/09\/statue-esclave-modeste-testas-ciblee-par-un-acte-de-vandalisme-raciste\/\" target=\"_blank\" rel=\"noopener\">d\u00e9gradation de la statue de Modeste Testa<\/a>s, recouverte d\u2019un liquide blanc le 14 septembre 2021. Le coupable, un \u00e9tudiant, avait assur\u00e9 avoir voulu faire un moulage de la statue.<\/p>\n","protected":false},"excerpt":{"rendered":"Mise en place quai des Chartrons \u00e0 l\u2019initiative de l\u2019association M\u00e9moires et Partages, la fresque rendant hommage au&hellip;\n","protected":false},"author":2,"featured_media":54331,"comment_status":"","ping_status":"","sticky":false,"template":"","format":"standard","meta":{"footnotes":""},"categories":[2817],"tags":[1111,11,1997,1777,674,1011,27,14877,1336,12,2219,25],"class_list":{"0":"post-54330","1":"post","2":"type-post","3":"status-publish","4":"format-standard","5":"has-post-thumbnail","7":"category-bordeaux","8":"tag-actu","9":"tag-actualites","10":"tag-bordeaux","11":"tag-eu","12":"tag-europe","13":"tag-fr","14":"tag-france","15":"tag-memoires-et-partages","16":"tag-naufrage","17":"tag-news","18":"tag-nouvelle-aquitaine","19":"tag-republique-francaise"},"share_on_mastodon":{"url":"https:\/\/pubeurope.com\/@fr\/114404174292260180","error":""},"_links":{"self":[{"href":"https:\/\/www.europesays.com\/fr\/wp-json\/wp\/v2\/posts\/54330","targetHints":{"allow":["GET"]}}],"collection":[{"href":"https:\/\/www.europesays.com\/fr\/wp-json\/wp\/v2\/posts"}],"about":[{"href":"https:\/\/www.europesays.com\/fr\/wp-json\/wp\/v2\/types\/post"}],"author":[{"embeddable":true,"href":"https:\/\/www.europesays.com\/fr\/wp-json\/wp\/v2\/users\/2"}],"replies":[{"embeddable":true,"href":"https:\/\/www.europesays.com\/fr\/wp-json\/wp\/v2\/comments?post=54330"}],"version-history":[{"count":0,"href":"https:\/\/www.europesays.com\/fr\/wp-json\/wp\/v2\/posts\/54330\/revisions"}],"wp:featuredmedia":[{"embeddable":true,"href":"https:\/\/www.europesays.com\/fr\/wp-json\/wp\/v2\/media\/54331"}],"wp:attachment":[{"href":"https:\/\/www.europesays.com\/fr\/wp-json\/wp\/v2\/media?parent=54330"}],"wp:term":[{"taxonomy":"category","embeddable":true,"href":"https:\/\/www.europesays.com\/fr\/wp-json\/wp\/v2\/categories?post=54330"},{"taxonomy":"post_tag","embeddable":true,"href":"https:\/\/www.europesays.com\/fr\/wp-json\/wp\/v2\/tags?post=54330"}],"curies":[{"name":"wp","href":"https:\/\/api.w.org\/{rel}","templated":true}]}}