{"id":543300,"date":"2025-11-18T21:39:16","date_gmt":"2025-11-18T21:39:16","guid":{"rendered":"https:\/\/www.europesays.com\/fr\/543300\/"},"modified":"2025-11-18T21:39:16","modified_gmt":"2025-11-18T21:39:16","slug":"coupe-de-france-ecotay-moingt-affrontera-lasse-a-geoffroy-guichard","status":"publish","type":"post","link":"https:\/\/www.europesays.com\/fr\/543300\/","title":{"rendered":"Coupe de France\u00a0: Ecotay-Moingt affrontera l\u2019ASSE\u2026 \u00e0 Geoffroy Guichard"},"content":{"rendered":"<p class=\"is-style-chapo\">Lors du 7\u00e8me tour de la Coupe de France, l\u2019Union Sportive Ecotay-Moingt l\u2019a emport\u00e9 face \u00e0 l\u2019Entente Nord Loz\u00e8re aux tirs au but. De ce fait, le 8\u00e8me tour opposera prochainement le club for\u00e9zien \u00e0 l\u2019AS Saint-Etienne. A cette occasion, les deux clubs ont formul\u00e9 une demande sp\u00e9ciale\u2026<\/p>\n<p><img fetchpriority=\"high\" decoding=\"async\" width=\"1024\" height=\"576\" src=\"https:\/\/www.europesays.com\/fr\/wp-content\/uploads\/2025\/11\/IMG_4883-1024x576.jpg\" alt=\"\" class=\"wp-image-70497\"  \/>Si elle aurait d\u00fb logiquement recevoir, l\u2019Union Sportive Ecotay-Moingt (Usem) affrontera bien l\u2019ASSE dans le Chaudron fin novembre. Un beau cadeau pour un derby entre amis. \u00a9JT\/ If Saint-Etienne<\/p>\n<p>Ils en r\u00eavaient. Ils l\u2019ont fait. Dimanche dernier, lors du 7\u00e8me <a href=\"https:\/\/www.fff.fr\/article\/15734-7e-tour-tous-les-resultats.html\" target=\"_blank\" rel=\"noreferrer noopener\">tour<\/a> de la Coupe de France de football, l\u2019Union Sportive Ecotay-Moingt, club de R\u00e9gional 3 (R3, 8e \u00e9chelon national), a gagn\u00e9 contre l\u2019Entente Nord Loz\u00e8re qui \u00e9volue au niveau sup\u00e9rieur (R2), apr\u00e8s une s\u00e9ance de tirs aux buts. Ainsi, lors du 8\u00e8me <a href=\"https:\/\/www.fff.fr\/article\/15767-toutes-les-affiches-du-8e-tour.html\" target=\"_blank\" rel=\"noreferrer noopener\">tour<\/a>, dans moins de deux semaines (week-end du samedi 29 novembre), <a href=\"https:\/\/www.foot-usem.com\/\" target=\"_blank\" rel=\"noreferrer noopener\">l\u2019Ecotay-Moingt<\/a> (ou Usem) affrontera <a href=\"https:\/\/www.if-saint-etienne.fr\/sports\/pour-ses-maillots-lasse-mise-sur-ses-supporters\" target=\"_blank\" rel=\"noreferrer noopener\">l\u2019ASSE<\/a>, pour un derby de la Loire inattendu.<\/p>\n<p>Rapidement, les deux clubs ont pris contact comme ils se trouvent tr\u00e8s proches g\u00e9ographiquement. Certes, la coutume veut que les matchs de Coupe de France se jouent chez le plus petit club, mais les joueurs d\u2019Ecotay-Moingt n\u2019ont pas cach\u00e9 leur d\u00e9sir de vivre une journ\u00e9e de footballeur professionnel en jouant cette rencontre \u00e0 Geoffroy Guichard.<\/p>\n<p>Samedi 29 novembre<\/p>\n<p>Comme les deux clubs \u00e9taient d\u2019accord, l\u2019organisation de la Coupe de France a accept\u00e9 de jouer la rencontre au stade Geoffroy Guichard, et l\u2019ASSE prendra en charge l\u2019organisation ainsi que les co\u00fbts li\u00e9s \u00e0 la mise en place de l\u2019\u00e9v\u00e9nement, le petit poucet n\u2019\u00e9tant pas en mesure de payer la location d\u2019une telle enceinte. Et les joueurs de <a href=\"https:\/\/www.foot-usem.com\/\" target=\"_blank\" rel=\"noreferrer noopener\">l\u2019Union Sportive Ecotay-Moingt<\/a> ont appris la nouvelle ce soir\u2026 malgr\u00e9 des fuites dans la presse. <\/p>\n<p>Alors que l\u2019entra\u00eeneur r\u00e9unissait les joueurs apr\u00e8s l\u2019entra\u00eenement, l\u2019ancien joueur Vert et actuel dirigeant Loic Perrin a fait irruption dans les vestiaires pour leur annoncer la nouvelle en personne. L\u2019heure de la rencontre devrait \u00eatre communiqu\u00e9e prochainement et, si l\u2019ASSE a fait en sorte que ce derby lig\u00e9rien se joue au Chaudron, l\u2019objectif pour les Verts reste de l\u2019emporter. L\u2019\u00e9quipe qui se qualifiera, acc\u00e8dera aux 32e de finales dans lesquelles la Ligue 1 entre et qui se joueront peu avant la tr\u00eave de No\u00ebl. <\/p>\n","protected":false},"excerpt":{"rendered":"Lors du 7\u00e8me tour de la Coupe de France, l\u2019Union Sportive Ecotay-Moingt l\u2019a emport\u00e9 face \u00e0 l\u2019Entente Nord&hellip;\n","protected":false},"author":2,"featured_media":543301,"comment_status":"","ping_status":"","sticky":false,"template":"","format":"standard","meta":{"footnotes":""},"categories":[9653],"tags":[1111,11,444,461,2430,83,66131,1777,674,1011,27,12,25,4001,7499,9841],"class_list":{"0":"post-543300","1":"post","2":"type-post","3":"status-publish","4":"format-standard","5":"has-post-thumbnail","7":"category-saint-etienne","8":"tag-actu","9":"tag-actualites","10":"tag-as-saint-etienne","11":"tag-asse","12":"tag-auvergne-rhone-alpes","13":"tag-coupe-de-france","14":"tag-ecotay-moingt","15":"tag-eu","16":"tag-europe","17":"tag-fr","18":"tag-france","19":"tag-news","20":"tag-republique-francaise","21":"tag-saint-etienne","22":"tag-sportif","23":"tag-stade-geoffroy-guichard"},"share_on_mastodon":{"url":"https:\/\/pubeurope.com\/@fr\/115572872445054348","error":""},"_links":{"self":[{"href":"https:\/\/www.europesays.com\/fr\/wp-json\/wp\/v2\/posts\/543300","targetHints":{"allow":["GET"]}}],"collection":[{"href":"https:\/\/www.europesays.com\/fr\/wp-json\/wp\/v2\/posts"}],"about":[{"href":"https:\/\/www.europesays.com\/fr\/wp-json\/wp\/v2\/types\/post"}],"author":[{"embeddable":true,"href":"https:\/\/www.europesays.com\/fr\/wp-json\/wp\/v2\/users\/2"}],"replies":[{"embeddable":true,"href":"https:\/\/www.europesays.com\/fr\/wp-json\/wp\/v2\/comments?post=543300"}],"version-history":[{"count":0,"href":"https:\/\/www.europesays.com\/fr\/wp-json\/wp\/v2\/posts\/543300\/revisions"}],"wp:featuredmedia":[{"embeddable":true,"href":"https:\/\/www.europesays.com\/fr\/wp-json\/wp\/v2\/media\/543301"}],"wp:attachment":[{"href":"https:\/\/www.europesays.com\/fr\/wp-json\/wp\/v2\/media?parent=543300"}],"wp:term":[{"taxonomy":"category","embeddable":true,"href":"https:\/\/www.europesays.com\/fr\/wp-json\/wp\/v2\/categories?post=543300"},{"taxonomy":"post_tag","embeddable":true,"href":"https:\/\/www.europesays.com\/fr\/wp-json\/wp\/v2\/tags?post=543300"}],"curies":[{"name":"wp","href":"https:\/\/api.w.org\/{rel}","templated":true}]}}