{"id":543302,"date":"2025-11-18T21:40:36","date_gmt":"2025-11-18T21:40:36","guid":{"rendered":"https:\/\/www.europesays.com\/fr\/543302\/"},"modified":"2025-11-18T21:40:36","modified_gmt":"2025-11-18T21:40:36","slug":"nancy-concert-fave","status":"publish","type":"post","link":"https:\/\/www.europesays.com\/fr\/543302\/","title":{"rendered":"NANCY > CONCERT > FAV\u00c9"},"content":{"rendered":"<p>Fav\u00e9 embrase l\u2019autre canal : un concert \u00ab\u00a0pleins phares\u00a0\u00bb \u00e0 Nancy<\/p>\n<p><a href=\"https:\/\/www.info-lux.com\/wp-content\/uploads\/2025\/11\/IMG_3336-scaled.jpeg\" target=\"_blank\" rel=\"noopener\"><img loading=\"lazy\" decoding=\"async\" width=\"1024\" height=\"683\" src=\"https:\/\/www.europesays.com\/fr\/wp-content\/uploads\/2025\/11\/IMG_3336-1024x683.jpeg\" alt=\"\" class=\"wp-image-1524588\"\/><\/a><\/p>\n<p class=\"has-medium-font-size\">Le 7 novembre, L\u2019Autre Canal affichait presque complet pour accueillir Fav\u00e9, figure montante de la sc\u00e8ne rap fran\u00e7aise. Port\u00e9 par le succ\u00e8s fulgurant de son album Pleins Phares, l\u2019artiste a offert un show dense, vivant et g\u00e9n\u00e9reux, confirmant une nouvelle fois qu\u2019il poss\u00e8de d\u00e9j\u00e0 l\u2019assurance d\u2019un grand.<\/p>\n<p>Une sc\u00e9nographie moderne et immersive.<\/p>\n<p><a href=\"https:\/\/www.info-lux.com\/wp-content\/uploads\/2025\/11\/IMG_3322-scaled.jpeg\" target=\"_blank\" rel=\"noopener\"><img loading=\"lazy\" decoding=\"async\" width=\"683\" height=\"1024\" data-id=\"1524592\" src=\"https:\/\/www.europesays.com\/fr\/wp-content\/uploads\/2025\/11\/IMG_3322-683x1024.jpeg\" alt=\"\" class=\"wp-image-1524592\"\/><\/a><\/p>\n<p><a href=\"https:\/\/www.info-lux.com\/wp-content\/uploads\/2025\/11\/IMG_3327-scaled.jpeg\" target=\"_blank\" rel=\"noopener\"><img loading=\"lazy\" decoding=\"async\" width=\"683\" height=\"1024\" data-id=\"1524591\" src=\"https:\/\/www.europesays.com\/fr\/wp-content\/uploads\/2025\/11\/IMG_3327-683x1024.jpeg\" alt=\"\" class=\"wp-image-1524591\"\/><\/a><\/p>\n<p><a href=\"https:\/\/www.info-lux.com\/wp-content\/uploads\/2025\/11\/IMG_3335-scaled.jpeg\" target=\"_blank\" rel=\"noopener\"><img loading=\"lazy\" decoding=\"async\" width=\"683\" height=\"1024\" data-id=\"1524581\" src=\"https:\/\/www.europesays.com\/fr\/wp-content\/uploads\/2025\/11\/IMG_3335-683x1024.jpeg\" alt=\"\" class=\"wp-image-1524581\"\/><\/a><br \/>\nNANCY &gt; CONCERT &gt; FAV\u00c9<\/p>\n<p class=\"has-medium-font-size\">D\u00e8s les premi\u00e8res notes, un d\u00e9tail frappe : la sc\u00e9nographie. Loin d\u2019un simple jeu de lumi\u00e8res, Fav\u00e9 propose une mise en sc\u00e8ne visuelle travaill\u00e9e, construite autour d\u2019\u00e9crans diffusant des images inspir\u00e9es de son univers. Routes nocturnes, reflets de phares, \u00e9clats \u00e9lectriques\u2026 Les visuels suivent les ambiances du nouvel album et donnent une dimension cin\u00e9matographique au concert.<\/p>\n<p class=\"has-medium-font-size\">Les jeux de lumi\u00e8re, eux, alternent entre des flashs rapides qui dynamisent les morceaux les plus \u00e9nergiques, et des teintes plus chaudes lorsqu\u2019il se livre davantage. L\u2019ensemble est fluide, coh\u00e9rent, pens\u00e9 pour amplifier chaque titre.<\/p>\n<p>Fav\u00e9 : \u00e9nergie brute et proximit\u00e9.<\/p>\n<p><a href=\"https:\/\/www.info-lux.com\/wp-content\/uploads\/2025\/11\/IMG_3325-scaled.jpeg\" target=\"_blank\" rel=\"noopener\"><img loading=\"lazy\" decoding=\"async\" width=\"683\" height=\"1024\" data-id=\"1524597\" src=\"https:\/\/www.europesays.com\/fr\/wp-content\/uploads\/2025\/11\/IMG_3325-683x1024.jpeg\" alt=\"\" class=\"wp-image-1524597\"\/><\/a><\/p>\n<p><a href=\"https:\/\/www.info-lux.com\/wp-content\/uploads\/2025\/11\/IMG_3331-scaled.jpeg\" target=\"_blank\" rel=\"noopener\"><img loading=\"lazy\" decoding=\"async\" width=\"683\" height=\"1024\" data-id=\"1524589\" src=\"https:\/\/www.europesays.com\/fr\/wp-content\/uploads\/2025\/11\/IMG_3331-683x1024.jpeg\" alt=\"\" class=\"wp-image-1524589\"\/><\/a><\/p>\n<p><a href=\"https:\/\/www.info-lux.com\/wp-content\/uploads\/2025\/11\/IMG_3338-scaled.jpeg\" target=\"_blank\" rel=\"noopener\"><img loading=\"lazy\" decoding=\"async\" width=\"683\" height=\"1024\" data-id=\"1524584\" src=\"https:\/\/www.europesays.com\/fr\/wp-content\/uploads\/2025\/11\/IMG_3338-683x1024.jpeg\" alt=\"\" class=\"wp-image-1524584\"\/><\/a><br \/>\nNANCY &gt; CONCERT &gt; FAV\u00c9<\/p>\n<p class=\"has-medium-font-size\">Sur sc\u00e8ne, Fav\u00e9 n\u2019a rien perdu de son \u00e9nergie : flow pr\u00e9cis, d\u00e9placements constants, interaction directe avec la foule. Le public nanc\u00e9ien, d\u00e9j\u00e0 chauff\u00e9 d\u00e8s les premi\u00e8res minutes, accompagne chaque refrain, chaque gimmick, cr\u00e9ant une atmosph\u00e8re complice qui ne retombera jamais.<\/p>\n<p class=\"has-medium-font-size\">Entre deux morceaux, l\u2019artiste prend le temps de s\u2019adresser \u00e0 la salle, remerciant un public \u00ab toujours pr\u00e9sent dans l\u2019Est \u00bb. Cette proximit\u00e9 renforce le sentiment d\u2019assister \u00e0 un moment authentique, o\u00f9 l\u2019artiste \u00e9volue sans filtre.<\/p>\n<p>Un concert qui confirme son ascension.<\/p>\n<p class=\"has-medium-font-size\">Les titres phares de Pleins Phares r\u00e9sonnent particuli\u00e8rement fort dans l\u2019acoustique de L\u2019Autre Canal. Qu\u2019il s\u2019agisse des morceaux introspectifs ou des bangers calibr\u00e9s pour la sc\u00e8ne, Fav\u00e9 montre une aisance vocale solide et une pr\u00e9sence sc\u00e9nique en pleine maturit\u00e9. Le public, lui, r\u00e9pond instantan\u00e9ment, transformant la salle en un v\u00e9ritable \u00e9cho vivant de son univers musical.<\/p>\n<p class=\"has-medium-font-size\">On sent que l\u2019artiste franchit une \u00e9tape : celle o\u00f9 la sc\u00e8ne devient un terrain de jeu naturel, et o\u00f9 son identit\u00e9 se pr\u00e9cise.<\/p>\n<p>Une date r\u00e9ussie \u00e0 tous les niveaux<\/p>\n<p class=\"has-medium-font-size\">Le concert se termine sur une vague d\u2019applaudissements nourris, preuve que Fav\u00e9 a largement conquis Nancy. Entre sc\u00e9nographie moderne, images percutantes et prestation \u00e9nergique, cette soir\u00e9e s\u2019inscrit comme l\u2019une des belles r\u00e9ussites de la rentr\u00e9e musicale \u00e0 L\u2019Autre Canal.<\/p>\n<p class=\"has-medium-font-size\">Fav\u00e9 poursuit sa route \u00ab pleins phares \u00bb, et tout indique qu\u2019elle sera encore longue. L\u2019Accor Arena, le 5 avril prochain annonce un concert avec beaucoup de surprises et d\u2019invit\u00e9s.<\/p>\n<p class=\"has-medium-font-size\">Photographe \u2013 Journaliste : MrzPicture<\/p>\n<p>PHOTOS &gt; NANCY &gt; CONCERT &gt; FAV\u00c9<\/p>\n<p><a href=\"https:\/\/www.info-lux.com\/wp-content\/uploads\/2025\/11\/IMG_3330-scaled.jpeg\" target=\"_blank\" rel=\"noopener\"><img loading=\"lazy\" decoding=\"async\" width=\"683\" height=\"1024\" data-id=\"1524598\" src=\"https:\/\/www.europesays.com\/fr\/wp-content\/uploads\/2025\/11\/IMG_3330-683x1024.jpeg\" alt=\"\" class=\"wp-image-1524598\"\/><\/a><\/p>\n<p><a href=\"https:\/\/www.info-lux.com\/wp-content\/uploads\/2025\/11\/IMG_3325-scaled.jpeg\" target=\"_blank\" rel=\"noopener\"><img loading=\"lazy\" decoding=\"async\" width=\"683\" height=\"1024\" data-id=\"1524597\" src=\"https:\/\/www.europesays.com\/fr\/wp-content\/uploads\/2025\/11\/IMG_3325-683x1024.jpeg\" alt=\"\" class=\"wp-image-1524597\"\/><\/a><\/p>\n<p><a href=\"https:\/\/www.info-lux.com\/wp-content\/uploads\/2025\/11\/IMG_3324-scaled.jpeg\" target=\"_blank\" rel=\"noopener\"><img loading=\"lazy\" decoding=\"async\" width=\"1024\" height=\"683\" data-id=\"1524596\" src=\"https:\/\/www.europesays.com\/fr\/wp-content\/uploads\/2025\/11\/IMG_3324-1024x683.jpeg\" alt=\"\" class=\"wp-image-1524596\"\/><\/a><\/p>\n<p><a href=\"https:\/\/www.info-lux.com\/wp-content\/uploads\/2025\/11\/IMG_3329-scaled.jpeg\" target=\"_blank\" rel=\"noopener\"><img loading=\"lazy\" decoding=\"async\" width=\"683\" height=\"1024\" data-id=\"1524595\" src=\"https:\/\/www.europesays.com\/fr\/wp-content\/uploads\/2025\/11\/IMG_3329-683x1024.jpeg\" alt=\"\" class=\"wp-image-1524595\"\/><\/a><\/p>\n<p><a href=\"https:\/\/www.info-lux.com\/wp-content\/uploads\/2025\/11\/IMG_3328-scaled.jpeg\" target=\"_blank\" rel=\"noopener\"><img loading=\"lazy\" decoding=\"async\" width=\"1024\" height=\"683\" data-id=\"1524594\" src=\"https:\/\/www.europesays.com\/fr\/wp-content\/uploads\/2025\/11\/IMG_3328-1024x683.jpeg\" alt=\"\" class=\"wp-image-1524594\"\/><\/a><\/p>\n<p><a href=\"https:\/\/www.info-lux.com\/wp-content\/uploads\/2025\/11\/IMG_3331-scaled.jpeg\" target=\"_blank\" rel=\"noopener\"><img loading=\"lazy\" decoding=\"async\" width=\"683\" height=\"1024\" data-id=\"1524589\" src=\"https:\/\/www.europesays.com\/fr\/wp-content\/uploads\/2025\/11\/IMG_3331-683x1024.jpeg\" alt=\"\" class=\"wp-image-1524589\"\/><\/a><\/p>\n<p><a href=\"https:\/\/www.info-lux.com\/wp-content\/uploads\/2025\/11\/IMG_3326-scaled.jpeg\" target=\"_blank\" rel=\"noopener\"><img loading=\"lazy\" decoding=\"async\" width=\"683\" height=\"1024\" data-id=\"1524590\" src=\"https:\/\/www.europesays.com\/fr\/wp-content\/uploads\/2025\/11\/IMG_3326-683x1024.jpeg\" alt=\"\" class=\"wp-image-1524590\"\/><\/a><\/p>\n<p><a href=\"https:\/\/www.info-lux.com\/wp-content\/uploads\/2025\/11\/IMG_3327-scaled.jpeg\" target=\"_blank\" rel=\"noopener\"><img loading=\"lazy\" decoding=\"async\" width=\"683\" height=\"1024\" data-id=\"1524591\" src=\"https:\/\/www.europesays.com\/fr\/wp-content\/uploads\/2025\/11\/IMG_3327-683x1024.jpeg\" alt=\"\" class=\"wp-image-1524591\"\/><\/a><\/p>\n<p><a href=\"https:\/\/www.info-lux.com\/wp-content\/uploads\/2025\/11\/IMG_3322-scaled.jpeg\" target=\"_blank\" rel=\"noopener\"><img loading=\"lazy\" decoding=\"async\" width=\"683\" height=\"1024\" data-id=\"1524592\" src=\"https:\/\/www.europesays.com\/fr\/wp-content\/uploads\/2025\/11\/IMG_3322-683x1024.jpeg\" alt=\"\" class=\"wp-image-1524592\"\/><\/a><\/p>\n<p><a href=\"https:\/\/www.info-lux.com\/wp-content\/uploads\/2025\/11\/IMG_3323-scaled.jpeg\" target=\"_blank\" rel=\"noopener\"><img loading=\"lazy\" decoding=\"async\" width=\"1024\" height=\"683\" data-id=\"1524593\" src=\"https:\/\/www.europesays.com\/fr\/wp-content\/uploads\/2025\/11\/IMG_3323-1024x683.jpeg\" alt=\"\" class=\"wp-image-1524593\"\/><\/a><\/p>\n<p><a href=\"https:\/\/www.info-lux.com\/wp-content\/uploads\/2025\/11\/IMG_3336-scaled.jpeg\" target=\"_blank\" rel=\"noopener\"><img loading=\"lazy\" decoding=\"async\" width=\"1024\" height=\"683\" data-id=\"1524588\" src=\"https:\/\/www.europesays.com\/fr\/wp-content\/uploads\/2025\/11\/IMG_3336-1024x683.jpeg\" alt=\"\" class=\"wp-image-1524588\"\/><\/a><\/p>\n<p><a href=\"https:\/\/www.info-lux.com\/wp-content\/uploads\/2025\/11\/IMG_3339-scaled.jpeg\" target=\"_blank\" rel=\"noopener\"><img loading=\"lazy\" decoding=\"async\" width=\"1024\" height=\"683\" data-id=\"1524583\" src=\"https:\/\/www.europesays.com\/fr\/wp-content\/uploads\/2025\/11\/IMG_3339-1024x683.jpeg\" alt=\"\" class=\"wp-image-1524583\"\/><\/a><\/p>\n<p><a href=\"https:\/\/www.info-lux.com\/wp-content\/uploads\/2025\/11\/IMG_3334-scaled.jpeg\" target=\"_blank\" rel=\"noopener\"><img loading=\"lazy\" decoding=\"async\" width=\"683\" height=\"1024\" data-id=\"1524582\" src=\"https:\/\/www.europesays.com\/fr\/wp-content\/uploads\/2025\/11\/IMG_3334-683x1024.jpeg\" alt=\"\" class=\"wp-image-1524582\"\/><\/a><\/p>\n<p><a href=\"https:\/\/www.info-lux.com\/wp-content\/uploads\/2025\/11\/IMG_3337.jpeg\" target=\"_blank\" rel=\"noopener\"><img loading=\"lazy\" decoding=\"async\" width=\"683\" height=\"1024\" data-id=\"1524587\" src=\"https:\/\/www.europesays.com\/fr\/wp-content\/uploads\/2025\/11\/IMG_3337-683x1024.jpeg\" alt=\"\" class=\"wp-image-1524587\"\/><\/a><\/p>\n<p><a href=\"https:\/\/www.info-lux.com\/wp-content\/uploads\/2025\/11\/IMG_3332-scaled.jpeg\" target=\"_blank\" rel=\"noopener\"><img loading=\"lazy\" decoding=\"async\" width=\"1024\" height=\"683\" data-id=\"1524586\" src=\"https:\/\/www.europesays.com\/fr\/wp-content\/uploads\/2025\/11\/IMG_3332-1024x683.jpeg\" alt=\"\" class=\"wp-image-1524586\"\/><\/a><\/p>\n<p><a href=\"https:\/\/www.info-lux.com\/wp-content\/uploads\/2025\/11\/IMG_3335-scaled.jpeg\" target=\"_blank\" rel=\"noopener\"><img loading=\"lazy\" decoding=\"async\" width=\"683\" height=\"1024\" data-id=\"1524581\" src=\"https:\/\/www.europesays.com\/fr\/wp-content\/uploads\/2025\/11\/IMG_3335-683x1024.jpeg\" alt=\"\" class=\"wp-image-1524581\"\/><\/a><\/p>\n<p><a href=\"https:\/\/www.info-lux.com\/wp-content\/uploads\/2025\/11\/IMG_3340-scaled.jpeg\" target=\"_blank\" rel=\"noopener\"><img loading=\"lazy\" decoding=\"async\" width=\"683\" height=\"1024\" data-id=\"1524580\" src=\"https:\/\/www.europesays.com\/fr\/wp-content\/uploads\/2025\/11\/IMG_3340-683x1024.jpeg\" alt=\"\" class=\"wp-image-1524580\"\/><\/a><\/p>\n<p><a href=\"https:\/\/www.info-lux.com\/wp-content\/uploads\/2025\/11\/IMG_3333.jpeg\" target=\"_blank\" rel=\"noopener\"><img loading=\"lazy\" decoding=\"async\" width=\"1024\" height=\"683\" data-id=\"1524585\" src=\"https:\/\/www.europesays.com\/fr\/wp-content\/uploads\/2025\/11\/IMG_3333-1024x683.jpeg\" alt=\"\" class=\"wp-image-1524585\"\/><\/a><br \/>\nNANCY &gt; CONCERT &gt; FAV\u00c9<\/p>\n","protected":false},"excerpt":{"rendered":"Fav\u00e9 embrase l\u2019autre canal : un concert \u00ab\u00a0pleins phares\u00a0\u00bb \u00e0 Nancy Le 7 novembre, L\u2019Autre Canal affichait presque&hellip;\n","protected":false},"author":2,"featured_media":543303,"comment_status":"","ping_status":"","sticky":false,"template":"","format":"standard","meta":{"footnotes":""},"categories":[9635],"tags":[1111,11,1697,1777,674,1011,27,775,19085,873,1702,12,2189,3616,25],"class_list":{"0":"post-543302","1":"post","2":"type-post","3":"status-publish","4":"format-standard","5":"has-post-thumbnail","7":"category-nancy","8":"tag-actu","9":"tag-actualites","10":"tag-concert","11":"tag-eu","12":"tag-europe","13":"tag-fr","14":"tag-france","15":"tag-grand-est","16":"tag-lautre-canal","17":"tag-musique","18":"tag-nancy","19":"tag-news","20":"tag-photos","21":"tag-rap","22":"tag-republique-francaise"},"share_on_mastodon":{"url":"https:\/\/pubeurope.com\/@fr\/115572877280665945","error":""},"_links":{"self":[{"href":"https:\/\/www.europesays.com\/fr\/wp-json\/wp\/v2\/posts\/543302","targetHints":{"allow":["GET"]}}],"collection":[{"href":"https:\/\/www.europesays.com\/fr\/wp-json\/wp\/v2\/posts"}],"about":[{"href":"https:\/\/www.europesays.com\/fr\/wp-json\/wp\/v2\/types\/post"}],"author":[{"embeddable":true,"href":"https:\/\/www.europesays.com\/fr\/wp-json\/wp\/v2\/users\/2"}],"replies":[{"embeddable":true,"href":"https:\/\/www.europesays.com\/fr\/wp-json\/wp\/v2\/comments?post=543302"}],"version-history":[{"count":0,"href":"https:\/\/www.europesays.com\/fr\/wp-json\/wp\/v2\/posts\/543302\/revisions"}],"wp:featuredmedia":[{"embeddable":true,"href":"https:\/\/www.europesays.com\/fr\/wp-json\/wp\/v2\/media\/543303"}],"wp:attachment":[{"href":"https:\/\/www.europesays.com\/fr\/wp-json\/wp\/v2\/media?parent=543302"}],"wp:term":[{"taxonomy":"category","embeddable":true,"href":"https:\/\/www.europesays.com\/fr\/wp-json\/wp\/v2\/categories?post=543302"},{"taxonomy":"post_tag","embeddable":true,"href":"https:\/\/www.europesays.com\/fr\/wp-json\/wp\/v2\/tags?post=543302"}],"curies":[{"name":"wp","href":"https:\/\/api.w.org\/{rel}","templated":true}]}}